{"id":97246,"date":"2019-12-10T20:01:50","date_gmt":"2019-12-10T18:01:50","guid":{"rendered":"http:\/\/www.tucomarca.com\/wordpress\/segunda\/?p=97246"},"modified":"2019-12-10T20:01:59","modified_gmt":"2019-12-10T18:01:59","slug":"labora-realitza-un-forum-docupacio-a-requena-amb-mes-de-60-ofertes-de-treball-i-tallers-practics-per-a-la-recerca-de-feina","status":"publish","type":"post","link":"https:\/\/tucomarca.whitekongsoftware.com\/ca\/labora-realitza-un-forum-docupacio-a-requena-amb-mes-de-60-ofertes-de-treball-i-tallers-practics-per-a-la-recerca-de-feina\/","title":{"rendered":"Labora realitza un f\u00f2rum d&#8217;ocupaci\u00f3 a Requena amb m\u00e9s de 60 ofertes de treball i tallers pr\u00e0ctics per a la recerca de feina"},"content":{"rendered":"\n<p class=\"wp-block-paragraph\">El f\u00f2rum #ConnectaLabora arriba aquest mi\u00e9rcolesa Requena amb 11 empreses participants i 60 ofertes de treball. L&#8217;esdeveniment, organitzat pel Servei Valenci\u00e0 d&#8217;Ocupaci\u00f3 i Formaci\u00f3, Labora, en col\u00b7laboraci\u00f3 amb els Pactes Territorials, neix amb la finalitat de facilitar a la ciutadania la recerca de feina. Fins al moment, s&#8217;han inscrit aproximadament 500 persones per participar-hi.<\/p>\n\n\n\n<p class=\"wp-block-paragraph\">L&#8217;esdeveniment s&#8217;emmarca dins de la iniciativa #ConectaLabora, amb la qual Labora est\u00e0 portant f\u00f2rums d&#8217;ocupaci\u00f3 a municipis de tota la Comunitat Valenciana per apropar els serveis p\u00fablics d&#8217;ocupaci\u00f3 a tota la ciutadania.<\/p>\n\n\n\n<p class=\"wp-block-paragraph\">Aquest projecte neix de la necessitat d&#8217;intercanviar opinions i experi\u00e8ncies sobre les necessitats de l&#8217;mercat de treball i el seu prop\u00f2sit \u00e9s contribuir a la millora de les pol\u00edtiques d&#8217;ocupaci\u00f3.<\/p>\n\n\n\n<p class=\"wp-block-paragraph\">Els f\u00f2rums #ConnectaLabora tenen tres objectius: dotar d&#8217;eines de millora de l&#8217;ocupabilitat a les persones en recerca activa de feina a la Comunitat, posar-les en contacte amb les empreses que necessiten treballadors i, finalment, divulgar els serveis de Laboratori i els recursos p\u00fablics de les administracions valencianes.<\/p>\n\n\n\n<p class=\"wp-block-paragraph\">Continguts i activitats a Requena<\/p>\n\n\n\n<p class=\"wp-block-paragraph\">El F\u00f2rum #ConnectaLabora de Requena se celebra aquest 11 de desembre al Recinte Firal i ser\u00e0 inaugurat per la directora general de Planificaci\u00f3 i Serveis de Laboratori, Eva Hern\u00e1ndez, i per l&#8217;alcalde de Requena, Mario S\u00e1nchez.<\/p>\n\n\n\n<p class=\"wp-block-paragraph\">El f\u00f2rum comptar\u00e0 amb tallers, confer\u00e8ncies, xerrades informatives, una zona d&#8217;estands, una altra per a realitzar entrevistes de treball i un espai de &#8216;networking&#8217;. Les confer\u00e8ncies i xerrades seran sessions informatives sobre nous sectors generadors d&#8217;ocupaci\u00f3, el futur de la feina, l&#8217;impacte de la ind\u00fastria 4.0 i la revoluci\u00f3 tecnol\u00f2gica, etc.<\/p>\n\n\n\n<p class=\"wp-block-paragraph\">L&#8217;espai per a la celebraci\u00f3 d&#8217;entrevistes permetr\u00e0 que les persones assistents poden presentar les seves candidatures a diverses empreses en el mateix dia. Mentre que a la zona d&#8217;estands hi haur\u00e0 personal t\u00e8cnic per atendre les consultes de les persones participants i revisar els seus curr\u00edculums, informar d&#8217;on poden trobar ofertes d&#8217;ocupaci\u00f3, etc.<\/p>\n\n\n\n<p class=\"wp-block-paragraph\">Aix\u00ed mateix, en l&#8217;espai de &#8216;networking&#8217; es facilitar\u00e0 la construcci\u00f3 d&#8217;una xarxa de contacte entre les persones assistents que els ajudi a generar oportunitats laborals.<\/p>\n\n\n\n<p class=\"wp-block-paragraph\">En un format din\u00e0mic es realitzaran els tallers TIC, amb sessions de 30 minuts sobre &#8216;Fes el teu CV i carta de presentaci\u00f3&#8217;, &#8216;Recerca d&#8217;ocupaci\u00f3 a Internet&#8217;, &#8216;Construeix el teu perfil a LinkedIn&#8217; o &#8216;Completa el teu perfil a GVAJobs&#8217;.<\/p>\n\n\n\n<p class=\"wp-block-paragraph\">Tamb\u00e9 tindran lloc masterclass i workshops sobre compet\u00e8ncies espec\u00edfiques, emprenedoria, marca personal, etc. Alguns dels temes que tractaran s\u00f3n &#8216;Estrat\u00e8gies Clau per millorar la teva ocupabilitat&#8217; i &#8216;Presenta&#8217;t en dos minuts de manera efica\u00e7&#8217;, entre d&#8217;altres.<\/p>\n","protected":false},"excerpt":{"rendered":"<div class=\"mh-excerpt\">El f\u00f2rum #ConnectaLabora arriba aquest mi\u00e9rcolesa Requena amb 11 empreses participants i 60 ofertes de treball. L&#8217;esdeveniment, organitzat pel Servei Valenci\u00e0 d&#8217;Ocupaci\u00f3 i Formaci\u00f3, Labora, en col\u00b7laboraci\u00f3 amb els Pactes Territorials, neix amb la finalitat <a class=\"mh-excerpt-more\" href=\"https:\/\/tucomarca.whitekongsoftware.com\/ca\/labora-realitza-un-forum-docupacio-a-requena-amb-mes-de-60-ofertes-de-treball-i-tallers-practics-per-a-la-recerca-de-feina\/\" title=\"Labora realitza un f\u00f2rum d&#8217;ocupaci\u00f3 a Requena amb m\u00e9s de 60 ofertes de treball i tallers pr\u00e0ctics per a la recerca de feina\">[+] <\/a><\/div>\n","protected":false},"author":1,"featured_media":94849,"comment_status":"open","ping_status":"open","sticky":false,"template":"","format":"standard","meta":{"footnotes":""},"categories":[11019,10948,10894,10908,10909,10896],"tags":[10910,10387],"class_list":["post-97246","post","type-post","status-publish","format-standard","has-post-thumbnail","category-agenda-ca","category-infraestructuras-ca","category-la-comarca-ca","category-requena-ca","category-requena-utiel-ca","category-seccion-ca","tag-requena-utiel-ca","tag-requena-utiel"],"_links":{"self":[{"href":"https:\/\/tucomarca.whitekongsoftware.com\/ca\/wp-json\/wp\/v2\/posts\/97246","targetHints":{"allow":["GET"]}}],"collection":[{"href":"https:\/\/tucomarca.whitekongsoftware.com\/ca\/wp-json\/wp\/v2\/posts"}],"about":[{"href":"https:\/\/tucomarca.whitekongsoftware.com\/ca\/wp-json\/wp\/v2\/types\/post"}],"author":[{"embeddable":true,"href":"https:\/\/tucomarca.whitekongsoftware.com\/ca\/wp-json\/wp\/v2\/users\/1"}],"replies":[{"embeddable":true,"href":"https:\/\/tucomarca.whitekongsoftware.com\/ca\/wp-json\/wp\/v2\/comments?post=97246"}],"version-history":[{"count":0,"href":"https:\/\/tucomarca.whitekongsoftware.com\/ca\/wp-json\/wp\/v2\/posts\/97246\/revisions"}],"wp:featuredmedia":[{"embeddable":true,"href":"https:\/\/tucomarca.whitekongsoftware.com\/ca\/wp-json\/wp\/v2\/media\/94849"}],"wp:attachment":[{"href":"https:\/\/tucomarca.whitekongsoftware.com\/ca\/wp-json\/wp\/v2\/media?parent=97246"}],"wp:term":[{"taxonomy":"category","embeddable":true,"href":"https:\/\/tucomarca.whitekongsoftware.com\/ca\/wp-json\/wp\/v2\/categories?post=97246"},{"taxonomy":"post_tag","embeddable":true,"href":"https:\/\/tucomarca.whitekongsoftware.com\/ca\/wp-json\/wp\/v2\/tags?post=97246"}],"curies":[{"name":"wp","href":"https:\/\/api.w.org\/{rel}","templated":true}]}}