{"id":97238,"date":"2019-12-10T19:47:31","date_gmt":"2019-12-10T17:47:31","guid":{"rendered":"http:\/\/www.tucomarca.com\/wordpress\/segunda\/?p=97238"},"modified":"2019-12-10T19:47:40","modified_gmt":"2019-12-10T17:47:40","slug":"riba-roja-lunic-municipi-valencia-que-opta-a-el-premi-fulla-verda-deuropa-al-costat-daltres-17-ciutats-per-la-seua-gestio-en-medi-ambient","status":"publish","type":"post","link":"https:\/\/tucomarca.whitekongsoftware.com\/ca\/riba-roja-lunic-municipi-valencia-que-opta-a-el-premi-fulla-verda-deuropa-al-costat-daltres-17-ciutats-per-la-seua-gestio-en-medi-ambient\/","title":{"rendered":"Riba-roja, l&#8217;\u00fanic municipi valenci\u00e0 que opta a el premi Fulla Verda d&#8217;Europa al costat d&#8217;altres 17 ciutats per la seua gesti\u00f3 en Medi Ambient"},"content":{"rendered":"\n<p class=\"wp-block-paragraph\">L&#8217;Ajuntament de Riba-roja de T\u00faria competeix al costat d&#8217;altres disset ciutats europees al Full Verd d&#8217;Europa 2021 European Green Leaf Award 2021- per les pol\u00edtiques i projectes duts a terme durant els \u00faltims anys de defensa i protecci\u00f3 de el Medi Ambient. El jurat s&#8217;encarregar\u00e0 ara de dilucidar les candidatures presentades pels municipis a el conegut guard\u00f3 que certifica el seu comprom\u00eds ambiental i que est\u00e0 dotat amb un premi econ\u00f2mic de 75.000 euros.<\/p>\n\n\n\n<p class=\"wp-block-paragraph\">La candidatura de Riba-roja de T\u00faria ha presentat les seues credencials a el premi a partir del conegut programa ambiental EcoRiba amb el qual es pret\u00e9n posar en valor el paisatge i la dinamitzaci\u00f3 del territori com a factor important per assolir la transici\u00f3 ecol\u00f2gica que permeti assolir els objectius de l&#8217; acord de Par\u00eds sobre el Clima relacionats amb la reducci\u00f3 de la petjada de carboni i els Objectius de Desenvolupament Sostenible (ODS) continguts en l&#8217;Agenda 2030.<\/p>\n\n\n\n<p class=\"wp-block-paragraph\">Les ciutats que competiran al costat de Riba-roja el 2021 s\u00f3n Avignon (Fran\u00e7a), Bisttrita (Romania), Carballo (Espanya), \u00c7iftlikk\u00f6y (Turquia), Coswig (Alemanya), Elsinore (Dinamarca), Gabrovo (Bulg\u00e0ria), Kemi (Finl\u00e0ndia ), Lappeenranta (Finl\u00e0ndia), Nyborg (Dinamarca), Oliveira do Hospital (Portugal), Ringkobing-Skjern (Dinamarca), Sombor (S\u00e8rbia), Taurage (Litu\u00e0nia), Valmiera (Let\u00f2nia), Viana do Castelo (Portugal) i, per Finalment, la ciutat de Vichy (Fran\u00e7a).<\/p>\n\n\n\n<p class=\"wp-block-paragraph\">L&#8217;Ajuntament de Riba-roja de T\u00faria ha argumentat en la seva exposici\u00f3 de motius per optar a aquest important premi la posada en marxa de pol\u00edtiques ambientals a trav\u00e9s de l&#8217;EcoRiba en el qual s&#8217;integren tres \u00e0mbits d&#8217;actuaci\u00f3 com s\u00f3n EcoRiba eficient, EcoRiba verd i EcoRiba educatiu, implementat mitjan\u00e7ant una s\u00e8rie d&#8217;iniciatives i accions en sostenibilitat ambiental, de manera transversal i integrada, que aconsegueix tots els \u00e0mbits d&#8217;actuaci\u00f3 de la societat.<\/p>\n\n\n\n<p class=\"wp-block-paragraph\">La convocat\u00f2ria per optar a la Fulla Verda s&#8217;ha tancat ja per comen\u00e7ar l&#8217;avaluaci\u00f3 de les diferents candidatures presentades per la resta dels pa\u00efsos de la Uni\u00f3 Europea en qu\u00e8 es tindran en compte aspectes com els aven\u00e7os a nivell local en \u00e0mbits com el canvi clim\u00e0tic i el rendiment energ\u00e8tic, la mobilitat urbana sostenible, la natura, biodiversitat i \u00fas sostenible de la terra, qualitat de l&#8217;aire i de soroll, gesti\u00f3 de residus i economia circular i, finalment, l&#8217;aigua.<\/p>\n\n\n\n<p class=\"wp-block-paragraph\">En el cas de Riba-roja de T\u00faria s&#8217;ha completat amb detall altres pr\u00e0ctiques dutes a terme per l&#8217;actual govern municipal com &#8220;EcoRiba Integra&#8221; amb la recollida de selectiva de residus dels edificis p\u00fablics per part de persones amb diversitat funcional amb una finalitat ambiental i d&#8217;integraci\u00f3 social. A m\u00e9s, s&#8217;ha aportat el projecte &#8220;Apadrinament de les Riberes de l&#8217;T\u00faria&#8221; per recuperar el bosc de ribera a partir de les plantes obtingudes en els vivers de l&#8217;hort ecol\u00f2gic escolar &#8220;i, finalment, el pla denominat&#8221; Programa de recuperaci\u00f3 i utilitzaci\u00f3 de la fauna silvestre per combatre el mosquit tigre&#8221;.<\/p>\n\n\n\n<p class=\"wp-block-paragraph\">El Full Verda Europea premia l&#8217;esfor\u00e7 i el treball dut a terme pels diversos municipis de el continent d&#8217;entre 20.000 i 100.000 habitants en mat\u00e8ria ambiental a trav\u00e9s de les seves actuacions i projectes municipis mentre que la coneguda Capital Europea Verda est\u00e0 enfocada per a les ciutats amb una poblaci\u00f3 de m\u00e9s de 100.000 habitants. En el cas de Riba-roja competir\u00e0 amb la ciutat gallega de Carballo.<\/p>\n\n\n\n<p class=\"wp-block-paragraph\">El regidor de Transici\u00f3 Ecol\u00f2gica de Riba-roja de T\u00faria, Jos\u00e9 Luis Ramos, ha assenyalat que la candidatura de la ciutat a la Fulla Verda d&#8217;Europa 2021 &#8220;\u00e9s l&#8217;aval a la feina i la dedicaci\u00f3 que s&#8217;ha desenvolupat en el nostre municipi durant els \u00faltims anys enfocats a convertir-nos en un espai sostenible, ecol\u00f2gic i comprom\u00e8s amb el nostre entorn en qu\u00e8 qualsevol projecte o espai t\u00e9 un aspecte transversal de protecci\u00f3 de l&#8217;entorn&#8221;.<\/p>\n","protected":false},"excerpt":{"rendered":"<div class=\"mh-excerpt\">L&#8217;Ajuntament de Riba-roja de T\u00faria competeix al costat d&#8217;altres disset ciutats europees al Full Verd d&#8217;Europa 2021 European Green Leaf Award 2021- per les pol\u00edtiques i projectes duts a terme durant els \u00faltims anys de <a class=\"mh-excerpt-more\" href=\"https:\/\/tucomarca.whitekongsoftware.com\/ca\/riba-roja-lunic-municipi-valencia-que-opta-a-el-premi-fulla-verda-deuropa-al-costat-daltres-17-ciutats-per-la-seua-gestio-en-medi-ambient\/\" title=\"Riba-roja, l&#8217;\u00fanic municipi valenci\u00e0 que opta a el premi Fulla Verda d&#8217;Europa al costat d&#8217;altres 17 ciutats per la seua gesti\u00f3 en Medi Ambient\">[+] <\/a><\/div>\n","protected":false},"author":1,"featured_media":97228,"comment_status":"open","ping_status":"open","sticky":false,"template":"","format":"standard","meta":{"footnotes":""},"categories":[10892,10898,10948,10894,10904,10903,10947,10906,10896],"tags":[10899,10395],"class_list":["post-97238","post","type-post","status-publish","format-standard","has-post-thumbnail","category-camp-de-turia-ca","category-ventana-ca","category-infraestructuras-ca","category-la-comarca-ca","category-sin-categorizar-ca","category-medio-ambiente-la-comarca-ca","category-politica","category-riba-roja-ca","category-seccion-ca","tag-camp-de-turia-ca","tag-camp-de-turia"],"_links":{"self":[{"href":"https:\/\/tucomarca.whitekongsoftware.com\/ca\/wp-json\/wp\/v2\/posts\/97238","targetHints":{"allow":["GET"]}}],"collection":[{"href":"https:\/\/tucomarca.whitekongsoftware.com\/ca\/wp-json\/wp\/v2\/posts"}],"about":[{"href":"https:\/\/tucomarca.whitekongsoftware.com\/ca\/wp-json\/wp\/v2\/types\/post"}],"author":[{"embeddable":true,"href":"https:\/\/tucomarca.whitekongsoftware.com\/ca\/wp-json\/wp\/v2\/users\/1"}],"replies":[{"embeddable":true,"href":"https:\/\/tucomarca.whitekongsoftware.com\/ca\/wp-json\/wp\/v2\/comments?post=97238"}],"version-history":[{"count":0,"href":"https:\/\/tucomarca.whitekongsoftware.com\/ca\/wp-json\/wp\/v2\/posts\/97238\/revisions"}],"wp:featuredmedia":[{"embeddable":true,"href":"https:\/\/tucomarca.whitekongsoftware.com\/ca\/wp-json\/wp\/v2\/media\/97228"}],"wp:attachment":[{"href":"https:\/\/tucomarca.whitekongsoftware.com\/ca\/wp-json\/wp\/v2\/media?parent=97238"}],"wp:term":[{"taxonomy":"category","embeddable":true,"href":"https:\/\/tucomarca.whitekongsoftware.com\/ca\/wp-json\/wp\/v2\/categories?post=97238"},{"taxonomy":"post_tag","embeddable":true,"href":"https:\/\/tucomarca.whitekongsoftware.com\/ca\/wp-json\/wp\/v2\/tags?post=97238"}],"curies":[{"name":"wp","href":"https:\/\/api.w.org\/{rel}","templated":true}]}}