{"id":97122,"date":"2019-12-09T19:47:50","date_gmt":"2019-12-09T17:47:50","guid":{"rendered":"http:\/\/www.tucomarca.com\/wordpress\/segunda\/?p=97122"},"modified":"2019-12-09T19:53:21","modified_gmt":"2019-12-09T17:53:21","slug":"la-jove-bunolense-indira-saez-campiona-despanya-amb-lequip-benjami-del-club-de-gimnastica-ritmica-de-lliria","status":"publish","type":"post","link":"https:\/\/tucomarca.whitekongsoftware.com\/ca\/la-jove-bunolense-indira-saez-campiona-despanya-amb-lequip-benjami-del-club-de-gimnastica-ritmica-de-lliria\/","title":{"rendered":"L&#8217;equip benjam\u00ed del Club de Gimn\u00e0stica R\u00edtmica de Ll\u00edria, Campi\u00f3 d&#8217;Espanya per Conjunts Absolut"},"content":{"rendered":"\n<figure class=\"wp-block-image\"><img loading=\"lazy\" decoding=\"async\" width=\"683\" height=\"1024\" src=\"http:\/\/www.tucomarca.com\/wordpress\/segunda\/wp-content\/uploads\/2019\/12\/Indira2-683x1024.jpg\" alt=\"Las campeonas de Espa\u00f1a de gimnasia r\u00edtmica por conjuntos absoluto.\" class=\"wp-image-97133\" srcset=\"https:\/\/tucomarca.whitekongsoftware.com\/wp-content\/uploads\/2019\/12\/Indira2-683x1024.jpg 683w, https:\/\/tucomarca.whitekongsoftware.com\/wp-content\/uploads\/2019\/12\/Indira2-200x300.jpg 200w, https:\/\/tucomarca.whitekongsoftware.com\/wp-content\/uploads\/2019\/12\/Indira2-768x1152.jpg 768w\" sizes=\"auto, (max-width: 683px) 100vw, 683px\" \/><figcaption>Las campeonas de Espa\u00f1a de gimnasia r\u00edtmica por conjuntos absoluto.<\/figcaption><\/figure>\n\n\n\n<p class=\"wp-block-paragraph\">La jove bu\u00f1olense Indira S\u00e1ez Hern\u00e1ndez s&#8217;ha proclamat Campiona d&#8217;Espanya de Gimn\u00e0stica R\u00edtmica per conjunts Absolut amb el conjunt benjam\u00ed de el club gimn\u00e0stica r\u00edtmica Ll\u00edria. La de Bunyol amb les seves companyes Sol Misino, Daniela Bargues, \u00c0frica Mora, Itziar Serrano i el cos t\u00e8cnic compost per M\u00f3nica i Sonia Castell\u00e0, Lorena Gorris i Soraya Trejo.<\/p>\n\n\n\n<p class=\"wp-block-paragraph\">&#8220;Despr\u00e9s de tres mesos de dur entrenament on hi ha hagut de tot (treball, plors, alegries i molt cansament) que va acabar amb la consecuci\u00f3 de l&#8217;or nacional&#8221;, com han informat des de l&#8217;entorn de club.<\/p>\n\n\n\n<p class=\"wp-block-paragraph\">Abans de la final, van haver de passar dues fases pr\u00e8vies on van aconseguir passar com Campiones Provincials, en una segona fase van passar com Campiones Auton\u00f2miques, el que els donava el pas a la gran final, aconseguida la classificaci\u00f3, es van intensificar els entrenis i els campionats per agafar forma proclamant campiones d&#8217;el torneig Ciutat de Reus. Seguint amb la preparaci\u00f3 es van despla\u00e7ar a Utebo (Saragossa) on es van proclamar subcampiones d&#8217;el torneig Nacional d&#8217;Utebo per acabar la preparaci\u00f3 van viatjar a Bilbao per participar en el prestigi\u00f3s campionat Euskalgim, on van aconseguir una tercera pla\u00e7a i van deixar const\u00e0ncia de la intenci\u00f3 per a la gran final i va arribar la gran cita despr\u00e9s de quatre dies a Saragossa compartint tap\u00eds amb els millors conjunts nacionals.<\/p>\n\n\n\n<p class=\"wp-block-paragraph\">Dijous, entrenament oficial per con\u00e8ixer el tap\u00eds, el divendres van animar a les participants de les altres categories. Dissabte, el gran dia, debutaven en el campionat d&#8217;Espanya, &#8220;ning\u00fa va pensar que eren debutants, van sortir a l&#8217;tap\u00eds a divertir-se que era la consigna de el cos t\u00e8cnic i per descomptat ho van aconseguir, amb un muntatge de Queen. Van sortir amb for\u00e7a, disciplinades , atape\u00efdes estupendes on el p\u00fablic va corejar l&#8217;actuaci\u00f3 de les noies que va ser premiada amb una nota de 13,167 que les va portar a la tercera posici\u00f3 de la general. Per\u00f2 no estava tot dit; quedava la segona passada, el diumenge van tenir el handicap de sortir terceres , van sortir a l&#8217;tap\u00eds amb la confian\u00e7a que podien si havien arribat fins all\u00e0 per qu\u00e8 no fer-ho i per descomptat ho van aconseguir sorprenent a el p\u00fablic que omplia el pavell\u00f3 segle XXI que va ser premiada amb una nota de 14,100 que sumant la nota de divendres 27,267 nom\u00e9s quedava d&#8217;esperar que passessin els altres conjunts per confirmar l&#8217;extraordin\u00e0ria gesta d&#8217;aquestes joves gimnastes &#8220;, com han informat fonts pr\u00f3ximes al club.<\/p>\n","protected":false},"excerpt":{"rendered":"<div class=\"mh-excerpt\">La jove bu\u00f1olense Indira S\u00e1ez Hern\u00e1ndez s&#8217;ha proclamat Campiona d&#8217;Espanya de Gimn\u00e0stica R\u00edtmica per conjunts Absolut amb el conjunt benjam\u00ed de el club gimn\u00e0stica r\u00edtmica Ll\u00edria. La de Bunyol amb les seves companyes Sol Misino, <a class=\"mh-excerpt-more\" href=\"https:\/\/tucomarca.whitekongsoftware.com\/ca\/la-jove-bunolense-indira-saez-campiona-despanya-amb-lequip-benjami-del-club-de-gimnastica-ritmica-de-lliria\/\" title=\"L&#8217;equip benjam\u00ed del Club de Gimn\u00e0stica R\u00edtmica de Ll\u00edria, Campi\u00f3 d&#8217;Espanya per Conjunts Absolut\">[+] <\/a><\/div>\n","protected":false},"author":1,"featured_media":97129,"comment_status":"open","ping_status":"open","sticky":false,"template":"","format":"standard","meta":{"footnotes":""},"categories":[10911,10892,11003,10912,10928,11009,10896],"tags":[10395,5952],"class_list":["post-97122","post","type-post","status-publish","format-standard","has-post-thumbnail","category-bunol-ca","category-camp-de-turia-ca","category-sports","category-la-hoya-ca","category-lliria-ca","category-polideportivo-ca","category-seccion-ca","tag-camp-de-turia","tag-la-hoya-de-bunol-chiva"],"_links":{"self":[{"href":"https:\/\/tucomarca.whitekongsoftware.com\/ca\/wp-json\/wp\/v2\/posts\/97122","targetHints":{"allow":["GET"]}}],"collection":[{"href":"https:\/\/tucomarca.whitekongsoftware.com\/ca\/wp-json\/wp\/v2\/posts"}],"about":[{"href":"https:\/\/tucomarca.whitekongsoftware.com\/ca\/wp-json\/wp\/v2\/types\/post"}],"author":[{"embeddable":true,"href":"https:\/\/tucomarca.whitekongsoftware.com\/ca\/wp-json\/wp\/v2\/users\/1"}],"replies":[{"embeddable":true,"href":"https:\/\/tucomarca.whitekongsoftware.com\/ca\/wp-json\/wp\/v2\/comments?post=97122"}],"version-history":[{"count":0,"href":"https:\/\/tucomarca.whitekongsoftware.com\/ca\/wp-json\/wp\/v2\/posts\/97122\/revisions"}],"wp:featuredmedia":[{"embeddable":true,"href":"https:\/\/tucomarca.whitekongsoftware.com\/ca\/wp-json\/wp\/v2\/media\/97129"}],"wp:attachment":[{"href":"https:\/\/tucomarca.whitekongsoftware.com\/ca\/wp-json\/wp\/v2\/media?parent=97122"}],"wp:term":[{"taxonomy":"category","embeddable":true,"href":"https:\/\/tucomarca.whitekongsoftware.com\/ca\/wp-json\/wp\/v2\/categories?post=97122"},{"taxonomy":"post_tag","embeddable":true,"href":"https:\/\/tucomarca.whitekongsoftware.com\/ca\/wp-json\/wp\/v2\/tags?post=97122"}],"curies":[{"name":"wp","href":"https:\/\/api.w.org\/{rel}","templated":true}]}}