{"id":97001,"date":"2019-12-04T20:34:14","date_gmt":"2019-12-04T18:34:14","guid":{"rendered":"http:\/\/www.tucomarca.com\/wordpress\/segunda\/?p=97001"},"modified":"2019-12-04T20:34:17","modified_gmt":"2019-12-04T18:34:17","slug":"el-director-general-de-desenvolupament-rural-del-consell-visita-el-territori-rurable","status":"publish","type":"post","link":"https:\/\/tucomarca.whitekongsoftware.com\/ca\/el-director-general-de-desenvolupament-rural-del-consell-visita-el-territori-rurable\/","title":{"rendered":"El director general de Desenvolupament Rural del Consell visita el territori Rurable"},"content":{"rendered":"\n<p class=\"wp-block-paragraph\">El director general de Desenvolupament Rural i responsable dels onze grups d&#8217;acci\u00f3 local que gestionen la iniciativa Leader, aix\u00ed com les Denominacions d&#8217;Origen i Marques de Qualitat de la Comunitat Valenciana, David Torres, va visitar ahir el territori de l&#8217;GAL Rurable.<\/p>\n\n\n\n<p class=\"wp-block-paragraph\">La visita es va iniciar a la Cooperativa Vin\u00edcola Sant Pere Ap\u00f2stol de Godelleta, on el van rebre alguns c\u00e0rrecs d&#8217;aquesta cooperativa, president i gerent de l&#8217;GAL i uns alcaldes de la Foia de Bunyol-Xiva membres d&#8217;aquesta associaci\u00f3. All\u00e0 es van exposar alguns aspectes de el desenvolupament d&#8217;aquesta comarca i la gesti\u00f3 de l&#8217;Leader. Finalitzo la seva visita amb una degustaci\u00f3 de mistela, la seva especialitat, basant-se l&#8217;est\u00e8s cultiu del ra\u00efm moscatell. A continuaci\u00f3, va partir cap al llogaret de Los Cojos (Requena), on van visitar el celler de nova creaci\u00f3, subvencionada pel programa Leader, a c\u00e0rrec d&#8217;un jove emprenedor, que prov\u00e9 d&#8217;una fam\u00edlia amb tradici\u00f3 vitivin\u00edcola, Ricardo de la Vall Ruiz, jove en\u00f2leg que ha recuperat el celler del seu avi, i ha comen\u00e7at a elaborar vins rosats i negres joves, de crian\u00e7a i de reserva. Es plantejo en aquest entorn el greu problema de la despoblaci\u00f3 d&#8217;aquests nuclis rurals, que com en el cas de Els Coixos, t\u00e9 com a \u00fanic resident jove a aquest emprenedor, en el marc d&#8217;una poblaci\u00f3 de 98 habitants.<\/p>\n\n\n\n<p class=\"wp-block-paragraph\">Posteriorment es va dirigir a la seu de el Consell Regulador de la Denominaci\u00f3 d&#8217;Origen Utiel-Requena, on el van rebre els alcaldes de municipis de la comarca de Requena-Utiel i Xera; i la Vall d&#8217;Aiora-Cofrents, aix\u00ed com per membres de Consell Regulador. A la Sala de Juntes es va departir al voltant dels greus problemes que alguns municipis tenen amb la p\u00e8rdua de poblaci\u00f3 i la distribuci\u00f3 irracional de les ajudes que fins al moment han percebut aquests municipis, donant-se la casu\u00edstica que proporcionalment han rebut m\u00e9s ajudes els que tenen major densitat de poblaci\u00f3, tamb\u00e9 es va parlar de la dificultat que aquest GAL troba a l&#8217;hora d&#8217;accedir als fons europeus dels seus promotors privats i entitats locals, i la esmena passa per una nova Ordre de bases, reguladora d&#8217;aquests ajuts. El director general va recon\u00e8ixer els errors de l&#8217;actual ordre en la seva redacci\u00f3, per\u00f2 pels llargs per\u00edodes que implica redactar una nova i els controls que ha de passar abans de la publicaci\u00f3, \u00e9s impossible fer-ho per al per\u00edode 2014-2020, \u00fanicament es procedir\u00e0 a modificar aquells aspectes que siguin viables donat el car\u00e0cter de concurr\u00e8ncia competitiva de la selecci\u00f3 dels GAL Es va finalitzar amb una degustaci\u00f3 de productes acollits a les marques de qualitat: Embotit de Requena i Utiel Gastron\u00f2mica, regats amb vins de la DO Utiel-Requena, de qu\u00e8 ja va dir ser coneixedor per haver assistit en diverses ocasions a les fires gastron\u00f2miques.<\/p>\n","protected":false},"excerpt":{"rendered":"<div class=\"mh-excerpt\">El director general de Desenvolupament Rural i responsable dels onze grups d&#8217;acci\u00f3 local que gestionen la iniciativa Leader, aix\u00ed com les Denominacions d&#8217;Origen i Marques de Qualitat de la Comunitat Valenciana, David Torres, va visitar <a class=\"mh-excerpt-more\" href=\"https:\/\/tucomarca.whitekongsoftware.com\/ca\/el-director-general-de-desenvolupament-rural-del-consell-visita-el-territori-rurable\/\" title=\"El director general de Desenvolupament Rural del Consell visita el territori Rurable\">[+] <\/a><\/div>\n","protected":false},"author":1,"featured_media":96999,"comment_status":"open","ping_status":"open","sticky":false,"template":"","format":"standard","meta":{"footnotes":""},"categories":[10905,11006,10898,10977,10948,10894,10912,11007,10947,10909,10896],"tags":[10914,5952,10910,10387],"class_list":["post-97001","post","type-post","status-publish","format-standard","has-post-thumbnail","category-agricultura-la-comarca-ca","category-canal-vinos","category-ventana-ca","category-godelleta-ca","category-infraestructuras-ca","category-la-comarca-ca","category-la-hoya-ca","category-ocio-y-cultura-ca","category-politica","category-requena-utiel-ca","category-seccion-ca","tag-la-hoya-de-bunol-chiva-ca","tag-la-hoya-de-bunol-chiva","tag-requena-utiel-ca","tag-requena-utiel"],"_links":{"self":[{"href":"https:\/\/tucomarca.whitekongsoftware.com\/ca\/wp-json\/wp\/v2\/posts\/97001","targetHints":{"allow":["GET"]}}],"collection":[{"href":"https:\/\/tucomarca.whitekongsoftware.com\/ca\/wp-json\/wp\/v2\/posts"}],"about":[{"href":"https:\/\/tucomarca.whitekongsoftware.com\/ca\/wp-json\/wp\/v2\/types\/post"}],"author":[{"embeddable":true,"href":"https:\/\/tucomarca.whitekongsoftware.com\/ca\/wp-json\/wp\/v2\/users\/1"}],"replies":[{"embeddable":true,"href":"https:\/\/tucomarca.whitekongsoftware.com\/ca\/wp-json\/wp\/v2\/comments?post=97001"}],"version-history":[{"count":0,"href":"https:\/\/tucomarca.whitekongsoftware.com\/ca\/wp-json\/wp\/v2\/posts\/97001\/revisions"}],"wp:featuredmedia":[{"embeddable":true,"href":"https:\/\/tucomarca.whitekongsoftware.com\/ca\/wp-json\/wp\/v2\/media\/96999"}],"wp:attachment":[{"href":"https:\/\/tucomarca.whitekongsoftware.com\/ca\/wp-json\/wp\/v2\/media?parent=97001"}],"wp:term":[{"taxonomy":"category","embeddable":true,"href":"https:\/\/tucomarca.whitekongsoftware.com\/ca\/wp-json\/wp\/v2\/categories?post=97001"},{"taxonomy":"post_tag","embeddable":true,"href":"https:\/\/tucomarca.whitekongsoftware.com\/ca\/wp-json\/wp\/v2\/tags?post=97001"}],"curies":[{"name":"wp","href":"https:\/\/api.w.org\/{rel}","templated":true}]}}