{"id":96525,"date":"2019-11-25T22:27:45","date_gmt":"2019-11-25T20:27:45","guid":{"rendered":"http:\/\/www.tucomarca.com\/wordpress\/segunda\/?p=96525"},"modified":"2019-11-25T22:27:48","modified_gmt":"2019-11-25T20:27:48","slug":"cs-lamenta-que-el-palau-de-justicia-a-alzira-seguuisca-sent-una-promesa-incomplerta-primer-pel-pp-i-ara-pel-botanic","status":"publish","type":"post","link":"https:\/\/tucomarca.whitekongsoftware.com\/ca\/cs-lamenta-que-el-palau-de-justicia-a-alzira-seguuisca-sent-una-promesa-incomplerta-primer-pel-pp-i-ara-pel-botanic\/","title":{"rendered":"Cs lamenta que el Palau de Just\u00edcia a Alzira seguuisca sent una promesa incomplerta primer pel PP i ara pel Bot\u00e0nic"},"content":{"rendered":"\n<p class=\"wp-block-paragraph\">El portaveu de Ciutadans (Cs) Alzira, Miguel Vidal,&nbsp;ha lamentat que &#8220;el Palau de Just\u00edcia a Alzira seguisca sent una promesa m\u00e9s incomplerta, primer pel PP i ara pel Bot\u00e0nic&#8221;.&nbsp;Vidal ha recordat que &#8220;portem v\u00e0ries legislatures escoltant que aquesta inversi\u00f3 es far\u00e0 el proper any, per\u00f2 la veritat \u00e9s que seguim igual, sense una partida pressupost\u00e0ria llista per executar any rere any&#8221;.<\/p>\n\n\n\n<p class=\"wp-block-paragraph\">El regidor de l&#8217;Ajuntament d&#8217;Alzira ha ressaltat &#8220;la falta de credibilitat que demostren aquells que ens governen&nbsp;a l&#8217;ajornar una vegada i una altra el compliment de les seues promeses electorals&#8221;. D&#8217;aquesta manera, Vidal ha defensat que &#8220;Ciutadans tenia ra\u00f3 quan dubtava de la veracitat de l&#8217;anunci d&#8217;aquesta inversi\u00f3 el passat mes de juliol de 2018&#8221;. Tamb\u00e9 ha destacat que &#8220;En eixe moment es va vendre com un projecte imminent per a la nostra ciutat&#8221;. No obstant aix\u00f2, ha insistit Vidal, &#8220;l&#8217;\u00fanic imminent eren les eleccions i la necessitat de guanyar vots amb promeses de paper&#8221;.<\/p>\n\n\n\n<p class=\"wp-block-paragraph\">&#8220;No sabem si la tan anunciada connexi\u00f3 amb l&#8217;AP-7, la nova zona d&#8217;aparcament a l&#8217;Hospital, les millores per al sector agr\u00edcola i una altra s\u00e8rie d&#8217;anuncis electorals que queden molt b\u00e9 per fer campanya van a tindre el mateix resultat que el Palau de Just\u00edcia&#8221;, ha ressaltat el representant de Ciutadans.<\/p>\n","protected":false},"excerpt":{"rendered":"<div class=\"mh-excerpt\">El portaveu de Ciutadans (Cs) Alzira, Miguel Vidal,&nbsp;ha lamentat que &#8220;el Palau de Just\u00edcia a Alzira seguisca sent una promesa m\u00e9s incomplerta, primer pel PP i ara pel Bot\u00e0nic&#8221;.&nbsp;Vidal ha recordat que &#8220;portem v\u00e0ries legislatures <a class=\"mh-excerpt-more\" href=\"https:\/\/tucomarca.whitekongsoftware.com\/ca\/cs-lamenta-que-el-palau-de-justicia-a-alzira-seguuisca-sent-una-promesa-incomplerta-primer-pel-pp-i-ara-pel-botanic\/\" title=\"Cs lamenta que el Palau de Just\u00edcia a Alzira seguuisca sent una promesa incomplerta primer pel PP i ara pel Bot\u00e0nic\">[+] <\/a><\/div>\n","protected":false},"author":1,"featured_media":94793,"comment_status":"open","ping_status":"open","sticky":false,"template":"","format":"standard","meta":{"footnotes":""},"categories":[10889,10948,10894,10902,10947,10896],"tags":[3640],"class_list":["post-96525","post","type-post","status-publish","format-standard","has-post-thumbnail","category-alzira-cat","category-infraestructuras-ca","category-la-comarca-ca","category-la-ribera-ca","category-politica","category-seccion-ca","tag-la-ribera-alta"],"_links":{"self":[{"href":"https:\/\/tucomarca.whitekongsoftware.com\/ca\/wp-json\/wp\/v2\/posts\/96525","targetHints":{"allow":["GET"]}}],"collection":[{"href":"https:\/\/tucomarca.whitekongsoftware.com\/ca\/wp-json\/wp\/v2\/posts"}],"about":[{"href":"https:\/\/tucomarca.whitekongsoftware.com\/ca\/wp-json\/wp\/v2\/types\/post"}],"author":[{"embeddable":true,"href":"https:\/\/tucomarca.whitekongsoftware.com\/ca\/wp-json\/wp\/v2\/users\/1"}],"replies":[{"embeddable":true,"href":"https:\/\/tucomarca.whitekongsoftware.com\/ca\/wp-json\/wp\/v2\/comments?post=96525"}],"version-history":[{"count":0,"href":"https:\/\/tucomarca.whitekongsoftware.com\/ca\/wp-json\/wp\/v2\/posts\/96525\/revisions"}],"wp:featuredmedia":[{"embeddable":true,"href":"https:\/\/tucomarca.whitekongsoftware.com\/ca\/wp-json\/wp\/v2\/media\/94793"}],"wp:attachment":[{"href":"https:\/\/tucomarca.whitekongsoftware.com\/ca\/wp-json\/wp\/v2\/media?parent=96525"}],"wp:term":[{"taxonomy":"category","embeddable":true,"href":"https:\/\/tucomarca.whitekongsoftware.com\/ca\/wp-json\/wp\/v2\/categories?post=96525"},{"taxonomy":"post_tag","embeddable":true,"href":"https:\/\/tucomarca.whitekongsoftware.com\/ca\/wp-json\/wp\/v2\/tags?post=96525"}],"curies":[{"name":"wp","href":"https:\/\/api.w.org\/{rel}","templated":true}]}}