{"id":96502,"date":"2019-11-25T22:29:43","date_gmt":"2019-11-25T20:29:43","guid":{"rendered":"http:\/\/www.tucomarca.com\/wordpress\/segunda\/?p=96502"},"modified":"2019-11-25T22:29:47","modified_gmt":"2019-11-25T20:29:47","slug":"els-representants-de-sinarcas-titaguas-catarroja-i-xiva-entren-a-la-junta-de-govern-de-el-consorci-provincial-de-bombers","status":"publish","type":"post","link":"https:\/\/tucomarca.whitekongsoftware.com\/ca\/els-representants-de-sinarcas-titaguas-catarroja-i-xiva-entren-a-la-junta-de-govern-de-el-consorci-provincial-de-bombers\/","title":{"rendered":"Els representants de Sinarcas, Titaguas, Catarroja i Xiva entren a la Junta de Govern de el Consorci Provincial de Bombers"},"content":{"rendered":"\n<figure class=\"wp-block-image\"><img loading=\"lazy\" decoding=\"async\" width=\"1024\" height=\"665\" src=\"http:\/\/www.tucomarca.com\/wordpress\/segunda\/wp-content\/uploads\/2019\/11\/BomberosDipu2-1024x665.jpg\" alt=\"El Consorcio Provincial de Bomberos ha constituido su nueva Junta de Gobierno.\" class=\"wp-image-96499\" srcset=\"https:\/\/tucomarca.whitekongsoftware.com\/wp-content\/uploads\/2019\/11\/BomberosDipu2-1024x665.jpg 1024w, https:\/\/tucomarca.whitekongsoftware.com\/wp-content\/uploads\/2019\/11\/BomberosDipu2-300x195.jpg 300w, https:\/\/tucomarca.whitekongsoftware.com\/wp-content\/uploads\/2019\/11\/BomberosDipu2-768x499.jpg 768w\" sizes=\"auto, (max-width: 1024px) 100vw, 1024px\" \/><figcaption><strong>El Consorci Provincial de Bombers constituix la nova Junta de Govern<\/strong>.<\/figcaption><\/figure>\n\n\n\n<p class=\"wp-block-paragraph\">El Consorci Provincial de Bombers de Val\u00e8ncia ha celebrat este dilluns la seua Assemblea General, en la qual estan representats els 229 municipis consorciats, a m\u00e9s de la Generalitat i la Diputaci\u00f3 de Val\u00e8ncia, a la qual correspon la presid\u00e8ncia. Entre altres assumptes d&#8217;organitzaci\u00f3 interna, s&#8217;ha constitu\u00eft la nova Junta de Govern.<\/p>\n\n\n\n<p class=\"wp-block-paragraph\">Amb M\u00aa Josep Amig\u00f3 com a presidenta i Jos\u00e9 Mar\u00eda \u00c1ngel com a vicepresident, en qualitat de director general de l&#8217;Ag\u00e8ncia de Seguretat i Resposta a les Emerg\u00e8ncies de la Generalitat, integren esta Junta de Govern del Consorci Provincial els representants dels seg\u00fcents municipis consorciats: M\u00aa Jos\u00e9 Clemente, per Sinarcas; Ramiro Rivera, per Titaguas; Emilio Morales, per Chiva; Jes\u00fas Monz\u00f3, per Catarroja; Carolina Mengual, per Rafol de Salem; i Miguel Donet, representant de Barx. Mengual i Donet s\u00f3n els \u00fanics membres de la junta que repetixen.<\/p>\n\n\n\n<p class=\"wp-block-paragraph\">A l&#8217;Assemblea General han assistit la presidenta del Consorci, M\u00aa Josep Amig\u00f3, representants dels grups pol\u00edtics i membres de l&#8217;Assemblea, secretari, interventor i gerent. A esta assemblea li correspon la fiscalitzaci\u00f3 dels diferents \u00f2rgans de govern i l&#8217;aprovaci\u00f3 dels pressupostos anuals, els reglaments i ordenances, els acords de condicions de treball dels seus empleats i la modificaci\u00f3 dels seus estatuts, entre altres assumptes. Despr\u00e9s de la celebraci\u00f3 de les passades eleccions locals es va constituir el mes d&#8217;octubre passat amb els representants nomenats pels diferents ajuntaments.<\/p>\n\n\n\n<p class=\"wp-block-paragraph\">En la sessi\u00f3 d&#8217;este dilluns s&#8217;han informat i acordat diferents mesures d&#8217;organitzaci\u00f3, com la citada composici\u00f3 de la Junta de Govern i les mat\u00e8ries de compet\u00e8ncia de l&#8217;Assemblea que es deleguen en la mateixa per a major operativitat, el r\u00e8gim de sessions, la constituci\u00f3 dels diferents grups pol\u00edtics i la comissi\u00f3 informativa que permetr\u00e0 dictaminar pr\u00e8viament els assumptes que hagen de ser debatuts en l&#8217;Assemblea. Tots estos temes es posaran a la disposici\u00f3 dels interessats en el portal de transpar\u00e8ncia del Consorci.<\/p>\n\n\n\n<p class=\"wp-block-paragraph\">Durant l&#8217;acte s&#8217;ha aprovat una moci\u00f3 contra la Viol\u00e8ncia de G\u00e8nere i la resta de propostes, totes per unanimitat.<\/p>\n\n\n\n<p class=\"wp-block-paragraph\">El Consorci Provincial de Bombers de Val\u00e8ncia presta els seus serveis en tots els pobles de les comarques valencianes amb excepci\u00f3 del municipi de Val\u00e8ncia, que compta amb el seu propi cos de bombers dependent de l&#8217;Ajuntament. Per a aix\u00f2 disposa d&#8217;un total de 24 parcs de bombers distribu\u00efts pel territori. Durant l&#8217;any 2018 el Consorci va prestar un total de 15.372 serveis dels quals 9.516 van correspondre a emerg\u00e8ncies de tota mena, des d&#8217;incendis en habitatges o a la muntanya fins a rescats en accidents de tr\u00e0nsit o a la muntanya.&nbsp;<br><\/p>\n","protected":false},"excerpt":{"rendered":"<div class=\"mh-excerpt\">El Consorci Provincial de Bombers de Val\u00e8ncia ha celebrat este dilluns la seua Assemblea General, en la qual estan representats els 229 municipis consorciats, a m\u00e9s de la Generalitat i la Diputaci\u00f3 de Val\u00e8ncia, a <a class=\"mh-excerpt-more\" href=\"https:\/\/tucomarca.whitekongsoftware.com\/ca\/els-representants-de-sinarcas-titaguas-catarroja-i-xiva-entren-a-la-junta-de-govern-de-el-consorci-provincial-de-bombers\/\" title=\"Els representants de Sinarcas, Titaguas, Catarroja i Xiva entren a la Junta de Govern de el Consorci Provincial de Bombers\">[+] <\/a><\/div>\n","protected":false},"author":1,"featured_media":96498,"comment_status":"open","ping_status":"open","sticky":false,"template":"","format":"standard","meta":{"footnotes":""},"categories":[11046,10898,10948,10894,10904,10912,10947,10909,10896,11058,10897,11027,10975],"tags":[],"class_list":["post-96502","post","type-post","status-publish","format-standard","has-post-thumbnail","category-los-serranos-ca","category-ventana-ca","category-infraestructuras-ca","category-la-comarca-ca","category-sin-categorizar-ca","category-la-hoya-ca","category-politica","category-requena-utiel-ca","category-seccion-ca","category-sinarcas-ca","category-sucesos-la-comarca-ca","category-titaguas-ca","category-chiva-ca"],"_links":{"self":[{"href":"https:\/\/tucomarca.whitekongsoftware.com\/ca\/wp-json\/wp\/v2\/posts\/96502","targetHints":{"allow":["GET"]}}],"collection":[{"href":"https:\/\/tucomarca.whitekongsoftware.com\/ca\/wp-json\/wp\/v2\/posts"}],"about":[{"href":"https:\/\/tucomarca.whitekongsoftware.com\/ca\/wp-json\/wp\/v2\/types\/post"}],"author":[{"embeddable":true,"href":"https:\/\/tucomarca.whitekongsoftware.com\/ca\/wp-json\/wp\/v2\/users\/1"}],"replies":[{"embeddable":true,"href":"https:\/\/tucomarca.whitekongsoftware.com\/ca\/wp-json\/wp\/v2\/comments?post=96502"}],"version-history":[{"count":0,"href":"https:\/\/tucomarca.whitekongsoftware.com\/ca\/wp-json\/wp\/v2\/posts\/96502\/revisions"}],"wp:featuredmedia":[{"embeddable":true,"href":"https:\/\/tucomarca.whitekongsoftware.com\/ca\/wp-json\/wp\/v2\/media\/96498"}],"wp:attachment":[{"href":"https:\/\/tucomarca.whitekongsoftware.com\/ca\/wp-json\/wp\/v2\/media?parent=96502"}],"wp:term":[{"taxonomy":"category","embeddable":true,"href":"https:\/\/tucomarca.whitekongsoftware.com\/ca\/wp-json\/wp\/v2\/categories?post=96502"},{"taxonomy":"post_tag","embeddable":true,"href":"https:\/\/tucomarca.whitekongsoftware.com\/ca\/wp-json\/wp\/v2\/tags?post=96502"}],"curies":[{"name":"wp","href":"https:\/\/api.w.org\/{rel}","templated":true}]}}