{"id":96398,"date":"2019-11-25T15:25:03","date_gmt":"2019-11-25T13:25:03","guid":{"rendered":"http:\/\/www.tucomarca.com\/wordpress\/segunda\/?p=96398"},"modified":"2019-11-25T15:25:13","modified_gmt":"2019-11-25T13:25:13","slug":"del-tros-al-plat-ofereix-cuina-en-viu-amb-producte-local-a-la-festa-de-la-poma-esperiega-dademus","status":"publish","type":"post","link":"https:\/\/tucomarca.whitekongsoftware.com\/ca\/del-tros-al-plat-ofereix-cuina-en-viu-amb-producte-local-a-la-festa-de-la-poma-esperiega-dademus\/","title":{"rendered":"&#8220;Del Tros al Plat&#8221; ofereix cuina en viu amb producte local a la Festa de la Poma Esperiega d&#8217;Adem\u00fas"},"content":{"rendered":"\n<p class=\"wp-block-paragraph\">El programa De l&#8217;Tros a l&#8217;Plat impulsat per Val\u00e8ncia Turisme va oferir ahir un espectacle de cuina en viu amb producte local, protagonitzat per la xef Loles Salvador, durant la celebraci\u00f3 de la VII Festa de la Poma Esperiega al municipi d&#8217;Adem\u00fas.<\/p>\n\n\n\n<p class=\"wp-block-paragraph\">La iniciativa va congregar davant dels fogons de la reconeguda xef a nombrosos ve\u00efns i visitants de l&#8217;certamen, organitzat per l&#8217;Associaci\u00f3 Tur\u00edstica de l&#8217;Rac\u00f3 \u200b\u200bd&#8217;Adem\u00fas-ATRA i l&#8217;Ajuntament d&#8217;Ademuz en honor a la varietat de poma aut\u00f2ctona de l&#8217;Rac\u00f3 \u200b\u200bd&#8217;Adem\u00fas, la Poma esperiega, coneguda tamb\u00e9 com &#8220;poma gelada&#8221;.<\/p>\n\n\n\n<p class=\"wp-block-paragraph\">El director de Val\u00e8ncia Turisme, Evarist Caselles, va destacar la gran aportaci\u00f3 de Loles Salvador a el reconeixement i projecci\u00f3 de la gastronomia valenciana, &#8220;objectiu compartit pel programa De l&#8217;Tros a l&#8217;Plat, que posa en valor els productors, productes, mercats, cuiners i professionals locals &#8220;.<\/p>\n\n\n\n<p class=\"wp-block-paragraph\">La VII Festa de la Poma Esperiega ha acollit durant tot el cap de setmana nombroses activitats de car\u00e0cter l\u00fadic, cultural i gastron\u00f2mic; un mercat de productes agroalimentaris locals, artesanals i de proximitat; i, fins i tot, un tren tur\u00edstic gratu\u00eft per con\u00e8ixer tots els racons i atractius de la localitat, entre d&#8217;altres experi\u00e8ncies.<\/p>\n","protected":false},"excerpt":{"rendered":"<div class=\"mh-excerpt\">El programa De l&#8217;Tros a l&#8217;Plat impulsat per Val\u00e8ncia Turisme va oferir ahir un espectacle de cuina en viu amb producte local, protagonitzat per la xef Loles Salvador, durant la celebraci\u00f3 de la VII Festa <a class=\"mh-excerpt-more\" href=\"https:\/\/tucomarca.whitekongsoftware.com\/ca\/del-tros-al-plat-ofereix-cuina-en-viu-amb-producte-local-a-la-festa-de-la-poma-esperiega-dademus\/\" title=\"&#8220;Del Tros al Plat&#8221; ofereix cuina en viu amb producte local a la Festa de la Poma Esperiega d&#8217;Adem\u00fas\">[+] <\/a><\/div>\n","protected":false},"author":1,"featured_media":96396,"comment_status":"open","ping_status":"open","sticky":false,"template":"","format":"standard","meta":{"footnotes":""},"categories":[10890,10926,10898,11007,10896],"tags":[10397,11097,11404,9841],"class_list":["post-96398","post","type-post","status-publish","format-standard","has-post-thumbnail","category-ademus","category-ademus-ca","category-ventana-ca","category-ocio-y-cultura-ca","category-seccion-ca","tag-ademuz","tag-ademuz-ca","tag-valencia-turisme-ca","tag-valencia-turisme"],"_links":{"self":[{"href":"https:\/\/tucomarca.whitekongsoftware.com\/ca\/wp-json\/wp\/v2\/posts\/96398","targetHints":{"allow":["GET"]}}],"collection":[{"href":"https:\/\/tucomarca.whitekongsoftware.com\/ca\/wp-json\/wp\/v2\/posts"}],"about":[{"href":"https:\/\/tucomarca.whitekongsoftware.com\/ca\/wp-json\/wp\/v2\/types\/post"}],"author":[{"embeddable":true,"href":"https:\/\/tucomarca.whitekongsoftware.com\/ca\/wp-json\/wp\/v2\/users\/1"}],"replies":[{"embeddable":true,"href":"https:\/\/tucomarca.whitekongsoftware.com\/ca\/wp-json\/wp\/v2\/comments?post=96398"}],"version-history":[{"count":0,"href":"https:\/\/tucomarca.whitekongsoftware.com\/ca\/wp-json\/wp\/v2\/posts\/96398\/revisions"}],"wp:featuredmedia":[{"embeddable":true,"href":"https:\/\/tucomarca.whitekongsoftware.com\/ca\/wp-json\/wp\/v2\/media\/96396"}],"wp:attachment":[{"href":"https:\/\/tucomarca.whitekongsoftware.com\/ca\/wp-json\/wp\/v2\/media?parent=96398"}],"wp:term":[{"taxonomy":"category","embeddable":true,"href":"https:\/\/tucomarca.whitekongsoftware.com\/ca\/wp-json\/wp\/v2\/categories?post=96398"},{"taxonomy":"post_tag","embeddable":true,"href":"https:\/\/tucomarca.whitekongsoftware.com\/ca\/wp-json\/wp\/v2\/tags?post=96398"}],"curies":[{"name":"wp","href":"https:\/\/api.w.org\/{rel}","templated":true}]}}