{"id":96311,"date":"2019-11-22T13:20:07","date_gmt":"2019-11-22T11:20:07","guid":{"rendered":"http:\/\/www.tucomarca.com\/wordpress\/segunda\/?p=96311"},"modified":"2019-11-22T16:16:47","modified_gmt":"2019-11-22T14:16:47","slug":"ciutadans-a-alzira-insta-el-bipartit-a-exigir-el-botanic-solucions-per-al-transport-dels-sanitaris","status":"publish","type":"post","link":"https:\/\/tucomarca.whitekongsoftware.com\/ca\/ciutadans-a-alzira-insta-el-bipartit-a-exigir-el-botanic-solucions-per-al-transport-dels-sanitaris\/","title":{"rendered":"Ciutadans a Alzira insta el bipartit a exigir el Bot\u00e0nic solucions per al transport dels sanitaris"},"content":{"rendered":"\n<p class=\"wp-block-paragraph\">El portaveu de Ciutadans (Cs) Alzira, Miguel Vidal, ha instat &#8220;a el bipartit a exigir als seus companys de l&#8217;Bot\u00e0nic solucions per al transport dels sanitaris a la nostra ciutat&#8221;. Vidal ha destacat que &#8220;el personal m\u00e8dic necessita vehicles p\u00fablics per a les urg\u00e8ncies en lloc d&#8217;haver d&#8217;usar els seus propis&#8221;.<br>En aquest sentit, el regidor ha advertit que &#8220;el temps d&#8217;espera en una urg\u00e8ncia no pot dependre de si el personal sanitari que ha d&#8217;atendre el pacient t\u00e9 o no t\u00e9 el seu propi vehicle disponible&#8221;. Aix\u00ed mateix, ha criticat que &#8220;la Conselleria no hagi canviat aquesta situaci\u00f3 a Alzira malgrat la despesa que ha realitzat despr\u00e9s de l&#8217;anunci a bombo i platerets de la compra de 109 vehicles amb una inversi\u00f3 de gaireb\u00e9 1,2 milions d&#8217;euros&#8221;.<br> Per aix\u00f2, ha criticat &#8220;la manca d&#8217;inter\u00e8s per solucionar els problemes&#8221;. &#8220;La salut de les persones mereix tot el respecte i atenci\u00f3 per part de les administracions p\u00fabliques i dels pol\u00edtics que les controlen&#8221;, ha assegurat.<\/p>\n","protected":false},"excerpt":{"rendered":"<div class=\"mh-excerpt\">El portaveu de Ciutadans (Cs) Alzira, Miguel Vidal, ha instat &#8220;a el bipartit a exigir als seus companys de l&#8217;Bot\u00e0nic solucions per al transport dels sanitaris a la nostra ciutat&#8221;. Vidal ha destacat que &#8220;el <a class=\"mh-excerpt-more\" href=\"https:\/\/tucomarca.whitekongsoftware.com\/ca\/ciutadans-a-alzira-insta-el-bipartit-a-exigir-el-botanic-solucions-per-al-transport-dels-sanitaris\/\" title=\"Ciutadans a Alzira insta el bipartit a exigir el Bot\u00e0nic solucions per al transport dels sanitaris\">[+] <\/a><\/div>\n","protected":false},"author":12,"featured_media":96309,"comment_status":"open","ping_status":"open","sticky":false,"template":"","format":"standard","meta":{"footnotes":""},"categories":[10889,11010,10894,10902,10947,10896],"tags":[10402],"class_list":["post-96311","post","type-post","status-publish","format-standard","has-post-thumbnail","category-alzira-cat","category-canal-salud","category-la-comarca-ca","category-la-ribera-ca","category-politica","category-seccion-ca","tag-alzira"],"_links":{"self":[{"href":"https:\/\/tucomarca.whitekongsoftware.com\/ca\/wp-json\/wp\/v2\/posts\/96311","targetHints":{"allow":["GET"]}}],"collection":[{"href":"https:\/\/tucomarca.whitekongsoftware.com\/ca\/wp-json\/wp\/v2\/posts"}],"about":[{"href":"https:\/\/tucomarca.whitekongsoftware.com\/ca\/wp-json\/wp\/v2\/types\/post"}],"author":[{"embeddable":true,"href":"https:\/\/tucomarca.whitekongsoftware.com\/ca\/wp-json\/wp\/v2\/users\/12"}],"replies":[{"embeddable":true,"href":"https:\/\/tucomarca.whitekongsoftware.com\/ca\/wp-json\/wp\/v2\/comments?post=96311"}],"version-history":[{"count":0,"href":"https:\/\/tucomarca.whitekongsoftware.com\/ca\/wp-json\/wp\/v2\/posts\/96311\/revisions"}],"wp:featuredmedia":[{"embeddable":true,"href":"https:\/\/tucomarca.whitekongsoftware.com\/ca\/wp-json\/wp\/v2\/media\/96309"}],"wp:attachment":[{"href":"https:\/\/tucomarca.whitekongsoftware.com\/ca\/wp-json\/wp\/v2\/media?parent=96311"}],"wp:term":[{"taxonomy":"category","embeddable":true,"href":"https:\/\/tucomarca.whitekongsoftware.com\/ca\/wp-json\/wp\/v2\/categories?post=96311"},{"taxonomy":"post_tag","embeddable":true,"href":"https:\/\/tucomarca.whitekongsoftware.com\/ca\/wp-json\/wp\/v2\/tags?post=96311"}],"curies":[{"name":"wp","href":"https:\/\/api.w.org\/{rel}","templated":true}]}}