{"id":96307,"date":"2019-11-22T15:16:24","date_gmt":"2019-11-22T13:16:24","guid":{"rendered":"http:\/\/www.tucomarca.com\/wordpress\/segunda\/?p=96307"},"modified":"2019-11-22T15:16:27","modified_gmt":"2019-11-22T13:16:27","slug":"el-prya-justifica-el-seu-vot-en-contra-dels-pressupostos-municipals-2020-de-requena-perque-no-aporten-solucions-als-problemes-del-municipi","status":"publish","type":"post","link":"https:\/\/tucomarca.whitekongsoftware.com\/ca\/el-prya-justifica-el-seu-vot-en-contra-dels-pressupostos-municipals-2020-de-requena-perque-no-aporten-solucions-als-problemes-del-municipi\/","title":{"rendered":"El PRyA justifica el seu vot en contra dels pressupostos municipals 2020 de Requena \u00abperqu\u00e8 no aporten solucions als problemes\u00bb del municipi"},"content":{"rendered":"\n<p class=\"wp-block-paragraph\">&#8220;Aprovats els pressupostos municipals corresponents a l&#8217;any 2020 per al nostre municipi, la paraula amb la qual des del Partit de Requena i Llogarets els podem descriure \u00e9s, un cop m\u00e9s, decepci\u00f3&#8221;, tal com han explicat des del Partit de Requena i Llogarets (PRyA ).<\/p>\n\n\n\n<p class=\"wp-block-paragraph\">&#8220;Estem davant uns pressupostos que segueixen sense aportar solucions a problemes que el municipi de Requena ve arrossegant des de fa anys. Aquests pressupostos presenten escassa inversi\u00f3 en els motors econ\u00f2mics del nostre municipi, com s\u00f3n turisme, comer\u00e7 i agricultura, \u00e9s a dir, tot just inversi\u00f3 per els principals suports de moltes fam\u00edlies del nostre municipi &#8220;, han afegit.<\/p>\n\n\n\n<p class=\"wp-block-paragraph\">&#8220;A m\u00e9s en moltes de les partides pressupostades, al nostre parer, presenten nombroses mancances i altres ni tan sols existeixen, com s\u00f3n les que descrivim a continuaci\u00f3: Camins rurals, com en anys anteriors, els diners assignat a aquesta partida \u00e9s insuficient. Des de la nostra formaci\u00f3 creiem que s&#8217;ha de prioritzar l&#8217;adequaci\u00f3, manteniment i reparaci\u00f3 dels nostres camins, a m\u00e9s entre les propostes electorals de l&#8217;PRyA es contempla la creaci\u00f3 d&#8217;una brigada municipal exclusiva per als camins.<\/p>\n\n\n\n<p class=\"wp-block-paragraph\">&#8220;Abocaments: tot just es destinen 6.000 \u20ac per a la neteja d&#8217;abocaments. Considerem que amb aquests diners no hi ha ni per comen\u00e7ar si volem netejar el nostre medi natural. Tot el municipi es troba sembrat d&#8217;enderrocs i abocaments il\u00b7legals, alguna cosa intolerable i amb el que tindrem de conviure un any m\u00e9s, a causa de l&#8217;escassetat de recursos per procedir a la seua neteja &#8220;.<\/p>\n\n\n\n<p class=\"wp-block-paragraph\">&#8220;Dona: les partides destinades a assumptes tan importants i delicats com s\u00f3n la prevenci\u00f3 de Viol\u00e8ncia de G\u00e8nere i Igualtat ens semblen insuficients. L&#8217;Associaci\u00f3 de malalts d&#8217;Alzheimer: considerem que la subvenci\u00f3 a aquesta associaci\u00f3 \u00e9s insuficient a l&#8217;baixar de 6,000 \u20ac a 1,000 \u20ac . la Brigada: creiem que s&#8217;ha de refor\u00e7ar el servei de neteja vi\u00e0ria, tant a Requena com en els llogarets. a m\u00e9s, creiem insuficient la partida per a la compra d&#8217;un cami\u00f3 cistella, ja que nom\u00e9s comptem amb el de la Mancomunitat &#8220;el Teix&#8221; 1 part de l&#8217;any. casc hist\u00f2ric de la Vila: no hi ha ni un sol euro per a l&#8217;adequaci\u00f3 i reparaci\u00f3 de barri de la Vila. el mur de contenci\u00f3 que el casc hist\u00f2ric t\u00e9 a la part del darrere, a l&#8217;altura de la font d&#8217;eL Pi , presenta un estat preocupant pel seu deteriorament, com aix\u00ed venim denunciant des del PRyA des de fa anys. Tampoc hi ha cap partida per a la reparaci\u00f3 de rajoles i llambordes, ni s&#8217;aprofiten obres d&#8217;est i tipus per soterrar el cablejat de les fa\u00e7anes progressivament, tal com portem en el nostre programa electoral &#8220;.<\/p>\n\n\n\n<p class=\"wp-block-paragraph\">&#8220;Casc hist\u00f2ric de les Penyes: des del PRyA creiem que ha d&#8217;haver una partida per a l&#8217;adequaci\u00f3 i embelliment d&#8217;aquest barri hist\u00f2ric amb actuacions com l&#8217;empedrat dels seus carrers, soterrat de el cablejat de fa\u00e7anes i un llarg etc. de peticions que ens van fer els ve\u00efns residents i portem plasmat en el nostre programa electoral. llogarets: quant la distribuci\u00f3 de la partida econ\u00f2mica destinada als llogarets, un any m\u00e9s no la compartim pels seg\u00fcents motius: 1r per evitar desigualtats en el repartiment de les partides per a despeses corrents en els llogarets, considerem que aquest hauria haver-se realitzat en base a un c\u00e0lcul que contempl\u00e9s no nom\u00e9s als habitants, sin\u00f3 tamb\u00e9 als habitatges ubicades en cada llogaret. 2n Un any m\u00e9s s&#8217;obliden de la &#8220;Font dels Bruns&#8221;, la qual necessita una intervenci\u00f3 urgent donat el perill que genera per als usuaris. I Repoblaci\u00f3: tampoc se sentin les bases amb aquests pressupostos per a un Pla Munici pal de Repoblaci\u00f3 (programa PRyA) &#8220;.<\/p>\n\n\n\n<p class=\"wp-block-paragraph\">&#8220;El nostre comprom\u00eds adquirit amb la societat requenense en les passades eleccions municipals no es veu reflectit en aquests pressupostos, ja que el nostre projecte \u00e9s un altre per gestionar el municipi de forma m\u00e9s eficient i donant prioritat als problemes que ens demana la ciutadania. Els motius esmentats anteriorment i molts altres que no entrarem a descriure per la seva quantia, s\u00f3n els que ens han portat a votar en contra. Aquests no s\u00f3n els pressupostos que el Partit de Requena i Llogarets hauria elaborat per solucionar els problemes del nostre municipi. &#8220;, han finalitzat des del PRyA.<\/p>\n","protected":false},"excerpt":{"rendered":"<div class=\"mh-excerpt\">&#8220;Aprovats els pressupostos municipals corresponents a l&#8217;any 2020 per al nostre municipi, la paraula amb la qual des del Partit de Requena i Llogarets els podem descriure \u00e9s, un cop m\u00e9s, decepci\u00f3&#8221;, tal com han <a class=\"mh-excerpt-more\" href=\"https:\/\/tucomarca.whitekongsoftware.com\/ca\/el-prya-justifica-el-seu-vot-en-contra-dels-pressupostos-municipals-2020-de-requena-perque-no-aporten-solucions-als-problemes-del-municipi\/\" title=\"El PRyA justifica el seu vot en contra dels pressupostos municipals 2020 de Requena \u00abperqu\u00e8 no aporten solucions als problemes\u00bb del municipi\">[+] <\/a><\/div>\n","protected":false},"author":1,"featured_media":96302,"comment_status":"open","ping_status":"open","sticky":false,"template":"","format":"standard","meta":{"footnotes":""},"categories":[10948,10894,10947,10908,10909,10896],"tags":[10910,10387],"class_list":["post-96307","post","type-post","status-publish","format-standard","has-post-thumbnail","category-infraestructuras-ca","category-la-comarca-ca","category-politica","category-requena-ca","category-requena-utiel-ca","category-seccion-ca","tag-requena-utiel-ca","tag-requena-utiel"],"_links":{"self":[{"href":"https:\/\/tucomarca.whitekongsoftware.com\/ca\/wp-json\/wp\/v2\/posts\/96307","targetHints":{"allow":["GET"]}}],"collection":[{"href":"https:\/\/tucomarca.whitekongsoftware.com\/ca\/wp-json\/wp\/v2\/posts"}],"about":[{"href":"https:\/\/tucomarca.whitekongsoftware.com\/ca\/wp-json\/wp\/v2\/types\/post"}],"author":[{"embeddable":true,"href":"https:\/\/tucomarca.whitekongsoftware.com\/ca\/wp-json\/wp\/v2\/users\/1"}],"replies":[{"embeddable":true,"href":"https:\/\/tucomarca.whitekongsoftware.com\/ca\/wp-json\/wp\/v2\/comments?post=96307"}],"version-history":[{"count":0,"href":"https:\/\/tucomarca.whitekongsoftware.com\/ca\/wp-json\/wp\/v2\/posts\/96307\/revisions"}],"wp:featuredmedia":[{"embeddable":true,"href":"https:\/\/tucomarca.whitekongsoftware.com\/ca\/wp-json\/wp\/v2\/media\/96302"}],"wp:attachment":[{"href":"https:\/\/tucomarca.whitekongsoftware.com\/ca\/wp-json\/wp\/v2\/media?parent=96307"}],"wp:term":[{"taxonomy":"category","embeddable":true,"href":"https:\/\/tucomarca.whitekongsoftware.com\/ca\/wp-json\/wp\/v2\/categories?post=96307"},{"taxonomy":"post_tag","embeddable":true,"href":"https:\/\/tucomarca.whitekongsoftware.com\/ca\/wp-json\/wp\/v2\/tags?post=96307"}],"curies":[{"name":"wp","href":"https:\/\/api.w.org\/{rel}","templated":true}]}}