{"id":96295,"date":"2019-11-26T23:55:10","date_gmt":"2019-11-26T21:55:10","guid":{"rendered":"http:\/\/www.tucomarca.com\/wordpress\/segunda\/?p=96295"},"modified":"2019-11-26T23:55:18","modified_gmt":"2019-11-26T21:55:18","slug":"fotogaleria-els-alumnes-dels-collegis-publics-visiten-el-conservatori-professional-sant-rafael-de-bunyol","status":"publish","type":"post","link":"https:\/\/tucomarca.whitekongsoftware.com\/ca\/fotogaleria-els-alumnes-dels-collegis-publics-visiten-el-conservatori-professional-sant-rafael-de-bunyol\/","title":{"rendered":"Fotogaleria: Els alumnes dels col\u00b7legis p\u00fablics visiten el Conservatori Professional &#8220;Sant Rafael&#8221; de Bunyol"},"content":{"rendered":"\n<p class=\"wp-block-paragraph\">Durant el passat mes d&#8217;octubre i aquest de novembre han visitat el Conservatori Professional &#8220;Sant Rafael&#8221; de Bunyol les aules de 5 anys dels col\u00b7legis de Sant Llu\u00eds i Cervantes de Bunyol. Unes visites que recullen una mica el testimoni de l&#8217;exit\u00f3s &#8220;Projecte Corxera&#8221; que es realitzava fins fa pocs anys amb totes les escoles de la localitat.<br>En aquestes visites els nens han pogut veure i escoltar els professors de corda interpretant famoses can\u00e7ons de Disney, aix\u00ed com con\u00e8ixer alguns instruments que aquell mat\u00ed es trobaven impartint classe al centre com Fagot i Piano.<br> \u00abEls alumnes van gaudir molt de la visita i esperem haver implantat per al futur, alguna petita llavor d&#8217;aquesta meravellosa art com \u00e9s la M\u00fasica\u00bb apunten des del conservatori.<\/p>\n\n\n\n<ul class=\"wp-block-gallery columns-2 is-cropped wp-block-gallery-1 is-layout-flex wp-block-gallery-is-layout-flex\"><li class=\"blocks-gallery-item\"><figure><img loading=\"lazy\" decoding=\"async\" width=\"591\" height=\"787\" src=\"http:\/\/www.tucomarca.com\/wordpress\/segunda\/wp-content\/uploads\/2019\/11\/01-2.jpg\" alt=\"\" data-id=\"96283\" data-link=\"http:\/\/www.tucomarca.com\/wordpress\/segunda\/?attachment_id=96283\" class=\"wp-image-96283\" srcset=\"https:\/\/tucomarca.whitekongsoftware.com\/wp-content\/uploads\/2019\/11\/01-2.jpg 591w, https:\/\/tucomarca.whitekongsoftware.com\/wp-content\/uploads\/2019\/11\/01-2-225x300.jpg 225w\" sizes=\"auto, (max-width: 591px) 100vw, 591px\" \/><\/figure><\/li><li class=\"blocks-gallery-item\"><figure><img loading=\"lazy\" decoding=\"async\" width=\"787\" height=\"591\" src=\"http:\/\/www.tucomarca.com\/wordpress\/segunda\/wp-content\/uploads\/2019\/11\/02-1.jpg\" alt=\"\" data-id=\"96285\" data-link=\"http:\/\/www.tucomarca.com\/wordpress\/segunda\/?attachment_id=96285\" class=\"wp-image-96285\" srcset=\"https:\/\/tucomarca.whitekongsoftware.com\/wp-content\/uploads\/2019\/11\/02-1.jpg 787w, https:\/\/tucomarca.whitekongsoftware.com\/wp-content\/uploads\/2019\/11\/02-1-300x225.jpg 300w, https:\/\/tucomarca.whitekongsoftware.com\/wp-content\/uploads\/2019\/11\/02-1-768x577.jpg 768w, https:\/\/tucomarca.whitekongsoftware.com\/wp-content\/uploads\/2019\/11\/02-1-678x509.jpg 678w, https:\/\/tucomarca.whitekongsoftware.com\/wp-content\/uploads\/2019\/11\/02-1-326x245.jpg 326w, https:\/\/tucomarca.whitekongsoftware.com\/wp-content\/uploads\/2019\/11\/02-1-80x60.jpg 80w\" sizes=\"auto, (max-width: 787px) 100vw, 787px\" \/><\/figure><\/li><li class=\"blocks-gallery-item\"><figure><img loading=\"lazy\" decoding=\"async\" width=\"787\" height=\"591\" src=\"http:\/\/www.tucomarca.com\/wordpress\/segunda\/wp-content\/uploads\/2019\/11\/03-2.jpg\" alt=\"\" data-id=\"96287\" data-link=\"http:\/\/www.tucomarca.com\/wordpress\/segunda\/?attachment_id=96287\" class=\"wp-image-96287\" srcset=\"https:\/\/tucomarca.whitekongsoftware.com\/wp-content\/uploads\/2019\/11\/03-2.jpg 787w, https:\/\/tucomarca.whitekongsoftware.com\/wp-content\/uploads\/2019\/11\/03-2-300x225.jpg 300w, https:\/\/tucomarca.whitekongsoftware.com\/wp-content\/uploads\/2019\/11\/03-2-768x577.jpg 768w, https:\/\/tucomarca.whitekongsoftware.com\/wp-content\/uploads\/2019\/11\/03-2-678x509.jpg 678w, https:\/\/tucomarca.whitekongsoftware.com\/wp-content\/uploads\/2019\/11\/03-2-326x245.jpg 326w, https:\/\/tucomarca.whitekongsoftware.com\/wp-content\/uploads\/2019\/11\/03-2-80x60.jpg 80w\" sizes=\"auto, (max-width: 787px) 100vw, 787px\" \/><\/figure><\/li><li class=\"blocks-gallery-item\"><figure><img loading=\"lazy\" decoding=\"async\" width=\"787\" height=\"591\" src=\"http:\/\/www.tucomarca.com\/wordpress\/segunda\/wp-content\/uploads\/2019\/11\/04-1.jpg\" alt=\"\" data-id=\"96289\" data-link=\"http:\/\/www.tucomarca.com\/wordpress\/segunda\/?attachment_id=96289\" class=\"wp-image-96289\" srcset=\"https:\/\/tucomarca.whitekongsoftware.com\/wp-content\/uploads\/2019\/11\/04-1.jpg 787w, https:\/\/tucomarca.whitekongsoftware.com\/wp-content\/uploads\/2019\/11\/04-1-300x225.jpg 300w, https:\/\/tucomarca.whitekongsoftware.com\/wp-content\/uploads\/2019\/11\/04-1-768x577.jpg 768w, https:\/\/tucomarca.whitekongsoftware.com\/wp-content\/uploads\/2019\/11\/04-1-678x509.jpg 678w, https:\/\/tucomarca.whitekongsoftware.com\/wp-content\/uploads\/2019\/11\/04-1-326x245.jpg 326w, https:\/\/tucomarca.whitekongsoftware.com\/wp-content\/uploads\/2019\/11\/04-1-80x60.jpg 80w\" sizes=\"auto, (max-width: 787px) 100vw, 787px\" \/><\/figure><\/li><li class=\"blocks-gallery-item\"><figure><img loading=\"lazy\" decoding=\"async\" width=\"591\" height=\"764\" src=\"http:\/\/www.tucomarca.com\/wordpress\/segunda\/wp-content\/uploads\/2019\/11\/05-1.jpg\" alt=\"\" data-id=\"96291\" data-link=\"http:\/\/www.tucomarca.com\/wordpress\/segunda\/?attachment_id=96291\" class=\"wp-image-96291\" srcset=\"https:\/\/tucomarca.whitekongsoftware.com\/wp-content\/uploads\/2019\/11\/05-1.jpg 591w, https:\/\/tucomarca.whitekongsoftware.com\/wp-content\/uploads\/2019\/11\/05-1-232x300.jpg 232w\" sizes=\"auto, (max-width: 591px) 100vw, 591px\" \/><\/figure><\/li><\/ul>\n","protected":false},"excerpt":{"rendered":"<div class=\"mh-excerpt\">Durant el passat mes d&#8217;octubre i aquest de novembre han visitat el Conservatori Professional &#8220;Sant Rafael&#8221; de Bunyol les aules de 5 anys dels col\u00b7legis de Sant Llu\u00eds i Cervantes de Bunyol. Unes visites que <a class=\"mh-excerpt-more\" href=\"https:\/\/tucomarca.whitekongsoftware.com\/ca\/fotogaleria-els-alumnes-dels-collegis-publics-visiten-el-conservatori-professional-sant-rafael-de-bunyol\/\" title=\"Fotogaleria: Els alumnes dels col\u00b7legis p\u00fablics visiten el Conservatori Professional &#8220;Sant Rafael&#8221; de Bunyol\">[+] <\/a><\/div>\n","protected":false},"author":12,"featured_media":96282,"comment_status":"open","ping_status":"open","sticky":false,"template":"","format":"standard","meta":{"footnotes":""},"categories":[10911,11005,10912,11007,10896],"tags":[10385],"class_list":["post-96295","post","type-post","status-publish","format-standard","has-post-thumbnail","category-bunol-ca","category-canal-musica","category-la-hoya-ca","category-ocio-y-cultura-ca","category-seccion-ca","tag-bunol"],"_links":{"self":[{"href":"https:\/\/tucomarca.whitekongsoftware.com\/ca\/wp-json\/wp\/v2\/posts\/96295","targetHints":{"allow":["GET"]}}],"collection":[{"href":"https:\/\/tucomarca.whitekongsoftware.com\/ca\/wp-json\/wp\/v2\/posts"}],"about":[{"href":"https:\/\/tucomarca.whitekongsoftware.com\/ca\/wp-json\/wp\/v2\/types\/post"}],"author":[{"embeddable":true,"href":"https:\/\/tucomarca.whitekongsoftware.com\/ca\/wp-json\/wp\/v2\/users\/12"}],"replies":[{"embeddable":true,"href":"https:\/\/tucomarca.whitekongsoftware.com\/ca\/wp-json\/wp\/v2\/comments?post=96295"}],"version-history":[{"count":0,"href":"https:\/\/tucomarca.whitekongsoftware.com\/ca\/wp-json\/wp\/v2\/posts\/96295\/revisions"}],"wp:featuredmedia":[{"embeddable":true,"href":"https:\/\/tucomarca.whitekongsoftware.com\/ca\/wp-json\/wp\/v2\/media\/96282"}],"wp:attachment":[{"href":"https:\/\/tucomarca.whitekongsoftware.com\/ca\/wp-json\/wp\/v2\/media?parent=96295"}],"wp:term":[{"taxonomy":"category","embeddable":true,"href":"https:\/\/tucomarca.whitekongsoftware.com\/ca\/wp-json\/wp\/v2\/categories?post=96295"},{"taxonomy":"post_tag","embeddable":true,"href":"https:\/\/tucomarca.whitekongsoftware.com\/ca\/wp-json\/wp\/v2\/tags?post=96295"}],"curies":[{"name":"wp","href":"https:\/\/api.w.org\/{rel}","templated":true}]}}