{"id":96276,"date":"2019-11-22T13:00:35","date_gmt":"2019-11-22T11:00:35","guid":{"rendered":"http:\/\/www.tucomarca.com\/wordpress\/segunda\/?p=96276"},"modified":"2019-11-22T18:11:09","modified_gmt":"2019-11-22T16:11:09","slug":"leliana-se-suma-al-dia-internacional-contra-la-violencia-de-genere-amb-diversos-actes","status":"publish","type":"post","link":"https:\/\/tucomarca.whitekongsoftware.com\/ca\/leliana-se-suma-al-dia-internacional-contra-la-violencia-de-genere-amb-diversos-actes\/","title":{"rendered":"L&#8217;Eliana se suma al Dia internacional contra la viol\u00e8ncia de g\u00e8nere amb diversos actes"},"content":{"rendered":"\n<p class=\"wp-block-paragraph\"><strong>L&#8217;Ajuntament, en col\u00b7laboraci\u00f3 amb diverses entitats locals, organitza els actes entorn al 25N que s&#8217;estendran fins el mes vinent de desembre<\/strong><\/p>\n\n\n\n<p class=\"wp-block-paragraph\">L&#8217;Eliana s&#8217;uneix a la celebraci\u00f3 del Dia Internacional Contra la Viol\u00e8ncia de G\u00e8nere que, com cada any, se celebra el 25 de novembre. I \u00e9s que, des de l&#8217;1 gener fins al passat 5 de novembre, 51 dones han perdut la vida per aquesta xacra social. Per aix\u00f2, la Regidoria d&#8217;Igualtat, juntament amb la de Pol\u00edtiques Socials, ha organitzat diversos actes entorn a aquesta data que inclouen des d&#8217;accions did\u00e0ctiques en prevenci\u00f3 en els centres educatius de la localitat, fins a la formaci\u00f3 del voluntariat que atendr\u00e0 els Punts Violeta.<\/p>\n\n\n\n<p class=\"wp-block-paragraph\">La cultura tindr\u00e0 un lloc destacat aquest dissabte 23 amb la posada en escena de l&#8217;obra de Federico Garc\u00eda Lorca \u2018Mariana Pineda\u2019, mite femen\u00ed i s\u00edmbol de la llibertat en els temps de l&#8217;absolutisme de Fernando VII. La cita ser\u00e0 a les 19.30 hores a l&#8217;Auditori Municipal i les entrades es poden adquirir anticipadament a trav\u00e9s de la web <em>www.elientrada.es<\/em> o en la taquilla de l&#8217;Auditori 2 hores abans de l&#8217;espectacle.<\/p>\n\n\n\n<p class=\"wp-block-paragraph\">Les accions centrals del 25N tindran lloc el mateix dilluns, que arrancar\u00e0 amb l&#8217;acte commemoratiu i la participaci\u00f3 de l&#8217;alumnat de Secund\u00e0ria, Batxillerat i Cicles Formatius del municipi. Condu\u00eft per l&#8217;actriu valenciana Pepa Cases, la cerim\u00f2nia en el Centre Sociocultural tancar\u00e0 amb un mon\u00f2leg. A continuaci\u00f3 s&#8217;iniciar\u00e0 una cercavila cap a l&#8217;Ajuntament al ritme de la batucada de dones Tiakat\u00fa, en el qual participaran tamb\u00e9 alumnes de sis\u00e9 de prim\u00e0ria, associacions locals i el p\u00fablic que es vulga sumar. A les 12 del migdia, l&#8217;alcalde Salva Torrent juntament amb la Corporaci\u00f3 Municipal s&#8217;uniran a l&#8217;acte de lectura del Manifest contra la viol\u00e8ncia de g\u00e8nere.&nbsp;<\/p>\n\n\n\n<p class=\"wp-block-paragraph\">El dimarts 26, l&#8217;associaci\u00f3 Alanna en col\u00b7laboraci\u00f3 amb l&#8217;Eliana Feminista instal\u00b7lar\u00e0 una Biblioteca Humana, des de les 18 hores, en el Centre Sociocultural. Mentrestant, el divendres 29 l&#8217;experta en atenci\u00f3 soci-sanit\u00e0ria a la depend\u00e8ncia, Katja Villatoro, en col\u00b7laboraci\u00f3 amb l&#8217;associaci\u00f3 Lliures, far\u00e0 una xerrada titulada \u2018Viol\u00e8ncia de g\u00e8nere en dones invisibilitzades per diversitat funcional\u2019. Ser\u00e0 a les 18 hores a la sala de debat Pepe Torrent del Centre Sociocultural.&nbsp;<\/p>\n\n\n\n<p class=\"wp-block-paragraph\">No obstant aix\u00f2, els actes commemoratius del 25N no finalitzaran fins el mes vinent de desembre. En concret, el dimarts 17 la companyia Imapacta\u2019t, organitzar\u00e0 dues sessions de Teatre F\u00f2rum sobre relacions de parella en l&#8217;adolesc\u00e8ncia destinat a alumnes de 3r i 4t de l&#8217;ESO a l&#8217;Auditori Municipal.&nbsp;<\/p>\n\n\n\n<p class=\"wp-block-paragraph\">La Regidora d&#8217;Igualtat, Concha Montaner, ha destacat la import\u00e0ncia de \u201cvisibilitzar aquesta xacra social que les dones de qualsevol condici\u00f3 patim tant en p\u00fablic com en privat\u201d.<\/p>\n","protected":false},"excerpt":{"rendered":"<div class=\"mh-excerpt\">L&#8217;Ajuntament, en col\u00b7laboraci\u00f3 amb diverses entitats locals, organitza els actes entorn al 25N que s&#8217;estendran fins el mes vinent de desembre L&#8217;Eliana s&#8217;uneix a la celebraci\u00f3 del Dia Internacional Contra la Viol\u00e8ncia de G\u00e8nere que, <a class=\"mh-excerpt-more\" href=\"https:\/\/tucomarca.whitekongsoftware.com\/ca\/leliana-se-suma-al-dia-internacional-contra-la-violencia-de-genere-amb-diversos-actes\/\" title=\"L&#8217;Eliana se suma al Dia internacional contra la viol\u00e8ncia de g\u00e8nere amb diversos actes\">[+] <\/a><\/div>\n","protected":false},"author":12,"featured_media":96274,"comment_status":"open","ping_status":"open","sticky":false,"template":"","format":"standard","meta":{"footnotes":""},"categories":[11019,10892,10894,10893,10896],"tags":[10433],"class_list":["post-96276","post","type-post","status-publish","format-standard","has-post-thumbnail","category-agenda-ca","category-camp-de-turia-ca","category-la-comarca-ca","category-leliana-ca","category-seccion-ca","tag-leliana"],"_links":{"self":[{"href":"https:\/\/tucomarca.whitekongsoftware.com\/ca\/wp-json\/wp\/v2\/posts\/96276","targetHints":{"allow":["GET"]}}],"collection":[{"href":"https:\/\/tucomarca.whitekongsoftware.com\/ca\/wp-json\/wp\/v2\/posts"}],"about":[{"href":"https:\/\/tucomarca.whitekongsoftware.com\/ca\/wp-json\/wp\/v2\/types\/post"}],"author":[{"embeddable":true,"href":"https:\/\/tucomarca.whitekongsoftware.com\/ca\/wp-json\/wp\/v2\/users\/12"}],"replies":[{"embeddable":true,"href":"https:\/\/tucomarca.whitekongsoftware.com\/ca\/wp-json\/wp\/v2\/comments?post=96276"}],"version-history":[{"count":0,"href":"https:\/\/tucomarca.whitekongsoftware.com\/ca\/wp-json\/wp\/v2\/posts\/96276\/revisions"}],"wp:featuredmedia":[{"embeddable":true,"href":"https:\/\/tucomarca.whitekongsoftware.com\/ca\/wp-json\/wp\/v2\/media\/96274"}],"wp:attachment":[{"href":"https:\/\/tucomarca.whitekongsoftware.com\/ca\/wp-json\/wp\/v2\/media?parent=96276"}],"wp:term":[{"taxonomy":"category","embeddable":true,"href":"https:\/\/tucomarca.whitekongsoftware.com\/ca\/wp-json\/wp\/v2\/categories?post=96276"},{"taxonomy":"post_tag","embeddable":true,"href":"https:\/\/tucomarca.whitekongsoftware.com\/ca\/wp-json\/wp\/v2\/tags?post=96276"}],"curies":[{"name":"wp","href":"https:\/\/api.w.org\/{rel}","templated":true}]}}