{"id":96053,"date":"2019-11-19T11:33:41","date_gmt":"2019-11-19T09:33:41","guid":{"rendered":"http:\/\/www.tucomarca.com\/wordpress\/segunda\/?p=96053"},"modified":"2019-11-19T11:33:59","modified_gmt":"2019-11-19T09:33:59","slug":"lajuntament-de-xest-reparteix-60-compostadores-per-a-us-domestic","status":"publish","type":"post","link":"https:\/\/tucomarca.whitekongsoftware.com\/ca\/lajuntament-de-xest-reparteix-60-compostadores-per-a-us-domestic\/","title":{"rendered":"L&#8217;Ajuntament de Xest reparteix 60 compostadores per a \u00fas dom\u00e8stic"},"content":{"rendered":"\n<p class=\"wp-block-paragraph\">L&#8217;Ajuntament de Xest va repartir 60 compostadores per a \u00fas dom\u00e8stic a les persones que les havien sol\u00b7licitat durant el mes de setembre. Aquesta iniciativa s&#8217;emmarca dins de el projecte de compostatge dom\u00e8stic per als municipis ofert pel Consorci Val\u00e8ncia Interior (CVI) i respon a l&#8217;objectiu de &#8220;crear una economia circular en estat pur, obtenint, a l&#8217;compostar, abonament de qualitat per a \u00fas en les terres&#8221; .<br> &#8220;Ens vam assabentar que el Consorci repartia 2.500 compostadores per a tota la comarca, aix\u00ed que vam informar als ve\u00efns i ve\u00efnes per temptejar quantes persones estarien interessades a disposar d&#8217;un. La resposta va ser molt bona i el Consorci va posar a la nostra disposici\u00f3 la realitzaci\u00f3 d&#8217;uns tallers sobre compostatge, als quals van assistir prop de 70 persones, i finalment hem arribat a repartir 60 compostadores &#8220;, explicava el regidor de Medi Ambient, David Pujals. &#8220;Aquesta iniciativa \u00e9s un pas important i esperem que en uns mesos puguem fer m\u00e9s tallers sobre reciclatge i compostatge i lliurar m\u00e9s compostadores&#8221;.<br> Les compostadores tenen unes dimensions de 76x76x90 cm i es van lliurar acompanyades d&#8217;un codi QR que remet a un web amb informaci\u00f3 sobre el seu \u00fas; encara que el requisit per a rebre-les era formar-se en els tallers realitzats durant el mes d&#8217;octubre, en els quals els i les participants van aprendre com obtenir el millor aprofitament d&#8217;aquest recurs i es van comprometre a fer un \u00fas responsable d&#8217;ell mateix. &#8220;Em sembla una iniciativa estupenda&#8221;, afirmava Antonio Dom\u00ednguez, un dels usuaris. &#8220;S\u00f2l seguir de prop les not\u00edcies de el Consorci i no em constava l&#8217;exist\u00e8ncia d&#8217;aquesta promoci\u00f3, aix\u00ed que em sembla molt b\u00e9 que l&#8217;Ajuntament de Xest hagi fet ress\u00f2. \u00c9s cert que qui realment li pot treure partit \u00e9s qui tinga una planta baixa amb pati o una casa amb jard\u00ed o terreny; per\u00f2 tamb\u00e9 hi ha compostadores comunit\u00e0ries per als que no disposin d&#8217;una resid\u00e8ncia amb aquestes caracter\u00edstiques, de manera que crec que el compostatge accessible a tothom &#8220;.<br> En aquesta l\u00ednia, el regidor de Serveis, Jos\u00e9 Vicente Guijarro, actual vicepresident de el Consorci va manifestar que des de l&#8217;entitat es pret\u00e9n, &#8220;de cara a l&#8217;any que, dotar la poblaci\u00f3 d&#8217;un nombre de contenidors marrons per dipositar \u00fanicament residu org\u00e0nic, \u00e9s a dir , restes de menjar &#8220;.<br> &#8220;Crec que el repartiment d&#8217;aquestes 60 compostadores a Xest \u00e9s un comen\u00e7ament extraordinari. A m\u00e9s, tenim unes 30 o 40 m\u00e9s per repartir en una segona fase, ja que hi ha molts ciutadans i ciutadanes amb inter\u00e8s a fer un compost de qualitat per aprofitar-ho en els seus jardins o en la seva pr\u00f2pia horta &#8220;, afirmava Guijarro. &#8220;Aix\u00f2 \u00e9s una cosa necess\u00e0ria, ja que la UE demanda que a partir del 2020 aconseguim reciclar un 35% d&#8217;org\u00e0nic, el que comporta un esfor\u00e7 per part de la ciutadania i tamb\u00e9 un comprom\u00eds per part de la pol\u00edtica a nivell municipal. D&#8217;altra banda, tamb\u00e9 des del Consorci treballarem per millorar el servei de reciclatge. Hem de conscienciar-nos i preocupar-nos per reduir, reciclar i reutilitzar; ja que els riscos derivats de l&#8217;canvi clim\u00e0tic s\u00f3n alarmants: es preveu que el 2050 augmentin les temperatures, canvi\u00efn els per\u00edodes estacionals o es donin pluges torrencials dif\u00edcils de controlar, entre molts altres factors de risc. \u00c9s responsabilitat de tots i totes actuar davant d&#8217;aquesta situaci\u00f3 i bolcar-nos en tenir cura del Medi Ambient &#8220;.<\/p>\n","protected":false},"excerpt":{"rendered":"<div class=\"mh-excerpt\">L&#8217;Ajuntament de Xest va repartir 60 compostadores per a \u00fas dom\u00e8stic a les persones que les havien sol\u00b7licitat durant el mes de setembre. Aquesta iniciativa s&#8217;emmarca dins de el projecte de compostatge dom\u00e8stic per als <a class=\"mh-excerpt-more\" href=\"https:\/\/tucomarca.whitekongsoftware.com\/ca\/lajuntament-de-xest-reparteix-60-compostadores-per-a-us-domestic\/\" title=\"L&#8217;Ajuntament de Xest reparteix 60 compostadores per a \u00fas dom\u00e8stic\">[+] <\/a><\/div>\n","protected":false},"author":12,"featured_media":96052,"comment_status":"open","ping_status":"open","sticky":false,"template":"","format":"standard","meta":{"footnotes":""},"categories":[10894,10912,10903,10896,10974],"tags":[11071],"class_list":["post-96053","post","type-post","status-publish","format-standard","has-post-thumbnail","category-la-comarca-ca","category-la-hoya-ca","category-medio-ambiente-la-comarca-ca","category-seccion-ca","category-cheste-ca","tag-cheste"],"_links":{"self":[{"href":"https:\/\/tucomarca.whitekongsoftware.com\/ca\/wp-json\/wp\/v2\/posts\/96053","targetHints":{"allow":["GET"]}}],"collection":[{"href":"https:\/\/tucomarca.whitekongsoftware.com\/ca\/wp-json\/wp\/v2\/posts"}],"about":[{"href":"https:\/\/tucomarca.whitekongsoftware.com\/ca\/wp-json\/wp\/v2\/types\/post"}],"author":[{"embeddable":true,"href":"https:\/\/tucomarca.whitekongsoftware.com\/ca\/wp-json\/wp\/v2\/users\/12"}],"replies":[{"embeddable":true,"href":"https:\/\/tucomarca.whitekongsoftware.com\/ca\/wp-json\/wp\/v2\/comments?post=96053"}],"version-history":[{"count":0,"href":"https:\/\/tucomarca.whitekongsoftware.com\/ca\/wp-json\/wp\/v2\/posts\/96053\/revisions"}],"wp:featuredmedia":[{"embeddable":true,"href":"https:\/\/tucomarca.whitekongsoftware.com\/ca\/wp-json\/wp\/v2\/media\/96052"}],"wp:attachment":[{"href":"https:\/\/tucomarca.whitekongsoftware.com\/ca\/wp-json\/wp\/v2\/media?parent=96053"}],"wp:term":[{"taxonomy":"category","embeddable":true,"href":"https:\/\/tucomarca.whitekongsoftware.com\/ca\/wp-json\/wp\/v2\/categories?post=96053"},{"taxonomy":"post_tag","embeddable":true,"href":"https:\/\/tucomarca.whitekongsoftware.com\/ca\/wp-json\/wp\/v2\/tags?post=96053"}],"curies":[{"name":"wp","href":"https:\/\/api.w.org\/{rel}","templated":true}]}}