{"id":95934,"date":"2019-11-17T23:02:45","date_gmt":"2019-11-17T21:02:45","guid":{"rendered":"http:\/\/www.tucomarca.com\/wordpress\/segunda\/?p=95934"},"modified":"2019-11-17T23:02:55","modified_gmt":"2019-11-17T21:02:55","slug":"ximo-puig-som-optimistes-respecte-a-el-futur-del-gran-premi-de-valencia","status":"publish","type":"post","link":"https:\/\/tucomarca.whitekongsoftware.com\/ca\/ximo-puig-som-optimistes-respecte-a-el-futur-del-gran-premi-de-valencia\/","title":{"rendered":"Ximo Puig: &#8220;Som optimistes respecte a el futur del Gran Premi de Val\u00e8ncia&#8221;"},"content":{"rendered":"\n<p class=\"wp-block-paragraph\">El president de la Generalitat, Ximo Puig, ha visitat les instal\u00b7lacions de circuit Ricardo Tormo de Xest amb motiu del Gran Premi Motul de Motociclisme de la Comunitat Valenciana.<\/p>\n\n\n\n<p class=\"wp-block-paragraph\">Puig, que ha acudit juntament amb el conseller d&#8217;Educaci\u00f3, Cultura i Esport, Vicent Marz\u00e0, ha destacat que la Generalitat &#8220;apostar\u00e0 sempre&#8221; pel Gran Premi de Val\u00e8ncia. &#8220;\u00c9s una alegria que la Comunitat Valenciana i el Circuit posin el punt final de l&#8217;campionat i ens agradaria que aix\u00ed fos sempre en el futur&#8221;, ha comentat el president.<\/p>\n\n\n\n<p class=\"wp-block-paragraph\">Ximo Puig ha mostrat la seva satisfacci\u00f3 per la lleialtat de el p\u00fablic que ha omplert les instalacoines amb un nou r\u00e8cord d&#8217;assist\u00e8ncia i ha subratllat les condicions que fan d&#8217;el gran premi un dels m\u00e9s importants. &#8220;No nom\u00e9s \u00e9s la pres\u00e8ncia de p\u00fablic, tamb\u00e9 les condicions climatol\u00f2giques, la seva situaci\u00f3 geogr\u00e0fica, o l&#8217;ampliaci\u00f3 que anem a comen\u00e7ar. Comptem amb un circuit de primera divisi\u00f3&#8221;.<\/p>\n\n\n\n<p class=\"wp-block-paragraph\">&#8220;Som optimistes respecte a el futur del Gran permio de Val\u00e8ncia perqu\u00e8 crec profundament en la potencialitat d&#8217;aquest circuit, en en la connexi\u00f3 existent entre l&#8217;organitzaci\u00f3 i la Generalitat, i entre el m\u00f3n de l&#8217;motor i la Comunitat Valenciana&#8221;, ha explicat Puig.<\/p>\n\n\n\n<p class=\"wp-block-paragraph\">El president, que ha seguit les proves durant tot el mat\u00ed, ha saludat els pilots valencians i ha agra\u00eft a les forces de seguretat, els treballadors i la direcci\u00f3 de l&#8217;circuit &#8220;l&#8217;esfor\u00e7 que suposa organitzar un esdeveniment d&#8217;aquestes caracter\u00edstiques&#8221;<\/p>\n","protected":false},"excerpt":{"rendered":"<div class=\"mh-excerpt\">El president de la Generalitat, Ximo Puig, ha visitat les instal\u00b7lacions de circuit Ricardo Tormo de Xest amb motiu del Gran Premi Motul de Motociclisme de la Comunitat Valenciana. Puig, que ha acudit juntament amb <a class=\"mh-excerpt-more\" href=\"https:\/\/tucomarca.whitekongsoftware.com\/ca\/ximo-puig-som-optimistes-respecte-a-el-futur-del-gran-premi-de-valencia\/\" title=\"Ximo Puig: &#8220;Som optimistes respecte a el futur del Gran Premi de Val\u00e8ncia&#8221;\">[+] <\/a><\/div>\n","protected":false},"author":1,"featured_media":95933,"comment_status":"open","ping_status":"open","sticky":false,"template":"","format":"standard","meta":{"footnotes":""},"categories":[11003,10898,10948,10894,10904,10912,11011,10947,10896,10974],"tags":[10379,10661],"class_list":["post-95934","post","type-post","status-publish","format-standard","has-post-thumbnail","category-sports","category-ventana-ca","category-infraestructuras-ca","category-la-comarca-ca","category-sin-categorizar-ca","category-la-hoya-ca","category-motociclismo-ca","category-politica","category-seccion-ca","category-cheste-ca","tag-deportes","tag-esports"],"_links":{"self":[{"href":"https:\/\/tucomarca.whitekongsoftware.com\/ca\/wp-json\/wp\/v2\/posts\/95934","targetHints":{"allow":["GET"]}}],"collection":[{"href":"https:\/\/tucomarca.whitekongsoftware.com\/ca\/wp-json\/wp\/v2\/posts"}],"about":[{"href":"https:\/\/tucomarca.whitekongsoftware.com\/ca\/wp-json\/wp\/v2\/types\/post"}],"author":[{"embeddable":true,"href":"https:\/\/tucomarca.whitekongsoftware.com\/ca\/wp-json\/wp\/v2\/users\/1"}],"replies":[{"embeddable":true,"href":"https:\/\/tucomarca.whitekongsoftware.com\/ca\/wp-json\/wp\/v2\/comments?post=95934"}],"version-history":[{"count":0,"href":"https:\/\/tucomarca.whitekongsoftware.com\/ca\/wp-json\/wp\/v2\/posts\/95934\/revisions"}],"wp:featuredmedia":[{"embeddable":true,"href":"https:\/\/tucomarca.whitekongsoftware.com\/ca\/wp-json\/wp\/v2\/media\/95933"}],"wp:attachment":[{"href":"https:\/\/tucomarca.whitekongsoftware.com\/ca\/wp-json\/wp\/v2\/media?parent=95934"}],"wp:term":[{"taxonomy":"category","embeddable":true,"href":"https:\/\/tucomarca.whitekongsoftware.com\/ca\/wp-json\/wp\/v2\/categories?post=95934"},{"taxonomy":"post_tag","embeddable":true,"href":"https:\/\/tucomarca.whitekongsoftware.com\/ca\/wp-json\/wp\/v2\/tags?post=95934"}],"curies":[{"name":"wp","href":"https:\/\/api.w.org\/{rel}","templated":true}]}}