{"id":95893,"date":"2019-11-15T13:25:09","date_gmt":"2019-11-15T11:25:09","guid":{"rendered":"http:\/\/www.tucomarca.com\/wordpress\/segunda\/?p=95893"},"modified":"2019-11-15T13:46:06","modified_gmt":"2019-11-15T11:46:06","slug":"joan-carles-fulgencio-presenta-un-ampli-dispositiu-per-garantir-la-normalitat-dun-dels-principals-esdeveniments-de-la-comunitat","status":"publish","type":"post","link":"https:\/\/tucomarca.whitekongsoftware.com\/ca\/joan-carles-fulgencio-presenta-un-ampli-dispositiu-per-garantir-la-normalitat-dun-dels-principals-esdeveniments-de-la-comunitat\/","title":{"rendered":"Joan Carles Fulgencio presenta &#8220;un ampli dispositiu&#8221; per garantir &#8220;la normalitat d&#8217;un dels principals esdeveniments de la Comunitat&#8221;"},"content":{"rendered":"\n<figure class=\"wp-block-image\"><img loading=\"lazy\" decoding=\"async\" width=\"1024\" height=\"576\" src=\"http:\/\/www.tucomarca.com\/wordpress\/segunda\/wp-content\/uploads\/2019\/11\/SeguridadCircuito-Cheste3-1024x576.jpg\" alt=\"Nota de prensaLa Guardia Civil y la Jefatura Provincial de Tr\u00e1fico destinan 5 helic\u00f3pteros, drones de transmisi\u00f3n de imagen a tiempo real y equipos ITS en carretera.\" class=\"wp-image-95895\" srcset=\"https:\/\/tucomarca.whitekongsoftware.com\/wp-content\/uploads\/2019\/11\/SeguridadCircuito-Cheste3-1024x576.jpg 1024w, https:\/\/tucomarca.whitekongsoftware.com\/wp-content\/uploads\/2019\/11\/SeguridadCircuito-Cheste3-300x169.jpg 300w, https:\/\/tucomarca.whitekongsoftware.com\/wp-content\/uploads\/2019\/11\/SeguridadCircuito-Cheste3-768x432.jpg 768w, https:\/\/tucomarca.whitekongsoftware.com\/wp-content\/uploads\/2019\/11\/SeguridadCircuito-Cheste3-678x381.jpg 678w, https:\/\/tucomarca.whitekongsoftware.com\/wp-content\/uploads\/2019\/11\/SeguridadCircuito-Cheste3.jpg 2016w\" sizes=\"auto, (max-width: 1024px) 100vw, 1024px\" \/><figcaption>La Gu\u00e0rdia Civil i la Prefectura Provincial de Tr\u00e0nsit destinen 5 helic\u00f2pters, drones de transmissi\u00f3 d&#8217;imatge a temps real i equips ITS a la carretera.<\/figcaption><\/figure>\n\n\n\n<p class=\"wp-block-paragraph\">El delegat de Govern a la Comunitat Valenciana, Juan Carlos Fulgencio, ha presentat avui el dispositiu de seguretat del Gran Premi Motul de la Comunitat Valenciana, que reunir\u00e0 a Xest a prop de 200.000 aficionats de el m\u00f3n de l&#8217;motociclisme.<br>\nFulgencio ha explicat que el Pla de Seguretat del Gran Premi comptar\u00e0 amb prop de 2.000 efectius de la Gu\u00e0rdia Civil, de les unitats de Seguretat Ciutadana, el SEPRONA, GRS, GAR, Subs\u00f2l, GEDEX, Cinol\u00f2gica i tamb\u00e9 de l&#8217;Escuadr\u00f3n de Cavalleria que desenvoluparan la seva tasca tant a l&#8217;interior de l&#8217;Circuit com en el terme municipal de Xest i municipis confrontants.<\/p>\n\n\n\n<p class=\"wp-block-paragraph\">A m\u00e9s, la Gu\u00e0rdia Civil destinar\u00e0 1 helic\u00f2pter que es sumar\u00e0 als 4 de la Prefectura Provincial de Tr\u00e0nsit (dos d&#8217;ells dotats amb c\u00e0mera Pegasus). Tr\u00e0nsit tamb\u00e9 incorporar\u00e0 a el dispositiu drones de transmissi\u00f3 d&#8217;imatge a temps real i equips ITS a la carretera (c\u00e0meres de vigil\u00e0ncia, sistemes de reconeixement de matr\u00edcules, radars).<\/p>\n\n\n\n<p class=\"wp-block-paragraph\">A aix\u00f2 se sumen efectius de Protecci\u00f3 Civil, de l&#8217;Ag\u00e8ncia de Seguretat i Resposta de les Emerg\u00e8ncies i de l&#8217;ajuntament de Xest, Bombers, i personal de seguretat de l&#8217;Circuit.<br>\n&nbsp;<br>\nEl delegat ha assegurat que es tracta d &#8216; &#8220;un ampli dispositiu de seguretat amb qu\u00e8 es garantir\u00e0 el desenvolupament normal i festiu d&#8217;un dels esdeveniments esportius m\u00e9s importants de la Comunitat Valenciana&#8221;.<\/p>\n\n\n\n<p class=\"wp-block-paragraph\">En la seva intervenci\u00f3, Fulgencio ha demanat a tots els aficionats que abans d&#8217;iniciar els seus despla\u00e7aments &#8220;s&#8217;informin a trav\u00e9s dels diferents serveis de la Delegaci\u00f3 de Govern, de la Prefectura Provincial de Tr\u00e0nsit o de la Gu\u00e0rdia Civil de la situaci\u00f3 de les carreteres i dels accessos a l&#8217;Circuit Ricardo Tormo &#8220;.<br>\nAix\u00ed mateix, el delegat ha recordat el dispositiu especial de transport que per a aquests dies ha posat en marxa Renfe, amb una oferta de 204 trens amb parada a l&#8217;estaci\u00f3 de Circuit fins el diumenge 17.<br>\nSegons AEMET, les previsions meteorol\u00f2giques per aquest cap de setmana s\u00f3n pr\u00f2pies de la tardor, destacant el diumenge al mat\u00ed ratxes de vent.<\/p>\n\n\n\n<p class=\"wp-block-paragraph\">A la presentaci\u00f3 de el dispositiu de seguretat del Gran Premi de Motociclisme de la Comunitat Valenciana tamb\u00e9 han assistit el subdelegat de Govern a Val\u00e8ncia, Jos\u00e9 Roberto Gonz\u00e1lez; el coronel cap de la Comand\u00e0ncia de la Gu\u00e0rdia Civil a Val\u00e8ncia, Amador Escalada; el tinent coronel d&#8217;al Sector de Tr\u00e0nsit de la Gu\u00e0rdia Civil, Javier S\u00e1nchez Ferragut; la cap provincial de Tr\u00e0nsit, Pilar F\u00fanez i l&#8217;alcalde de Xest, Jos\u00e9 Morell; aix\u00ed com a responsables de seguretat de l&#8217;Circuit Ricardo Tormo i de l&#8217;Ag\u00e8ncia Seguretat i Resposta a les Emerg\u00e8ncies.<\/p>\n","protected":false},"excerpt":{"rendered":"<div class=\"mh-excerpt\">El delegat de Govern a la Comunitat Valenciana, Juan Carlos Fulgencio, ha presentat avui el dispositiu de seguretat del Gran Premi Motul de la Comunitat Valenciana, que reunir\u00e0 a Xest a prop de 200.000 aficionats <a class=\"mh-excerpt-more\" href=\"https:\/\/tucomarca.whitekongsoftware.com\/ca\/joan-carles-fulgencio-presenta-un-ampli-dispositiu-per-garantir-la-normalitat-dun-dels-principals-esdeveniments-de-la-comunitat\/\" title=\"Joan Carles Fulgencio presenta &#8220;un ampli dispositiu&#8221; per garantir &#8220;la normalitat d&#8217;un dels principals esdeveniments de la Comunitat&#8221;\">[+] <\/a><\/div>\n","protected":false},"author":1,"featured_media":95891,"comment_status":"open","ping_status":"open","sticky":false,"template":"","format":"standard","meta":{"footnotes":""},"categories":[11003,10898,10948,10894,10904,10912,11011,10947,10896,10897,10974],"tags":[10477],"class_list":["post-95893","post","type-post","status-publish","format-standard","has-post-thumbnail","category-sports","category-ventana-ca","category-infraestructuras-ca","category-la-comarca-ca","category-sin-categorizar-ca","category-la-hoya-ca","category-motociclismo-ca","category-politica","category-seccion-ca","category-sucesos-la-comarca-ca","category-cheste-ca","tag-circuito-de-cheste"],"_links":{"self":[{"href":"https:\/\/tucomarca.whitekongsoftware.com\/ca\/wp-json\/wp\/v2\/posts\/95893","targetHints":{"allow":["GET"]}}],"collection":[{"href":"https:\/\/tucomarca.whitekongsoftware.com\/ca\/wp-json\/wp\/v2\/posts"}],"about":[{"href":"https:\/\/tucomarca.whitekongsoftware.com\/ca\/wp-json\/wp\/v2\/types\/post"}],"author":[{"embeddable":true,"href":"https:\/\/tucomarca.whitekongsoftware.com\/ca\/wp-json\/wp\/v2\/users\/1"}],"replies":[{"embeddable":true,"href":"https:\/\/tucomarca.whitekongsoftware.com\/ca\/wp-json\/wp\/v2\/comments?post=95893"}],"version-history":[{"count":0,"href":"https:\/\/tucomarca.whitekongsoftware.com\/ca\/wp-json\/wp\/v2\/posts\/95893\/revisions"}],"wp:featuredmedia":[{"embeddable":true,"href":"https:\/\/tucomarca.whitekongsoftware.com\/ca\/wp-json\/wp\/v2\/media\/95891"}],"wp:attachment":[{"href":"https:\/\/tucomarca.whitekongsoftware.com\/ca\/wp-json\/wp\/v2\/media?parent=95893"}],"wp:term":[{"taxonomy":"category","embeddable":true,"href":"https:\/\/tucomarca.whitekongsoftware.com\/ca\/wp-json\/wp\/v2\/categories?post=95893"},{"taxonomy":"post_tag","embeddable":true,"href":"https:\/\/tucomarca.whitekongsoftware.com\/ca\/wp-json\/wp\/v2\/tags?post=95893"}],"curies":[{"name":"wp","href":"https:\/\/api.w.org\/{rel}","templated":true}]}}