{"id":95763,"date":"2019-11-14T01:03:45","date_gmt":"2019-11-13T23:03:45","guid":{"rendered":"http:\/\/www.tucomarca.com\/wordpress\/segunda\/?p=95763"},"modified":"2019-11-14T01:03:54","modified_gmt":"2019-11-13T23:03:54","slug":"leliana-fa-lliurament-de-la-recaptacio-obtinguda-en-la-setmana-de-lalzheimer","status":"publish","type":"post","link":"https:\/\/tucomarca.whitekongsoftware.com\/ca\/leliana-fa-lliurament-de-la-recaptacio-obtinguda-en-la-setmana-de-lalzheimer\/","title":{"rendered":"L&#8217;Eliana fa lliurament de la recaptaci\u00f3 obtinguda en la Setmana de l&#8217;Alzheimer"},"content":{"rendered":"\n<p class=\"wp-block-paragraph\"><strong>La donaci\u00f3 de m\u00e9s de 600 euros realitzada per part dels ve\u00efns anir\u00e0 destinada a donar suport a la labor de l&#8217;Associaci\u00f3 de Familiars d&#8217;Alzheimer Val\u00e8ncia<\/strong><\/p>\n\n\n\n<p class=\"wp-block-paragraph\">La regidora de Benestar Social, Mar\u00eda Jos\u00e9 Valenzuela, ha fet lliurament aquest dimarts a l&#8217;Associaci\u00f3 de Familiars d&#8217;Alzheimer Val\u00e8ncia (AFAV) de la recaptaci\u00f3 obtinguda el mes de setembre passat. Els m\u00e9s de 600 euros recaptats durant la Setmana de l&#8217;Alzheimer gr\u00e0cies a la solidaritat dels ve\u00efns de l&#8217;Eliana aniran destinats a diverses activitats d&#8217;assessorament i formaci\u00f3 sobre la malaltia per als afectats i els seus familiars.<\/p>\n\n\n\n<p class=\"wp-block-paragraph\">La visita ha servit tamb\u00e9 per a con\u00e9ixer el Centre de Dia de Benicalap que gestiona l&#8217;associaci\u00f3. La Treballadora Social, Sonia S\u00e1nchez, ha sigut l&#8217;encarregada de mostrar les seues activitats i funcionament diari, aix\u00ed com les diverses sales d&#8217;estimulaci\u00f3 cognitiva amb noves ter\u00e0pies com ara la <em>Snoezelen<\/em> o La meua caseta d&#8217;ahir, on els pacients recreen el seu dia a dia passat en un entorn ambientat en els anys 60.<\/p>\n\n\n\n<p class=\"wp-block-paragraph\">En l&#8217;acte de lliurament ha estat present tamb\u00e9 la Directora del centre de dia Montcalet de l&#8217;Eliana, Carmen Betoret, i l&#8217;Educadora Social de l&#8217;Ajuntament, Rosa Cuartero, els qui han pogut con\u00e9ixer als membres del cor de \u2018Els Veus de la Mem\u00f2ria\u2019. Tot aix\u00f2 dirigit per un equip multidisciplinari que compta amb metge, terapeutes, fisioterapeuta, etc. per a atendre a prop d&#8217;un centenar de persones a la setmana i en qualsevol etapa de la malaltia.<\/p>\n\n\n\n<p class=\"wp-block-paragraph\">La regidora de Benestar Social ha posat en valor el treball que realitzen els professionals i voluntaris des de l&#8217;associaci\u00f3 i ha destacat la satisfacci\u00f3 dels usuaris i els seus familiars. \u2018Amb aquesta aportaci\u00f3 l&#8217;Eliana vol recolzar aquesta gran labor i donar-los una major visibilitat\u2019 ha declarat, al mateix temps que s&#8217;ha comprom\u00e9s a continuar contribuint a aquesta causa que afecta tamb\u00e9 a diversos ve\u00efns del municipi i a m\u00e9s de 80.000 persones a la Comunitat Valenciana.<\/p>\n","protected":false},"excerpt":{"rendered":"<div class=\"mh-excerpt\">La donaci\u00f3 de m\u00e9s de 600 euros realitzada per part dels ve\u00efns anir\u00e0 destinada a donar suport a la labor de l&#8217;Associaci\u00f3 de Familiars d&#8217;Alzheimer Val\u00e8ncia La regidora de Benestar Social, Mar\u00eda Jos\u00e9 Valenzuela, ha <a class=\"mh-excerpt-more\" href=\"https:\/\/tucomarca.whitekongsoftware.com\/ca\/leliana-fa-lliurament-de-la-recaptacio-obtinguda-en-la-setmana-de-lalzheimer\/\" title=\"L&#8217;Eliana fa lliurament de la recaptaci\u00f3 obtinguda en la Setmana de l&#8217;Alzheimer\">[+] <\/a><\/div>\n","protected":false},"author":12,"featured_media":95762,"comment_status":"open","ping_status":"open","sticky":false,"template":"","format":"standard","meta":{"footnotes":""},"categories":[10892,11010,10894,10893,10896],"tags":[10433],"class_list":["post-95763","post","type-post","status-publish","format-standard","has-post-thumbnail","category-camp-de-turia-ca","category-canal-salud","category-la-comarca-ca","category-leliana-ca","category-seccion-ca","tag-leliana"],"_links":{"self":[{"href":"https:\/\/tucomarca.whitekongsoftware.com\/ca\/wp-json\/wp\/v2\/posts\/95763","targetHints":{"allow":["GET"]}}],"collection":[{"href":"https:\/\/tucomarca.whitekongsoftware.com\/ca\/wp-json\/wp\/v2\/posts"}],"about":[{"href":"https:\/\/tucomarca.whitekongsoftware.com\/ca\/wp-json\/wp\/v2\/types\/post"}],"author":[{"embeddable":true,"href":"https:\/\/tucomarca.whitekongsoftware.com\/ca\/wp-json\/wp\/v2\/users\/12"}],"replies":[{"embeddable":true,"href":"https:\/\/tucomarca.whitekongsoftware.com\/ca\/wp-json\/wp\/v2\/comments?post=95763"}],"version-history":[{"count":0,"href":"https:\/\/tucomarca.whitekongsoftware.com\/ca\/wp-json\/wp\/v2\/posts\/95763\/revisions"}],"wp:featuredmedia":[{"embeddable":true,"href":"https:\/\/tucomarca.whitekongsoftware.com\/ca\/wp-json\/wp\/v2\/media\/95762"}],"wp:attachment":[{"href":"https:\/\/tucomarca.whitekongsoftware.com\/ca\/wp-json\/wp\/v2\/media?parent=95763"}],"wp:term":[{"taxonomy":"category","embeddable":true,"href":"https:\/\/tucomarca.whitekongsoftware.com\/ca\/wp-json\/wp\/v2\/categories?post=95763"},{"taxonomy":"post_tag","embeddable":true,"href":"https:\/\/tucomarca.whitekongsoftware.com\/ca\/wp-json\/wp\/v2\/tags?post=95763"}],"curies":[{"name":"wp","href":"https:\/\/api.w.org\/{rel}","templated":true}]}}