{"id":95659,"date":"2019-11-12T13:32:18","date_gmt":"2019-11-12T11:32:18","guid":{"rendered":"http:\/\/www.tucomarca.com\/wordpress\/segunda\/?p=95659"},"modified":"2019-11-12T13:32:26","modified_gmt":"2019-11-12T11:32:26","slug":"renfe-programa-204-trens-amb-parada-a-lestacio-de-circuit-per-desplacar-se-a-al-gran-premi-motul-de-la-comunitat-valenciana","status":"publish","type":"post","link":"https:\/\/tucomarca.whitekongsoftware.com\/ca\/renfe-programa-204-trens-amb-parada-a-lestacio-de-circuit-per-desplacar-se-a-al-gran-premi-motul-de-la-comunitat-valenciana\/","title":{"rendered":"Renfe programa 204 trens amb parada a l&#8217;estaci\u00f3 de Circuit per despla\u00e7ar-se a al Gran Premi Motul de la Comunitat Valenciana"},"content":{"rendered":"\n<p class=\"wp-block-paragraph\">Renfe ha programat un dispositiu especial de transport, que es xifra en una oferta de 204 trens, amb parada a l&#8217;estaci\u00f3 de Circuit de Xest, des del dijous 14 de novembre fins al diumenge 17, amb motiu dels entrenaments i la celebraci\u00f3 del Gran premi Motul de la Comunitat Valenciana, \u00faltima prova del Campionat Mundial de Motociclisme.<br> \u00a0<br> Pel que fa a el dispositiu de transport, fins al proper 17 de novembre tots els trens de Rodalies que circulen per la l\u00ednia C-3 Val\u00e8ncia Nord-Bunyol-Utiel (en ambd\u00f3s sentits) efectuaran parada al baixador de l&#8217;circuit &#8220;Ricardo Tormo &#8220;. Els trens Regionals Conca-Val\u00e8ncia tamb\u00e9 tindran parada al Circuit de Xest.<br> \u00a0<br> Diumenge, dia 17, es duplica l&#8217;oferta en 15 trens de Rodalies que sortiran de Val\u00e8ncia Nord, superant les 23.600 places. El nombre total de places ofertades per a l&#8217;edici\u00f3 n\u00ba 21 del Gran Premi Motul de la Comunitat Valenciana \u00e9s de 81.200, el que suposa un increment de 12.400 places.<br> \u00a0<br><strong> Trens especials nocturns<br><\/strong> \u00a0<br> Renfe oferir\u00e0 un total de 16 trens especials nocturns, durant les nits de l&#8217;15 i el 16 de novembre que circularan entre Val\u00e8ncia-Nord i Xest amb parada a totes les estacions.<br> \u00a0<br> Fins al moment, s&#8217;ha comprovat que el 18% de les persones que han assistit a alguna prova a l&#8217;Circuit Ricardo Tormo, han utilitzat els trens de Rodalies com a mitj\u00e0 de despla\u00e7ament. El Circuit de la Comunitat Valenciana &#8220;Ricardo Tormo&#8221; \u00e9s l&#8217;\u00fanic dels circuits nacionals que compta amb una connexi\u00f3 directa mitjan\u00e7ant ferrocarril i el segon circuit a incorporar el tren com a mitj\u00e0 de transport a Europa.<br> \u00a0<br> Per a m\u00e9s informaci\u00f3 els clients poden dirigir-se a les oficines d&#8217;atenci\u00f3 a client de les estacions, a el nombre d&#8217;informaci\u00f3 de Renfe 912.320.320 ia la p\u00e0gina web www.renfe.com.<\/p>\n","protected":false},"excerpt":{"rendered":"<div class=\"mh-excerpt\">Renfe ha programat un dispositiu especial de transport, que es xifra en una oferta de 204 trens, amb parada a l&#8217;estaci\u00f3 de Circuit de Xest, des del dijous 14 de novembre fins al diumenge 17, <a class=\"mh-excerpt-more\" href=\"https:\/\/tucomarca.whitekongsoftware.com\/ca\/renfe-programa-204-trens-amb-parada-a-lestacio-de-circuit-per-desplacar-se-a-al-gran-premi-motul-de-la-comunitat-valenciana\/\" title=\"Renfe programa 204 trens amb parada a l&#8217;estaci\u00f3 de Circuit per despla\u00e7ar-se a al Gran Premi Motul de la Comunitat Valenciana\">[+] <\/a><\/div>\n","protected":false},"author":1,"featured_media":94011,"comment_status":"open","ping_status":"open","sticky":false,"template":"","format":"standard","meta":{"footnotes":""},"categories":[11003,10898,10894,10904,10912,11011,10896,10974],"tags":[10914,5952],"class_list":["post-95659","post","type-post","status-publish","format-standard","has-post-thumbnail","category-sports","category-ventana-ca","category-la-comarca-ca","category-sin-categorizar-ca","category-la-hoya-ca","category-motociclismo-ca","category-seccion-ca","category-cheste-ca","tag-la-hoya-de-bunol-chiva-ca","tag-la-hoya-de-bunol-chiva"],"_links":{"self":[{"href":"https:\/\/tucomarca.whitekongsoftware.com\/ca\/wp-json\/wp\/v2\/posts\/95659","targetHints":{"allow":["GET"]}}],"collection":[{"href":"https:\/\/tucomarca.whitekongsoftware.com\/ca\/wp-json\/wp\/v2\/posts"}],"about":[{"href":"https:\/\/tucomarca.whitekongsoftware.com\/ca\/wp-json\/wp\/v2\/types\/post"}],"author":[{"embeddable":true,"href":"https:\/\/tucomarca.whitekongsoftware.com\/ca\/wp-json\/wp\/v2\/users\/1"}],"replies":[{"embeddable":true,"href":"https:\/\/tucomarca.whitekongsoftware.com\/ca\/wp-json\/wp\/v2\/comments?post=95659"}],"version-history":[{"count":0,"href":"https:\/\/tucomarca.whitekongsoftware.com\/ca\/wp-json\/wp\/v2\/posts\/95659\/revisions"}],"wp:featuredmedia":[{"embeddable":true,"href":"https:\/\/tucomarca.whitekongsoftware.com\/ca\/wp-json\/wp\/v2\/media\/94011"}],"wp:attachment":[{"href":"https:\/\/tucomarca.whitekongsoftware.com\/ca\/wp-json\/wp\/v2\/media?parent=95659"}],"wp:term":[{"taxonomy":"category","embeddable":true,"href":"https:\/\/tucomarca.whitekongsoftware.com\/ca\/wp-json\/wp\/v2\/categories?post=95659"},{"taxonomy":"post_tag","embeddable":true,"href":"https:\/\/tucomarca.whitekongsoftware.com\/ca\/wp-json\/wp\/v2\/tags?post=95659"}],"curies":[{"name":"wp","href":"https:\/\/api.w.org\/{rel}","templated":true}]}}