{"id":95544,"date":"2019-11-11T20:07:39","date_gmt":"2019-11-11T18:07:39","guid":{"rendered":"http:\/\/www.tucomarca.com\/wordpress\/segunda\/?p=95544"},"modified":"2019-11-11T20:07:47","modified_gmt":"2019-11-11T18:07:47","slug":"servicis-socials-dutiel-inicia-tallers-dirigits-beneficiaris-de-la-renda-valenciana-dinclusio","status":"publish","type":"post","link":"https:\/\/tucomarca.whitekongsoftware.com\/ca\/servicis-socials-dutiel-inicia-tallers-dirigits-beneficiaris-de-la-renda-valenciana-dinclusio\/","title":{"rendered":"Servicis Socials d&#8217;Utiel inicia tallers dirigits beneficiaris de la Renda Valenciana d&#8217;Inclusi\u00f3"},"content":{"rendered":"\n<p class=\"wp-block-paragraph\">El departament de Servicis Socials de l&#8217;Ajuntament d&#8217;Utiel ha comen\u00e7at a desenrotllar els itineraris de la llei de la Renda Valenciana d&#8217;Inclusi\u00f3 (RVI) . Es tracta d&#8217;un programa de la Conselleria d&#8217;Igualtat i Pol\u00edtiques Inclusives dirigit a unitats de conviv\u00e8ncia que inclou un proc\u00e9s formatiu d&#8217;inclusi\u00f3 social i laboral aix\u00ed com prestacions econ\u00f2miques en funci\u00f3 de la situaci\u00f3 de vulnerabilitat econ\u00f2mica, social o laboral de la persona i el seu entorn familiar. <\/p>\n\n\n\n<p class=\"wp-block-paragraph\">Dins del pla d&#8217;accions de la Renda Valenciana d&#8217;Inclusi\u00f3 per a afavorir la inserci\u00f3 social, l&#8217;Ajuntament d&#8217;Utiel ha programat uns quants tallers formatius estructurats en quatre sessions d&#8217;una hora i mitja cada una. <\/p>\n\n\n\n<p class=\"wp-block-paragraph\">En concret, el passat 31 d&#8217;octubre, es comen\u00e7ava a impartir el taller de parentalidad positiva que inclou diferents \u00e0rees tem\u00e0tiques: Gesti\u00f3 de l&#8217;economia dom\u00e8stica, necessitats b\u00e0siques en la inf\u00e0ncia, habilitats marentales i parentals i la import\u00e0ncia de l&#8217;educaci\u00f3 formal, no formal i informal. Els tallers se celebraran durant els mesos de novembre i desembre de 2019 i el primer semestre de 2020 i s&#8217;adaptaran a les demandes i necessitats dels beneficiaris de la Renda Valenciana d&#8217;Inclusi\u00f3.<\/p>\n","protected":false},"excerpt":{"rendered":"<div class=\"mh-excerpt\">El departament de Servicis Socials de l&#8217;Ajuntament d&#8217;Utiel ha comen\u00e7at a desenrotllar els itineraris de la llei de la Renda Valenciana d&#8217;Inclusi\u00f3 (RVI) . Es tracta d&#8217;un programa de la Conselleria d&#8217;Igualtat i Pol\u00edtiques Inclusives <a class=\"mh-excerpt-more\" href=\"https:\/\/tucomarca.whitekongsoftware.com\/ca\/servicis-socials-dutiel-inicia-tallers-dirigits-beneficiaris-de-la-renda-valenciana-dinclusio\/\" title=\"Servicis Socials d&#8217;Utiel inicia tallers dirigits beneficiaris de la Renda Valenciana d&#8217;Inclusi\u00f3\">[+] <\/a><\/div>\n","protected":false},"author":12,"featured_media":95543,"comment_status":"open","ping_status":"open","sticky":false,"template":"","format":"standard","meta":{"footnotes":""},"categories":[10894,10909,10896,11059],"tags":[10389],"class_list":["post-95544","post","type-post","status-publish","format-standard","has-post-thumbnail","category-la-comarca-ca","category-requena-utiel-ca","category-seccion-ca","category-utiel-ca","tag-utiel"],"_links":{"self":[{"href":"https:\/\/tucomarca.whitekongsoftware.com\/ca\/wp-json\/wp\/v2\/posts\/95544","targetHints":{"allow":["GET"]}}],"collection":[{"href":"https:\/\/tucomarca.whitekongsoftware.com\/ca\/wp-json\/wp\/v2\/posts"}],"about":[{"href":"https:\/\/tucomarca.whitekongsoftware.com\/ca\/wp-json\/wp\/v2\/types\/post"}],"author":[{"embeddable":true,"href":"https:\/\/tucomarca.whitekongsoftware.com\/ca\/wp-json\/wp\/v2\/users\/12"}],"replies":[{"embeddable":true,"href":"https:\/\/tucomarca.whitekongsoftware.com\/ca\/wp-json\/wp\/v2\/comments?post=95544"}],"version-history":[{"count":0,"href":"https:\/\/tucomarca.whitekongsoftware.com\/ca\/wp-json\/wp\/v2\/posts\/95544\/revisions"}],"wp:featuredmedia":[{"embeddable":true,"href":"https:\/\/tucomarca.whitekongsoftware.com\/ca\/wp-json\/wp\/v2\/media\/95543"}],"wp:attachment":[{"href":"https:\/\/tucomarca.whitekongsoftware.com\/ca\/wp-json\/wp\/v2\/media?parent=95544"}],"wp:term":[{"taxonomy":"category","embeddable":true,"href":"https:\/\/tucomarca.whitekongsoftware.com\/ca\/wp-json\/wp\/v2\/categories?post=95544"},{"taxonomy":"post_tag","embeddable":true,"href":"https:\/\/tucomarca.whitekongsoftware.com\/ca\/wp-json\/wp\/v2\/tags?post=95544"}],"curies":[{"name":"wp","href":"https:\/\/api.w.org\/{rel}","templated":true}]}}