{"id":95538,"date":"2019-11-11T15:28:41","date_gmt":"2019-11-11T13:28:41","guid":{"rendered":"http:\/\/www.tucomarca.com\/wordpress\/segunda\/?p=95538"},"modified":"2019-11-11T15:29:39","modified_gmt":"2019-11-11T13:29:39","slug":"el-club-bunyol-turis-vall-dels-alcalans-de-gimnastica-ritmica-realitza-balanc-de-la-seua-bona-temporada","status":"publish","type":"post","link":"https:\/\/tucomarca.whitekongsoftware.com\/ca\/el-club-bunyol-turis-vall-dels-alcalans-de-gimnastica-ritmica-realitza-balanc-de-la-seua-bona-temporada\/","title":{"rendered":"El Club Bunyol Tur\u00eds-Vall dels Alcalans de gimn\u00e0stica r\u00edtmica realitza balan\u00e7 de la seua bona temporada"},"content":{"rendered":"\n<p class=\"wp-block-paragraph\">Finalitzat el campionat d&#8217;Espanya base de conjunts, des del Club Bunyol Tur\u00eds-Vall dels Alcalans de gimansia r\u00edtmica han realitzat un positiu balan\u00e7.<\/p>\n\n\n\n<p class=\"wp-block-paragraph\">\u00abVam iniciar el nostre cam\u00ed en el Nacional base de conjunts dijous a la tarda amb el nostre conjunt benjam\u00ed (Paola Iranzo, Amaia Fuertes, Anna Isabel Maria, Alba Gim\u00e9nez i Anna Castillo) que tot i algun fallito que les va deixar fora de l&#8217;p\u00f2dium, van obtenir una sisena posici\u00f3 i el seu merescut diploma nacional \u00bb, segons han informat.<\/p>\n\n\n\n<p class=\"wp-block-paragraph\">\u00abSeguim el dissabte al mat\u00ed amb un bon exercici de les nostres cadets (Lucia Sants, \u00c1ngela Miquel, Arantxa Alf\u00e0s, Estela Cozzi i N\u00faria Aguilar) que van brillar amb llum pr\u00f2pia, per\u00f2 no van obtenir la nota esperada despr\u00e9s de classificar com quartes de la Comunitat Valenciana , per\u00f2 aix\u00f2 no va impedir que el cos t\u00e8cnic i elles finalitzaran satisfetes amb el final de temporada \u00bb.<\/p>\n\n\n\n<p class=\"wp-block-paragraph\">Vam finalitzar el dissabte a la tarda amb les nostres juvenils (M \u00b0 Jos\u00e9 Arocas, Andrea Vega, Elvira Ponce, Sara Mar\u00edn i Sofia P\u00e9rez), que ens van emocionar amb el seu gaireb\u00e9 impecable exercici que tot i els fallitos els ha suposat classificar-se en la pla\u00e7a 19 de 106 conjunts, van sortir motivades i controlant els nervis, demostrant que s\u00f3n grans i veteranes gimnastes.<\/p>\n\n\n\n<p class=\"wp-block-paragraph\">Des del cos t\u00e8cnic han volgut \u00abfelicitar a les nostres gimnastes de nacional base ia les gimnastes de nacional absolut (Elba Arbona, Delia Grau, Kiara Lladre de Guevara, Eva Oliva i Paula Blasco) que tot i no obtenir el pas a l&#8217;nacional han fet tamb\u00e9 una molt bona temporada i una fase auton\u00f2mica gaireb\u00e9 perfecta, per tant estem orgullosos i contentes perqu\u00e8 no nom\u00e9s la feina est\u00e0 b\u00e9 i s&#8217;est\u00e0 reflectint, sin\u00f3 que estem creixent com a club i anirem per totes en la temporada que ve\u00bb.<\/p>\n\n\n\n<p class=\"wp-block-paragraph\">\u00abNo obstant aix\u00f2 encara seguim en la temporada amb les nostres gimnastes de nivell federaci\u00f3 i mediterrani que estan obtenint genials resultats\u00bb.<\/p>\n","protected":false},"excerpt":{"rendered":"<div class=\"mh-excerpt\">Finalitzat el campionat d&#8217;Espanya base de conjunts, des del Club Bunyol Tur\u00eds-Vall dels Alcalans de gimansia r\u00edtmica han realitzat un positiu balan\u00e7. \u00abVam iniciar el nostre cam\u00ed en el Nacional base de conjunts dijous a <a class=\"mh-excerpt-more\" href=\"https:\/\/tucomarca.whitekongsoftware.com\/ca\/el-club-bunyol-turis-vall-dels-alcalans-de-gimnastica-ritmica-realitza-balanc-de-la-seua-bona-temporada\/\" title=\"El Club Bunyol Tur\u00eds-Vall dels Alcalans de gimn\u00e0stica r\u00edtmica realitza balan\u00e7 de la seua bona temporada\">[+] <\/a><\/div>\n","protected":false},"author":1,"featured_media":95534,"comment_status":"open","ping_status":"open","sticky":false,"template":"","format":"standard","meta":{"footnotes":""},"categories":[10911,11003,10912,10902,11009,10896,11047],"tags":[10379,11074,11264,10661],"class_list":["post-95538","post","type-post","status-publish","format-standard","has-post-thumbnail","category-bunol-ca","category-sports","category-la-hoya-ca","category-la-ribera-ca","category-polideportivo-ca","category-seccion-ca","category-turis-ca","tag-deportes","tag-deportes-ca","tag-esports-ca","tag-esports"],"_links":{"self":[{"href":"https:\/\/tucomarca.whitekongsoftware.com\/ca\/wp-json\/wp\/v2\/posts\/95538","targetHints":{"allow":["GET"]}}],"collection":[{"href":"https:\/\/tucomarca.whitekongsoftware.com\/ca\/wp-json\/wp\/v2\/posts"}],"about":[{"href":"https:\/\/tucomarca.whitekongsoftware.com\/ca\/wp-json\/wp\/v2\/types\/post"}],"author":[{"embeddable":true,"href":"https:\/\/tucomarca.whitekongsoftware.com\/ca\/wp-json\/wp\/v2\/users\/1"}],"replies":[{"embeddable":true,"href":"https:\/\/tucomarca.whitekongsoftware.com\/ca\/wp-json\/wp\/v2\/comments?post=95538"}],"version-history":[{"count":0,"href":"https:\/\/tucomarca.whitekongsoftware.com\/ca\/wp-json\/wp\/v2\/posts\/95538\/revisions"}],"wp:featuredmedia":[{"embeddable":true,"href":"https:\/\/tucomarca.whitekongsoftware.com\/ca\/wp-json\/wp\/v2\/media\/95534"}],"wp:attachment":[{"href":"https:\/\/tucomarca.whitekongsoftware.com\/ca\/wp-json\/wp\/v2\/media?parent=95538"}],"wp:term":[{"taxonomy":"category","embeddable":true,"href":"https:\/\/tucomarca.whitekongsoftware.com\/ca\/wp-json\/wp\/v2\/categories?post=95538"},{"taxonomy":"post_tag","embeddable":true,"href":"https:\/\/tucomarca.whitekongsoftware.com\/ca\/wp-json\/wp\/v2\/tags?post=95538"}],"curies":[{"name":"wp","href":"https:\/\/api.w.org\/{rel}","templated":true}]}}