{"id":95530,"date":"2019-11-11T20:59:19","date_gmt":"2019-11-11T18:59:19","guid":{"rendered":"http:\/\/www.tucomarca.com\/wordpress\/segunda\/?p=95530"},"modified":"2019-11-11T20:59:27","modified_gmt":"2019-11-11T18:59:27","slug":"families-de-cheste-recorren-les-rutes-mes-transitades-cap-als-collegis-per-a-proposar-millores-en-seguretat","status":"publish","type":"post","link":"https:\/\/tucomarca.whitekongsoftware.com\/ca\/families-de-cheste-recorren-les-rutes-mes-transitades-cap-als-collegis-per-a-proposar-millores-en-seguretat\/","title":{"rendered":"Fam\u00edlies de Cheste recorren les rutes m\u00e9s transitades cap als col\u00b7legis per a proposar millores en seguretat"},"content":{"rendered":"\n<p class=\"wp-block-paragraph\">Divendres passat, 8 de novembre, el projecte &#8220;Colecaminos &#8211; Rutes Segures a l&#8217;escola&#8221; va reunir a fam\u00edlies de la localitat per fer a peu els recorreguts m\u00e9s transitats per anar als col\u00b7legis, identificar-ne les defici\u00e8ncies i proposar les millores necess\u00e0ries per fer-los segurs.<\/p>\n\n\n\n<p class=\"wp-block-paragraph\">Aquesta jornada-passeig \u00e9s la pen\u00faltima fase d&#8217;aquest projecte, impulsat per la regidoria de Participaci\u00f3 i dinamitzat pel col\u00b7lectiu Fent Estudi, que va comen\u00e7ar enquestant a familiars i alumnat com a base per realitzar una an\u00e0lisi per part de t\u00e8cnics de l&#8217;Ajuntament i la Policia Local. L&#8217;\u00faltim pas ser\u00e0 traslladar la informaci\u00f3 recollida en la jornada a l&#8217;Ajuntament perqu\u00e8 s&#8217;abordin les millores oportunes.<\/p>\n\n\n\n<p class=\"wp-block-paragraph\">&#8220;Quan ens vam reunir amb les AMPAS, en el marc de l&#8217;Xest Decideix Cols, una de les coses que ens van plantejar va ser el problema d&#8217;inseguretat que hi havia en els recorreguts a les escoles, aix\u00ed que ens vam posar en marxa amb el projecte Colecaminos per intentar fer rutes adequades per als nens i nenes i els seus familiars &#8220;, explicava l&#8217;alcalde, Jos\u00e9 Morell. &#8220;Ens vam inspirar en models com La Ciutat dels Xiquets, del conegut pedagog Francesco Tonucci, implantat amb \u00e8xit a ciutats d&#8217;It\u00e0lia, M\u00e8xic, Argentina i tamb\u00e9 d&#8217;aqu\u00ed, a Espanya, pensant en fer una localitat el punt de refer\u00e8ncia siguin precisament ells i elles &#8220;.<\/p>\n\n\n\n<p class=\"wp-block-paragraph\">Les fam\u00edlies van ser convocades a la pla\u00e7a Doctor Cajal, on se&#8217;ls va dividir en dos grups per poder rec\u00f3rrer tots els carrers que componen les rutes. &#8220;El que farem avui \u00e9s una posada en escena dels itineraris que hem dissenyat perqu\u00e8 siguin les fam\u00edlies les que detectin sobre el terreny les defici\u00e8ncies i ens traslladin les seves propostes; el primer grup recorrer\u00e0 el tram que va des del CEIP Francisco Giner de los R\u00edos a CEIP Vicente Blasco Ib\u00e1\u00f1ez i el segon partir\u00e0 tamb\u00e9 de l&#8217;Giner per\u00f2 finalitzar\u00e0 a l&#8217;IES Ricardo Mar\u00edn &#8220;, apuntava l&#8217;actual regidor de Participaci\u00f3, Ra\u00fal Mota.<\/p>\n\n\n\n<p class=\"wp-block-paragraph\">La din\u00e0mica de l&#8217;activitat, els protagonistes van ser els xiquets i xiquetes, va consistir en endevinar el nom de les diferents carrers per on passaven, detectar si tenia voreres o no i, en cas afirmatiu, mesurar-les, i anar contestant a una s\u00e8rie de preguntes que un voluntari o volunt\u00e0ria anava anotant, al costat de les defici\u00e8ncies detectades i les propostes de millora que anaven sorgint per part dels i les participants, aix\u00ed com tamb\u00e9 els aspectes positius que s\u00ed agradaven de cada carrer.<\/p>\n\n\n\n<p class=\"wp-block-paragraph\">&#8220;El cam\u00ed que faig feia el col\u00b7legi tots els dies no em sembla segur, pujo pel carrer Bonavista, que \u00e9s molt estreta i t\u00e9 molt tr\u00e0nsit; el carro gaireb\u00e9 no cap per la vorera, aix\u00ed que m&#8217;he de baixar a la carretera. L&#8217;\u00fanica soluci\u00f3 que veig \u00e9s fer-la de plataforma \u00fanica &#8220;, comentava una de les participants. &#8220;Hi ha alguns carrers que estan b\u00e9, per\u00f2 en altres et trobes amb voreres molt estretes o en mal estat; \u00e9s una bona iniciativa, hui trobe a faltar a m\u00e9s fam\u00edlies aqu\u00ed &#8220;, comentava altres d&#8217;elles.<\/p>\n\n\n\n<p class=\"wp-block-paragraph\">Els xiquets i xiquetes van rebre d&#8217;obsequi una motxilla amb unes pintures i, a l&#8217;acabar les rutes, van berenar junts.<\/p>\n","protected":false},"excerpt":{"rendered":"<div class=\"mh-excerpt\">Divendres passat, 8 de novembre, el projecte &#8220;Colecaminos &#8211; Rutes Segures a l&#8217;escola&#8221; va reunir a fam\u00edlies de la localitat per fer a peu els recorreguts m\u00e9s transitats per anar als col\u00b7legis, identificar-ne les defici\u00e8ncies <a class=\"mh-excerpt-more\" href=\"https:\/\/tucomarca.whitekongsoftware.com\/ca\/families-de-cheste-recorren-les-rutes-mes-transitades-cap-als-collegis-per-a-proposar-millores-en-seguretat\/\" title=\"Fam\u00edlies de Cheste recorren les rutes m\u00e9s transitades cap als col\u00b7legis per a proposar millores en seguretat\">[+] <\/a><\/div>\n","protected":false},"author":12,"featured_media":95575,"comment_status":"open","ping_status":"open","sticky":false,"template":"","format":"standard","meta":{"footnotes":""},"categories":[10894,10912,10896,10974],"tags":[11071],"class_list":["post-95530","post","type-post","status-publish","format-standard","has-post-thumbnail","category-la-comarca-ca","category-la-hoya-ca","category-seccion-ca","category-cheste-ca","tag-cheste"],"_links":{"self":[{"href":"https:\/\/tucomarca.whitekongsoftware.com\/ca\/wp-json\/wp\/v2\/posts\/95530","targetHints":{"allow":["GET"]}}],"collection":[{"href":"https:\/\/tucomarca.whitekongsoftware.com\/ca\/wp-json\/wp\/v2\/posts"}],"about":[{"href":"https:\/\/tucomarca.whitekongsoftware.com\/ca\/wp-json\/wp\/v2\/types\/post"}],"author":[{"embeddable":true,"href":"https:\/\/tucomarca.whitekongsoftware.com\/ca\/wp-json\/wp\/v2\/users\/12"}],"replies":[{"embeddable":true,"href":"https:\/\/tucomarca.whitekongsoftware.com\/ca\/wp-json\/wp\/v2\/comments?post=95530"}],"version-history":[{"count":0,"href":"https:\/\/tucomarca.whitekongsoftware.com\/ca\/wp-json\/wp\/v2\/posts\/95530\/revisions"}],"wp:featuredmedia":[{"embeddable":true,"href":"https:\/\/tucomarca.whitekongsoftware.com\/ca\/wp-json\/wp\/v2\/media\/95575"}],"wp:attachment":[{"href":"https:\/\/tucomarca.whitekongsoftware.com\/ca\/wp-json\/wp\/v2\/media?parent=95530"}],"wp:term":[{"taxonomy":"category","embeddable":true,"href":"https:\/\/tucomarca.whitekongsoftware.com\/ca\/wp-json\/wp\/v2\/categories?post=95530"},{"taxonomy":"post_tag","embeddable":true,"href":"https:\/\/tucomarca.whitekongsoftware.com\/ca\/wp-json\/wp\/v2\/tags?post=95530"}],"curies":[{"name":"wp","href":"https:\/\/api.w.org\/{rel}","templated":true}]}}