{"id":95515,"date":"2019-11-11T19:24:37","date_gmt":"2019-11-11T17:24:37","guid":{"rendered":"http:\/\/www.tucomarca.com\/wordpress\/segunda\/?p=95515"},"modified":"2019-11-11T19:24:40","modified_gmt":"2019-11-11T17:24:40","slug":"lhospital-de-manises-es-reuneix-amb-responsables-municipals-per-solucionar-la-situacio-dels-pediatres","status":"publish","type":"post","link":"https:\/\/tucomarca.whitekongsoftware.com\/ca\/lhospital-de-manises-es-reuneix-amb-responsables-municipals-per-solucionar-la-situacio-dels-pediatres\/","title":{"rendered":"L&#8217;Hospital de Manises es reuneix amb responsables municipals per solucionar la situaci\u00f3 dels pediatres"},"content":{"rendered":"\n<p class=\"wp-block-paragraph\">La direcci\u00f3 de el Departament de Salut de Manises est\u00e0 mantenint reunions amb responsables municipals dels diferents ajuntaments (Manises, Xest, Loriguilla) de l&#8217;\u00e0rea de Manises per a informar-los de primera m\u00e0 de la situaci\u00f3 i les actuacions que s&#8217;estan duent a terme en l&#8217;\u00e0rea de pediatria en Atenci\u00f3 Prim\u00e0ria. Durant aquestes trobades s&#8217;ha tractat l&#8217;escassetat generalitzada d&#8217;especialistes en Pediatria que est\u00e0 afectant el conjunt d&#8217;Espanya i a tots els Departaments de Salut de la Comunitat Valenciana, tal com es reconeix des d&#8217;institucions com la Conselleria de Sanitat Universal i Salut P\u00fablica.<\/p>\n\n\n\n<p class=\"wp-block-paragraph\">En concret, en la reuni\u00f3 mantinguda amb l&#8217;alcaldessa de Quart de Poblet, Carmen Mart\u00ednez, l&#8217;alcalde d&#8217;Aldaia, Guillermo Luj\u00e1n, i el regidor delegat de l&#8217;Barri de l&#8217;Crist, Jos\u00e9 Zapata, s&#8217;ha transm\u00e8s el comprom\u00eds de treballar conjuntament el Departament de Salut de Manises, els ajuntaments i la Conselleria de Sanitat, per resoldre aquesta situaci\u00f3 i garantir l&#8217;assist\u00e8ncia a la poblaci\u00f3 el Departament com a part de la xarxa p\u00fablica sanit\u00e0ria. Aix\u00ed, l&#8217;Hospital de Manises ha publicat una oferta de treball per a pediatres en Atenci\u00f3 Prim\u00e0ria que asseguri una atenci\u00f3 de qualitat als ciutadans. Durant aquest proc\u00e9s, s&#8217;est\u00e0 realitzant una reorganitzaci\u00f3 dels professionals d&#8217;aquesta especialitat per mantenir coberta totes les zones, i per tant, a tota la poblaci\u00f3 protegida de la conselleria de Sanitat en el Departament de Salut de Manises, garantit l&#8217;assist\u00e8ncia a la poblaci\u00f3.<\/p>\n\n\n\n<p class=\"wp-block-paragraph\">Des del Departament de Salut de Manises, recolzat per Conselleria, es valora positivament aquest di\u00e0leg i la voluntat de treballar de forma coordinada i unida amb ajuntaments per trobar la via per a una assist\u00e8ncia sanit\u00e0ria p\u00fablica a l&#8217;servei de tota la poblaci\u00f3 protegida de el Departament.<\/p>\n","protected":false},"excerpt":{"rendered":"<div class=\"mh-excerpt\">La direcci\u00f3 de el Departament de Salut de Manises est\u00e0 mantenint reunions amb responsables municipals dels diferents ajuntaments (Manises, Xest, Loriguilla) de l&#8217;\u00e0rea de Manises per a informar-los de primera m\u00e0 de la situaci\u00f3 i <a class=\"mh-excerpt-more\" href=\"https:\/\/tucomarca.whitekongsoftware.com\/ca\/lhospital-de-manises-es-reuneix-amb-responsables-municipals-per-solucionar-la-situacio-dels-pediatres\/\" title=\"L&#8217;Hospital de Manises es reuneix amb responsables municipals per solucionar la situaci\u00f3 dels pediatres\">[+] <\/a><\/div>\n","protected":false},"author":12,"featured_media":95020,"comment_status":"open","ping_status":"open","sticky":false,"template":"","format":"standard","meta":{"footnotes":""},"categories":[10892,11010,10894,10912,10896],"tags":[136],"class_list":["post-95515","post","type-post","status-publish","format-standard","has-post-thumbnail","category-camp-de-turia-ca","category-canal-salud","category-la-comarca-ca","category-la-hoya-ca","category-seccion-ca","tag-hospital-de-manises"],"_links":{"self":[{"href":"https:\/\/tucomarca.whitekongsoftware.com\/ca\/wp-json\/wp\/v2\/posts\/95515","targetHints":{"allow":["GET"]}}],"collection":[{"href":"https:\/\/tucomarca.whitekongsoftware.com\/ca\/wp-json\/wp\/v2\/posts"}],"about":[{"href":"https:\/\/tucomarca.whitekongsoftware.com\/ca\/wp-json\/wp\/v2\/types\/post"}],"author":[{"embeddable":true,"href":"https:\/\/tucomarca.whitekongsoftware.com\/ca\/wp-json\/wp\/v2\/users\/12"}],"replies":[{"embeddable":true,"href":"https:\/\/tucomarca.whitekongsoftware.com\/ca\/wp-json\/wp\/v2\/comments?post=95515"}],"version-history":[{"count":0,"href":"https:\/\/tucomarca.whitekongsoftware.com\/ca\/wp-json\/wp\/v2\/posts\/95515\/revisions"}],"wp:featuredmedia":[{"embeddable":true,"href":"https:\/\/tucomarca.whitekongsoftware.com\/ca\/wp-json\/wp\/v2\/media\/95020"}],"wp:attachment":[{"href":"https:\/\/tucomarca.whitekongsoftware.com\/ca\/wp-json\/wp\/v2\/media?parent=95515"}],"wp:term":[{"taxonomy":"category","embeddable":true,"href":"https:\/\/tucomarca.whitekongsoftware.com\/ca\/wp-json\/wp\/v2\/categories?post=95515"},{"taxonomy":"post_tag","embeddable":true,"href":"https:\/\/tucomarca.whitekongsoftware.com\/ca\/wp-json\/wp\/v2\/tags?post=95515"}],"curies":[{"name":"wp","href":"https:\/\/api.w.org\/{rel}","templated":true}]}}