{"id":95506,"date":"2019-11-11T14:15:04","date_gmt":"2019-11-11T12:15:04","guid":{"rendered":"http:\/\/www.tucomarca.com\/wordpress\/segunda\/?p=95506"},"modified":"2019-11-11T14:15:14","modified_gmt":"2019-11-11T12:15:14","slug":"el-diputat-de-patrimoni-andreu-salom-rep-a-miguel-tortola-alcalde-de-iatova","status":"publish","type":"post","link":"https:\/\/tucomarca.whitekongsoftware.com\/ca\/el-diputat-de-patrimoni-andreu-salom-rep-a-miguel-tortola-alcalde-de-iatova\/","title":{"rendered":"El diputat de Patrimoni, Andreu Salom, rep a Miguel T\u00f3rtola, alcalde de I\u00e0tova"},"content":{"rendered":"\n<p class=\"wp-block-paragraph\">El diputat de Patrimoni, Manteniment i Projectes de la Diputaci\u00f3 de Val\u00e8ncia, Andreu Salom, ha mantingut una reuni\u00f3 amb l&#8217;alcalde de Y\u00e1tova, Miguel T\u00f3rtola, i el regidor d&#8217;Hisenda i Patrimoni del municipi, Emilio Garc\u00eda. Durant la trobada, els representants dels dos organismes han abordat possibles vies de col\u00b7laboraci\u00f3 institucional amb la localitat de Foia de Bunyol-Xiva.<\/p>\n","protected":false},"excerpt":{"rendered":"<div class=\"mh-excerpt\">El diputat de Patrimoni, Manteniment i Projectes de la Diputaci\u00f3 de Val\u00e8ncia, Andreu Salom, ha mantingut una reuni\u00f3 amb l&#8217;alcalde de Y\u00e1tova, Miguel T\u00f3rtola, i el regidor d&#8217;Hisenda i Patrimoni del municipi, Emilio Garc\u00eda. Durant <a class=\"mh-excerpt-more\" href=\"https:\/\/tucomarca.whitekongsoftware.com\/ca\/el-diputat-de-patrimoni-andreu-salom-rep-a-miguel-tortola-alcalde-de-iatova\/\" title=\"El diputat de Patrimoni, Andreu Salom, rep a Miguel T\u00f3rtola, alcalde de I\u00e0tova\">[+] <\/a><\/div>\n","protected":false},"author":1,"featured_media":95504,"comment_status":"open","ping_status":"open","sticky":false,"template":"","format":"standard","meta":{"footnotes":""},"categories":[10980,10948,10894,10912,10947,10896],"tags":[10914,5952],"class_list":["post-95506","post","type-post","status-publish","format-standard","has-post-thumbnail","category-yatova-ca","category-infraestructuras-ca","category-la-comarca-ca","category-la-hoya-ca","category-politica","category-seccion-ca","tag-la-hoya-de-bunol-chiva-ca","tag-la-hoya-de-bunol-chiva"],"_links":{"self":[{"href":"https:\/\/tucomarca.whitekongsoftware.com\/ca\/wp-json\/wp\/v2\/posts\/95506","targetHints":{"allow":["GET"]}}],"collection":[{"href":"https:\/\/tucomarca.whitekongsoftware.com\/ca\/wp-json\/wp\/v2\/posts"}],"about":[{"href":"https:\/\/tucomarca.whitekongsoftware.com\/ca\/wp-json\/wp\/v2\/types\/post"}],"author":[{"embeddable":true,"href":"https:\/\/tucomarca.whitekongsoftware.com\/ca\/wp-json\/wp\/v2\/users\/1"}],"replies":[{"embeddable":true,"href":"https:\/\/tucomarca.whitekongsoftware.com\/ca\/wp-json\/wp\/v2\/comments?post=95506"}],"version-history":[{"count":0,"href":"https:\/\/tucomarca.whitekongsoftware.com\/ca\/wp-json\/wp\/v2\/posts\/95506\/revisions"}],"wp:featuredmedia":[{"embeddable":true,"href":"https:\/\/tucomarca.whitekongsoftware.com\/ca\/wp-json\/wp\/v2\/media\/95504"}],"wp:attachment":[{"href":"https:\/\/tucomarca.whitekongsoftware.com\/ca\/wp-json\/wp\/v2\/media?parent=95506"}],"wp:term":[{"taxonomy":"category","embeddable":true,"href":"https:\/\/tucomarca.whitekongsoftware.com\/ca\/wp-json\/wp\/v2\/categories?post=95506"},{"taxonomy":"post_tag","embeddable":true,"href":"https:\/\/tucomarca.whitekongsoftware.com\/ca\/wp-json\/wp\/v2\/tags?post=95506"}],"curies":[{"name":"wp","href":"https:\/\/api.w.org\/{rel}","templated":true}]}}