{"id":95492,"date":"2019-11-11T13:44:39","date_gmt":"2019-11-11T11:44:39","guid":{"rendered":"http:\/\/www.tucomarca.com\/wordpress\/segunda\/?p=95492"},"modified":"2019-11-11T13:44:48","modified_gmt":"2019-11-11T11:44:48","slug":"el-circuit-de-xest-ja-ha-venut-mes-de-el-90-de-les-entrades-per-al-gran-premi-de-la-comunitat","status":"publish","type":"post","link":"https:\/\/tucomarca.whitekongsoftware.com\/ca\/el-circuit-de-xest-ja-ha-venut-mes-de-el-90-de-les-entrades-per-al-gran-premi-de-la-comunitat\/","title":{"rendered":"El Circuit de Xest ja ha venut m\u00e9s de el 90% de les entrades per al Gran Premi de la Comunitat"},"content":{"rendered":"\n<p class=\"wp-block-paragraph\">El Circuit Ricardo Tormo ha venut ja m\u00e9s de l&#8217;90% per cent de les entrades per al Gran Premi Motul de la Comunitat Valenciana, que celebrar\u00e0 la seva 21a edici\u00f3 els dies 15, 16 i 17 de novembre a Xest.<\/p>\n\n\n\n<p class=\"wp-block-paragraph\">L&#8217;Ajuntament d&#8217;Alacant ha acollit la presentaci\u00f3 de l&#8217;esdeveniment, en la qual el director general de Circuit, Gonzalo Gobert, ha explicat que &#8220;les vendes evolucionen b\u00e9 i ja hem superat el 90 per cent en la venda anticipada; crec que aquest any no arribarem a vendre-ho tot, per\u00f2 ens quedarem molt a prop, al voltant de l&#8217;95 per cent, el que constitueix, un any m\u00e9s, una molt bona not\u00edcia &#8220;.<\/p>\n\n\n\n<p class=\"wp-block-paragraph\">Gobert ha destacat, a m\u00e9s, que des de la prov\u00edncia d&#8217;Alacant s&#8217;espera l&#8217;arribada d&#8217;al voltant de 12.000 espectadors i espectadores.<\/p>\n\n\n\n<p class=\"wp-block-paragraph\">L&#8217;alcalde d&#8217;Alacant, Luis Barcala, ha animat els alacantins a &#8220;participar en el Gran Premi&#8221; i ha expressat el suport de l&#8217;Ajuntament d&#8217;Alacant a Circuit Ricardo Tormo i a el Gran Premi Motul de la Comunitat Valenciana.<\/p>\n\n\n\n<p class=\"wp-block-paragraph\">Els protagonistes de l&#8217;acte han estat els pilots mundialistes Jaume Masi\u00e0, que participa en la categoria de Moto3, i Iker Lecuona, qui s&#8217;estrenar\u00e0 en la categoria reina com el pilot m\u00e9s jove de MotoGP a la graella de Xest.<\/p>\n\n\n\n<p class=\"wp-block-paragraph\">Lecuona ha explicat que \u00e9s &#8220;un somni fet realitat c\u00f3rrer la meva primera cursa de MotoGP al circuit de casa. La meva carrera \u00e9s una mica excepcional; fa nom\u00e9s quatre anys que vaig arribar a un circuit gran i vaig arribar directe a Moto2 i directe a l&#8217;Mundial, i ara tinc aquesta oportunitat de c\u00f3rrer en MotoGP.<\/p>\n\n\n\n<p class=\"wp-block-paragraph\">Per aix\u00f2 cal estar molt content &#8220;.&#8221; He lluitat molt per arribar on s\u00f3c i estic molt orgull\u00f3s d&#8217;aix\u00f2. Crec que s\u00f3c capa\u00e7 d&#8217;optar a m\u00e9s, aix\u00ed que caldr\u00e0 seguir treballant &#8220;, ha assenyalat el valenci\u00e0.<\/p>\n\n\n\n<p class=\"wp-block-paragraph\">Per la seva banda, el pilot d&#8217;Algemes\u00ed, Jaume Masi\u00e0, ha indicat que &#8220;c\u00f3rrer a casa sempre \u00e9s especial, espero fer una molt bona carrera i brindar-a tots els valencians que estiguin a les grades&#8221;. El pilot de Moto3, que va aconseguir pujar a podi en l&#8217;\u00faltima carrera a Mal\u00e0isia, ha agra\u00eft el suport de Circuit i la Generalitat en la formaci\u00f3 de joves pilots.<\/p>\n\n\n\n<p class=\"wp-block-paragraph\">En l&#8217;acte ha participat tamb\u00e9 el regidor d&#8217;Esports de l&#8217;Ajuntament d&#8217;Alacant i director executiu esportiu de la Federaci\u00f3 Espanyola de Motociclisme, Jos\u00e9 Luis Berenguer, que ha reflectit la bona salut de l&#8217;motociclisme valenci\u00e0 &#8220;tant al Mundial com entre els pilots m\u00e9s joves&#8221; .<\/p>\n","protected":false},"excerpt":{"rendered":"<div class=\"mh-excerpt\">El Circuit Ricardo Tormo ha venut ja m\u00e9s de l&#8217;90% per cent de les entrades per al Gran Premi Motul de la Comunitat Valenciana, que celebrar\u00e0 la seva 21a edici\u00f3 els dies 15, 16 i <a class=\"mh-excerpt-more\" href=\"https:\/\/tucomarca.whitekongsoftware.com\/ca\/el-circuit-de-xest-ja-ha-venut-mes-de-el-90-de-les-entrades-per-al-gran-premi-de-la-comunitat\/\" title=\"El Circuit de Xest ja ha venut m\u00e9s de el 90% de les entrades per al Gran Premi de la Comunitat\">[+] <\/a><\/div>\n","protected":false},"author":1,"featured_media":95489,"comment_status":"open","ping_status":"open","sticky":false,"template":"","format":"standard","meta":{"footnotes":""},"categories":[10983,11003,10898,10894,10904,10912,10902,10896,10974],"tags":[],"class_list":["post-95492","post","type-post","status-publish","format-standard","has-post-thumbnail","category-algemesi-ca","category-sports","category-ventana-ca","category-la-comarca-ca","category-sin-categorizar-ca","category-la-hoya-ca","category-la-ribera-ca","category-seccion-ca","category-cheste-ca"],"_links":{"self":[{"href":"https:\/\/tucomarca.whitekongsoftware.com\/ca\/wp-json\/wp\/v2\/posts\/95492","targetHints":{"allow":["GET"]}}],"collection":[{"href":"https:\/\/tucomarca.whitekongsoftware.com\/ca\/wp-json\/wp\/v2\/posts"}],"about":[{"href":"https:\/\/tucomarca.whitekongsoftware.com\/ca\/wp-json\/wp\/v2\/types\/post"}],"author":[{"embeddable":true,"href":"https:\/\/tucomarca.whitekongsoftware.com\/ca\/wp-json\/wp\/v2\/users\/1"}],"replies":[{"embeddable":true,"href":"https:\/\/tucomarca.whitekongsoftware.com\/ca\/wp-json\/wp\/v2\/comments?post=95492"}],"version-history":[{"count":0,"href":"https:\/\/tucomarca.whitekongsoftware.com\/ca\/wp-json\/wp\/v2\/posts\/95492\/revisions"}],"wp:featuredmedia":[{"embeddable":true,"href":"https:\/\/tucomarca.whitekongsoftware.com\/ca\/wp-json\/wp\/v2\/media\/95489"}],"wp:attachment":[{"href":"https:\/\/tucomarca.whitekongsoftware.com\/ca\/wp-json\/wp\/v2\/media?parent=95492"}],"wp:term":[{"taxonomy":"category","embeddable":true,"href":"https:\/\/tucomarca.whitekongsoftware.com\/ca\/wp-json\/wp\/v2\/categories?post=95492"},{"taxonomy":"post_tag","embeddable":true,"href":"https:\/\/tucomarca.whitekongsoftware.com\/ca\/wp-json\/wp\/v2\/tags?post=95492"}],"curies":[{"name":"wp","href":"https:\/\/api.w.org\/{rel}","templated":true}]}}