{"id":95470,"date":"2019-11-08T16:14:22","date_gmt":"2019-11-08T14:14:22","guid":{"rendered":"http:\/\/www.tucomarca.com\/wordpress\/segunda\/?p=95470"},"modified":"2019-11-08T16:14:30","modified_gmt":"2019-11-08T14:14:30","slug":"lliria-acull-la-segona-edicio-del-festival-dorquestres-bankia-de-la-comunitat-valenciana","status":"publish","type":"post","link":"https:\/\/tucomarca.whitekongsoftware.com\/ca\/lliria-acull-la-segona-edicio-del-festival-dorquestres-bankia-de-la-comunitat-valenciana\/","title":{"rendered":"Ll\u00edria acull la segona edici\u00f3 del &#8216;Festival d&#8217;Orquestres Bankia de la Comunitat Valenciana&#8217;"},"content":{"rendered":"\n<p class=\"wp-block-paragraph\">Bankia, l&#8217;Institut Valenci\u00e0 de Cultura (IVC) i la Federaci\u00f3 de Societats Musicals de la Comunitat Valenciana (FSMCV) organitzen dem\u00e0 dissabte a Ll\u00edria el &#8216;II Festival Bankia d&#8217;Orquestres de la Comunitat Valenciana&#8217;.<\/p>\n\n\n\n<p class=\"wp-block-paragraph\">El festival s&#8217;emmarca dins de el programa &#8216;Bankia escorta Val\u00e8ncia&#8217; que l&#8217;entitat financera impulsa a la Comunitat Valenciana per donar suport al moviment associatiu musical en les tres prov\u00edncies i que celebrar\u00e0 la seva segona cita dins el cicle de concerts el 5 de desembre a Altea.<\/p>\n\n\n\n<p class=\"wp-block-paragraph\">El concert de Ll\u00edria coincideix amb la recent declaraci\u00f3 d&#8217;aquesta com Ciutat Creativa de la M\u00fasica per la UNESCO, un reconeixement reservat a molt poques ciutats de l&#8217;m\u00f3n que posa de manifest la import\u00e0ncia cultural de les societats musicals de la Comunitat Valenciana.<\/p>\n\n\n\n<p class=\"wp-block-paragraph\">L&#8217;esdeveniment tindr\u00e0 lloc al Teatre l&#8217;Ateneu i d&#8217;Ensenyament Banda Primitiva de Ll\u00edria a les 19.30 hores i comptar\u00e0 amb les actuacions de l&#8217;Orquestra de la Societat Musical d&#8217;Alboraia i l&#8217;Orquestra Simf\u00f2nica la Primitiva de Ll\u00edria.<\/p>\n\n\n\n<p class=\"wp-block-paragraph\">La segona jornada de festival tindr\u00e0 lloc el 5 de desembre al Palau Altea, tamb\u00e9 en horari de 19.30 hores. Hi actuaran la Jove Orquestra de la Primitiva de X\u00e0tiva, l&#8217;Orquestra Simf\u00f2nica de la S.M la Primitiva de Rafelbunyol i l&#8217;Orquestra de la Societat Filharm\u00f2nica Alteanense.<\/p>\n\n\n\n<p class=\"wp-block-paragraph\">La segona edici\u00f3 d&#8217;aquest festival refor\u00e7a una de les l\u00ednies fonamentals de &#8216;Bankia escorta Val\u00e8ncia&#8217; que \u00e9s el suport a la m\u00fasica de corda i a les orquestres valencianes. El &#8216;II Festival Bankia d&#8217;Orquestres de la Comunitat Valenciana&#8217; \u00e9s una cita anual que es completa amb el &#8216;IV Cicle de Concerts Bankia d&#8217;Orquestres&#8217;, que tindr\u00e0 lloc els dies 1 i 2 de febrer de 2020 a Palau de les Arts de Val\u00e8ncia .<\/p>\n\n\n\n<p class=\"wp-block-paragraph\">La presidenta de la Federaci\u00f3 de Societats Musicals de la Comunitat Valenciana, Daniela Gonz\u00e1lez, ha destacat &#8220;la import\u00e0ncia que iniciatives orquestrals com aquesta es perpetuen en el temps i permetin consolidar, al costat de l&#8217;cicle d&#8217;orquestres i el concurs, una programaci\u00f3 orquestral estable a tota la Comunitat Valenciana, i permeti fomentar la pr\u00e0ctica orquestral en el si de les societats musicals i talent dels nostres m\u00fasics de corda &#8220;.<\/p>\n\n\n\n<p class=\"wp-block-paragraph\">El director corporatiu de la Territorial de Bankia a Val\u00e8ncia i Castell\u00f3, Jaime Casas, ha assenyalat que &#8220;per a l&#8217;entitat \u00e9s un orgull que el primer concert del &#8216;II Festival d&#8217;Orquestres&#8217; se celebri en una ciutat reconeguda recentment per la UNESCO com a Ciutat Creativa de la M\u00fasica &#8220;. &#8220;Bankia mant\u00e9 el seu comprom\u00eds amb el moviment orquestral associatiu en tots els racons la Comunitat Valenciana&#8221;, ha afegit.<\/p>\n\n\n\n<p class=\"wp-block-paragraph\">La directora adjunta de M\u00fasica i Cultura Popular de l&#8217;IVC, Marga Landete, ha explicat que &#8220;estem orgullosos de continuar impulsant el &#8216;Festival d&#8217;Orquestres&#8217;, una de les activitats m\u00e9s destacades que realitzem per fomentar la m\u00fasica orquestral dins el moviment de les societats musicals &#8220;. \u00b7 \u00c9s una forma de mantenir actives les orquestres que ja han participat en el &#8216;Concurs d&#8217;orquestres Bankia&#8217;, juntament amb el Circuit d&#8217;orquestres, i tamb\u00e9 una forma de que tinguin una conviv\u00e8ncia important entre elles, que comencin el curs treballant molt focalitzats en la participaci\u00f3 al festival i, sobretot, que donin a con\u00e8ixer a el p\u00fablic valenci\u00e0 la gran qualitat de les orquestres joves que depenen d&#8217;una societat musical &#8220;, ha incidit Landete.<\/p>\n","protected":false},"excerpt":{"rendered":"<div class=\"mh-excerpt\">Bankia, l&#8217;Institut Valenci\u00e0 de Cultura (IVC) i la Federaci\u00f3 de Societats Musicals de la Comunitat Valenciana (FSMCV) organitzen dem\u00e0 dissabte a Ll\u00edria el &#8216;II Festival Bankia d&#8217;Orquestres de la Comunitat Valenciana&#8217;. El festival s&#8217;emmarca dins <a class=\"mh-excerpt-more\" href=\"https:\/\/tucomarca.whitekongsoftware.com\/ca\/lliria-acull-la-segona-edicio-del-festival-dorquestres-bankia-de-la-comunitat-valenciana\/\" title=\"Ll\u00edria acull la segona edici\u00f3 del &#8216;Festival d&#8217;Orquestres Bankia de la Comunitat Valenciana&#8217;\">[+] <\/a><\/div>\n","protected":false},"author":1,"featured_media":95465,"comment_status":"open","ping_status":"open","sticky":false,"template":"","format":"standard","meta":{"footnotes":""},"categories":[11019,10892,11005,10928,11007,10896],"tags":[],"class_list":["post-95470","post","type-post","status-publish","format-standard","has-post-thumbnail","category-agenda-ca","category-camp-de-turia-ca","category-canal-musica","category-lliria-ca","category-ocio-y-cultura-ca","category-seccion-ca"],"_links":{"self":[{"href":"https:\/\/tucomarca.whitekongsoftware.com\/ca\/wp-json\/wp\/v2\/posts\/95470","targetHints":{"allow":["GET"]}}],"collection":[{"href":"https:\/\/tucomarca.whitekongsoftware.com\/ca\/wp-json\/wp\/v2\/posts"}],"about":[{"href":"https:\/\/tucomarca.whitekongsoftware.com\/ca\/wp-json\/wp\/v2\/types\/post"}],"author":[{"embeddable":true,"href":"https:\/\/tucomarca.whitekongsoftware.com\/ca\/wp-json\/wp\/v2\/users\/1"}],"replies":[{"embeddable":true,"href":"https:\/\/tucomarca.whitekongsoftware.com\/ca\/wp-json\/wp\/v2\/comments?post=95470"}],"version-history":[{"count":0,"href":"https:\/\/tucomarca.whitekongsoftware.com\/ca\/wp-json\/wp\/v2\/posts\/95470\/revisions"}],"wp:featuredmedia":[{"embeddable":true,"href":"https:\/\/tucomarca.whitekongsoftware.com\/ca\/wp-json\/wp\/v2\/media\/95465"}],"wp:attachment":[{"href":"https:\/\/tucomarca.whitekongsoftware.com\/ca\/wp-json\/wp\/v2\/media?parent=95470"}],"wp:term":[{"taxonomy":"category","embeddable":true,"href":"https:\/\/tucomarca.whitekongsoftware.com\/ca\/wp-json\/wp\/v2\/categories?post=95470"},{"taxonomy":"post_tag","embeddable":true,"href":"https:\/\/tucomarca.whitekongsoftware.com\/ca\/wp-json\/wp\/v2\/tags?post=95470"}],"curies":[{"name":"wp","href":"https:\/\/api.w.org\/{rel}","templated":true}]}}