{"id":95431,"date":"2019-11-08T15:57:28","date_gmt":"2019-11-08T13:57:28","guid":{"rendered":"http:\/\/www.tucomarca.com\/wordpress\/segunda\/?p=95431"},"modified":"2019-11-08T15:57:37","modified_gmt":"2019-11-08T13:57:37","slug":"el-titol-de-lmundial-junior-de-moto3-encara-esta-per-decidir-entre-el-catala-jeremy-alcoba-i-el-valencia-carlos-tatay","status":"publish","type":"post","link":"https:\/\/tucomarca.whitekongsoftware.com\/ca\/el-titol-de-lmundial-junior-de-moto3-encara-esta-per-decidir-entre-el-catala-jeremy-alcoba-i-el-valencia-carlos-tatay\/","title":{"rendered":"El t\u00edtol de l&#8217;Mundial J\u00fanior de Moto3 encara est\u00e0 per decidir entre el catal\u00e0 Jeremy Alcoba i el valenci\u00e0 Carlos Tatay"},"content":{"rendered":"\n<p class=\"wp-block-paragraph\">El Circuit Ricardo Tormo celebra aquest cap de setmana l&#8217;\u00faltima cita de l&#8217;FIM CEV Repsol, el certamen de motociclisme que reuneix el Campionat de M\u00f3n J\u00fanior de Moto2, l&#8217;europeu de Moto2 i l&#8217;European Talent Cup.<\/p>\n\n\n\n<p class=\"wp-block-paragraph\">En l&#8217;aspecte esportiu, la categoria m\u00e9s atractiva ser\u00e0 la de Moto3, en qu\u00e8 Jeremy Alcoba pot proclamar-se campi\u00f3. Amb 50 punts en joc, Alcoba arriba a Xest amb un avantatge de 46 punts sobre el valenci\u00e0 Carlos Tatay, de manera que, com en la passada campanya, el Circuit tornar\u00e0 a coronar el campi\u00f3 de Moto3.<\/p>\n\n\n\n<p class=\"wp-block-paragraph\">Tant Alcoba com Tatay seran protagonistes tamb\u00e9 dins d&#8217;una setmana al Gran Premi Motul de la Comunitat Valenciana, en qu\u00e8 participaran com a pilots convidats.<\/p>\n\n\n\n<p class=\"wp-block-paragraph\">A Moto2 tornar\u00e0 a pista la baralla entre el recent proclamat campi\u00f3 d&#8217;aquesta categoria, Edgar Pons, i H\u00e9ctor Garz\u00f3, un altre dels pilots valencians que veurem en el Gran Premi lluitant pel t\u00edtol de la nova categoria de motos el\u00e8ctriques.<\/p>\n\n\n\n<p class=\"wp-block-paragraph\">L&#8217;European Talent Cup ofereix batalla fins a l&#8217;\u00faltima corba amb els pilots m\u00e9s joves. El campi\u00f3 de la categoria i pilot del Bressol de Campions, Izan Guevara, no correr\u00e0 a l&#8217;ETC, ja que disputar\u00e0 aquest cap de setmana la seva primera cursa sobre una Moto3.<\/p>\n\n\n\n<p class=\"wp-block-paragraph\">Com cada any, l&#8217;entrada a el p\u00fablic \u00e9s gratu\u00efta amb acc\u00e9s a les tribunes i a l&#8217;p\u00e0doc. A m\u00e9s, el diumenge a les 10.15 h es realitzar\u00e0 el &#8216;pit-walk&#8217;. Els seguidors que vulguin participar-hi hauran de acostar-se a partir de les 9 hores del mat\u00ed a l&#8217;acc\u00e9s principal de l&#8217;p\u00e0doc (Informaci\u00f3 Punt 1) per rebre la informaci\u00f3 necess\u00e0ria i aconseguir les seves invitacions.<\/p>\n\n\n\n<p class=\"wp-block-paragraph\">Diumenge, a m\u00e9s de les carreres, al Circuit acollir\u00e0 la tercera edici\u00f3 de l&#8217;MotoRock, que albergar\u00e0 concerts en directe, sortejos, regals i paella per a tots els inscrits, que tindran l&#8217;oportunitat de donar un parell de voltes a Circuit amb les seves pr\u00f2pies motos.<\/p>\n\n\n\n<p class=\"wp-block-paragraph\">Les persones seran les \u00faltimes en rodar per la pista abans que comenci el Gran Premi Motul de la Comunitat Valenciana els dies 15, 16 i 17 de novembre.<\/p>\n","protected":false},"excerpt":{"rendered":"<div class=\"mh-excerpt\">El Circuit Ricardo Tormo celebra aquest cap de setmana l&#8217;\u00faltima cita de l&#8217;FIM CEV Repsol, el certamen de motociclisme que reuneix el Campionat de M\u00f3n J\u00fanior de Moto2, l&#8217;europeu de Moto2 i l&#8217;European Talent Cup. <a class=\"mh-excerpt-more\" href=\"https:\/\/tucomarca.whitekongsoftware.com\/ca\/el-titol-de-lmundial-junior-de-moto3-encara-esta-per-decidir-entre-el-catala-jeremy-alcoba-i-el-valencia-carlos-tatay\/\" title=\"El t\u00edtol de l&#8217;Mundial J\u00fanior de Moto3 encara est\u00e0 per decidir entre el catal\u00e0 Jeremy Alcoba i el valenci\u00e0 Carlos Tatay\">[+] <\/a><\/div>\n","protected":false},"author":1,"featured_media":95429,"comment_status":"open","ping_status":"open","sticky":false,"template":"","format":"standard","meta":{"footnotes":""},"categories":[11003,10898,10904,10912,11011,10896,10974],"tags":[5952,10914],"class_list":["post-95431","post","type-post","status-publish","format-standard","has-post-thumbnail","category-sports","category-ventana-ca","category-sin-categorizar-ca","category-la-hoya-ca","category-motociclismo-ca","category-seccion-ca","category-cheste-ca","tag-la-hoya-de-bunol-chiva","tag-la-hoya-de-bunol-chiva-ca"],"_links":{"self":[{"href":"https:\/\/tucomarca.whitekongsoftware.com\/ca\/wp-json\/wp\/v2\/posts\/95431","targetHints":{"allow":["GET"]}}],"collection":[{"href":"https:\/\/tucomarca.whitekongsoftware.com\/ca\/wp-json\/wp\/v2\/posts"}],"about":[{"href":"https:\/\/tucomarca.whitekongsoftware.com\/ca\/wp-json\/wp\/v2\/types\/post"}],"author":[{"embeddable":true,"href":"https:\/\/tucomarca.whitekongsoftware.com\/ca\/wp-json\/wp\/v2\/users\/1"}],"replies":[{"embeddable":true,"href":"https:\/\/tucomarca.whitekongsoftware.com\/ca\/wp-json\/wp\/v2\/comments?post=95431"}],"version-history":[{"count":0,"href":"https:\/\/tucomarca.whitekongsoftware.com\/ca\/wp-json\/wp\/v2\/posts\/95431\/revisions"}],"wp:featuredmedia":[{"embeddable":true,"href":"https:\/\/tucomarca.whitekongsoftware.com\/ca\/wp-json\/wp\/v2\/media\/95429"}],"wp:attachment":[{"href":"https:\/\/tucomarca.whitekongsoftware.com\/ca\/wp-json\/wp\/v2\/media?parent=95431"}],"wp:term":[{"taxonomy":"category","embeddable":true,"href":"https:\/\/tucomarca.whitekongsoftware.com\/ca\/wp-json\/wp\/v2\/categories?post=95431"},{"taxonomy":"post_tag","embeddable":true,"href":"https:\/\/tucomarca.whitekongsoftware.com\/ca\/wp-json\/wp\/v2\/tags?post=95431"}],"curies":[{"name":"wp","href":"https:\/\/api.w.org\/{rel}","templated":true}]}}