{"id":95424,"date":"2019-11-11T13:35:32","date_gmt":"2019-11-11T11:35:32","guid":{"rendered":"http:\/\/www.tucomarca.com\/wordpress\/segunda\/?p=95424"},"modified":"2019-11-11T13:35:40","modified_gmt":"2019-11-11T11:35:40","slug":"despres-de-mesos-despera-lies-ricardo-marin-de-xest-ja-disposa-duna-persona-auxiliar-dadministracio","status":"publish","type":"post","link":"https:\/\/tucomarca.whitekongsoftware.com\/ca\/despres-de-mesos-despera-lies-ricardo-marin-de-xest-ja-disposa-duna-persona-auxiliar-dadministracio\/","title":{"rendered":"Despr\u00e9s de mesos d&#8217;espera, l&#8217;IES Ricardo Mar\u00edn de Xest ja disposa d&#8217;una persona auxiliar d&#8217;administraci\u00f3"},"content":{"rendered":"\n<p class=\"wp-block-paragraph\">El 22 de mar\u00e7 passat quedava vacant l&#8217;\u00fanica pla\u00e7a d&#8217;auxiliar d&#8217;administratiu de l&#8217;IES Ricardo Mar\u00edn de Xest. Des de llavors la direcci\u00f3 de centre havia comunicat la necessitat de comptar amb una persona en administraci\u00f3 tant a l&#8217;Negociat de Personal No Docent com a la Inspecci\u00f3 Educativa en repetides ocasions.<\/p>\n\n\n\n<p class=\"wp-block-paragraph\">No obstant, la situaci\u00f3 s&#8217;ha mantingut durant mesos, fins al passat 23 d&#8217;octubre, quan, finalment, Conselleria d&#8217;Educaci\u00f3 va cobrir la vacant. &#8220;Han estat necess\u00e0ries moltes negociacions amb la Conselleria per aconseguir que aquesta vacant generada al mes de mar\u00e7 qued\u00e9s coberta, garantint aix\u00ed una adequada gesti\u00f3 i qualitat de el servei d&#8217;administraci\u00f3 de el centre educatiu&#8221;, afirma la regidora d&#8217;Educaci\u00f3, M\u00aa \u00c1ngeles Llorente.<\/p>\n\n\n\n<p class=\"wp-block-paragraph\">Tal com va exposar la regidora en un escrit presentat a la Secretaria Territorial d&#8217;Educaci\u00f3, el passat mes de juliol, la manca d&#8217;una persona auxiliar d&#8217;administraci\u00f3 estava ocasionant que la direcci\u00f3 de centre hagu\u00e9s d&#8217;assumir funcions que no li corresponien, portant a terme tasques d&#8217;admissi\u00f3 d&#8217;alumnat, matriculaci\u00f3 de selectiu o matr\u00edcules de el seg\u00fcent curs; a m\u00e9s de les pr\u00f2pies de l&#8217;c\u00e0rrec que representen. &#8220;Es pot deduir la problem\u00e0tica que aix\u00f2 ha suposat i el greu prejudici que ocasiona&#8221;, manifesta Llorente. &#8220;Per sort, finalment vam aconseguir reunir-nos a Conselleria per abordar el problema i se li ha posat soluci\u00f3&#8221;.<\/p>\n\n\n\n<p class=\"wp-block-paragraph\">D&#8217;altra banda, des de 2012, l&#8217;IES Ricardo Mar\u00edn est\u00e0 sol\u00b7licitant formalment a Conselleria l&#8217;ampliaci\u00f3 de la plantilla de personal d&#8217;administraci\u00f3 i serveis de consergeria. Aquesta petici\u00f3 reiterada ha estat recolzada per l&#8217;AMPA de centre, que va mantenir una entrevista amb el secretari territorial d&#8217;Educaci\u00f3, Joan Carles Moll\u00e1, i el 23 d&#8217;abril 2018 va enviar una sol\u00b7licitud d&#8217;ajuda a l&#8217;S\u00edndic de Greuges. Tamb\u00e9 a l&#8217;abril de 2018, el Consell Escolar Municipal de Xest va recolzar la petici\u00f3 mitjan\u00e7ant un escrit a la Direcci\u00f3 Territorial d&#8217;Educaci\u00f3. &#8220;No hem deixat d&#8217;expressar les nostres necessitats durant aquests anys, el juliol de 2018 el Consell Escolar Municipal va tornar a enviar un escrit donant suport les mateixes i el 24 de setembre de 2019, la regidora d&#8217;Educaci\u00f3 i jo vam tenir una entrevista amb el secretari territorial d&#8217;Educaci\u00f3 &#8220;, explica la directora de centre, Pilar Rodr\u00edguez. &#8220;No obstant aix\u00f2, l&#8217;estat de la nostra sol\u00b7licitud segueix igual i el nostre institut, que ronda els 500 alumnes i les alumnes, a dia d&#8217;avui nom\u00e9s disposa d&#8217;un conserge i una administrativa, el mateix personal que tenia fa uns anys amb 150 alumnes i alumnes matriculats . Si seguim aix\u00ed, el problema s&#8217;agreujar\u00e0 amb l&#8217;ampliaci\u00f3 de l&#8217;institut, que precisar\u00e0 de m\u00e9s personal de serveis de consergeria, no nom\u00e9s per aquest augment d&#8217;alumnat, sin\u00f3 tamb\u00e9 per l&#8217;ampliaci\u00f3 dels espais &#8220;.<\/p>\n","protected":false},"excerpt":{"rendered":"<div class=\"mh-excerpt\">El 22 de mar\u00e7 passat quedava vacant l&#8217;\u00fanica pla\u00e7a d&#8217;auxiliar d&#8217;administratiu de l&#8217;IES Ricardo Mar\u00edn de Xest. Des de llavors la direcci\u00f3 de centre havia comunicat la necessitat de comptar amb una persona en administraci\u00f3 <a class=\"mh-excerpt-more\" href=\"https:\/\/tucomarca.whitekongsoftware.com\/ca\/despres-de-mesos-despera-lies-ricardo-marin-de-xest-ja-disposa-duna-persona-auxiliar-dadministracio\/\" title=\"Despr\u00e9s de mesos d&#8217;espera, l&#8217;IES Ricardo Mar\u00edn de Xest ja disposa d&#8217;una persona auxiliar d&#8217;administraci\u00f3\">[+] <\/a><\/div>\n","protected":false},"author":1,"featured_media":95422,"comment_status":"open","ping_status":"open","sticky":false,"template":"","format":"standard","meta":{"footnotes":""},"categories":[10948,10894,10912,10947,10896,10974],"tags":[5952],"class_list":["post-95424","post","type-post","status-publish","format-standard","has-post-thumbnail","category-infraestructuras-ca","category-la-comarca-ca","category-la-hoya-ca","category-politica","category-seccion-ca","category-cheste-ca","tag-la-hoya-de-bunol-chiva"],"_links":{"self":[{"href":"https:\/\/tucomarca.whitekongsoftware.com\/ca\/wp-json\/wp\/v2\/posts\/95424","targetHints":{"allow":["GET"]}}],"collection":[{"href":"https:\/\/tucomarca.whitekongsoftware.com\/ca\/wp-json\/wp\/v2\/posts"}],"about":[{"href":"https:\/\/tucomarca.whitekongsoftware.com\/ca\/wp-json\/wp\/v2\/types\/post"}],"author":[{"embeddable":true,"href":"https:\/\/tucomarca.whitekongsoftware.com\/ca\/wp-json\/wp\/v2\/users\/1"}],"replies":[{"embeddable":true,"href":"https:\/\/tucomarca.whitekongsoftware.com\/ca\/wp-json\/wp\/v2\/comments?post=95424"}],"version-history":[{"count":0,"href":"https:\/\/tucomarca.whitekongsoftware.com\/ca\/wp-json\/wp\/v2\/posts\/95424\/revisions"}],"wp:featuredmedia":[{"embeddable":true,"href":"https:\/\/tucomarca.whitekongsoftware.com\/ca\/wp-json\/wp\/v2\/media\/95422"}],"wp:attachment":[{"href":"https:\/\/tucomarca.whitekongsoftware.com\/ca\/wp-json\/wp\/v2\/media?parent=95424"}],"wp:term":[{"taxonomy":"category","embeddable":true,"href":"https:\/\/tucomarca.whitekongsoftware.com\/ca\/wp-json\/wp\/v2\/categories?post=95424"},{"taxonomy":"post_tag","embeddable":true,"href":"https:\/\/tucomarca.whitekongsoftware.com\/ca\/wp-json\/wp\/v2\/tags?post=95424"}],"curies":[{"name":"wp","href":"https:\/\/api.w.org\/{rel}","templated":true}]}}