{"id":95400,"date":"2019-11-09T13:15:24","date_gmt":"2019-11-09T11:15:24","guid":{"rendered":"http:\/\/www.tucomarca.com\/wordpress\/segunda\/?p=95400"},"modified":"2019-11-09T13:15:31","modified_gmt":"2019-11-09T11:15:31","slug":"alexis-diaz-inaugura-la-seua-exposicio-periples-dins-de-la-vii-biennal-darts","status":"publish","type":"post","link":"https:\/\/tucomarca.whitekongsoftware.com\/ca\/alexis-diaz-inaugura-la-seua-exposicio-periples-dins-de-la-vii-biennal-darts\/","title":{"rendered":"Alexis D\u00edaz inaugura la seua exposici\u00f3 \u00abPeriples\u00bb dins de la VII Biennal d&#8217;Arts"},"content":{"rendered":"\n<p class=\"wp-block-paragraph\">A la biblioteca municipal i acollida dins BibliotecArte torna i se suma a la VII Biennal d&#8217;Arts l&#8217;artista Alexis D\u00edaz, que va inaugurar aquest divendres 8 de novembre, a les 19 h, la seua exposici\u00f3 &#8220;Periples&#8221;. <\/p>\n\n\n\n<p class=\"wp-block-paragraph\">L&#8217;acte ha estat acompanyat d&#8217;una xerrada sobre d&#8217;el proc\u00e9s creatiu que Alexis porta a terme per realitzar un projecte art\u00edstic. Aquesta exposici\u00f3 es podr\u00e0 visitar en horari de biblioteca fins al 29 de novembre inclusivament.<\/p>\n","protected":false},"excerpt":{"rendered":"<div class=\"mh-excerpt\">A la biblioteca municipal i acollida dins BibliotecArte torna i se suma a la VII Biennal d&#8217;Arts l&#8217;artista Alexis D\u00edaz, que va inaugurar aquest divendres 8 de novembre, a les 19 h, la seua exposici\u00f3 <a class=\"mh-excerpt-more\" href=\"https:\/\/tucomarca.whitekongsoftware.com\/ca\/alexis-diaz-inaugura-la-seua-exposicio-periples-dins-de-la-vii-biennal-darts\/\" title=\"Alexis D\u00edaz inaugura la seua exposici\u00f3 \u00abPeriples\u00bb dins de la VII Biennal d&#8217;Arts\">[+] <\/a><\/div>\n","protected":false},"author":12,"featured_media":95398,"comment_status":"open","ping_status":"open","sticky":false,"template":"","format":"standard","meta":{"footnotes":""},"categories":[11019,10911,10912,11007,11063,10896],"tags":[10385],"class_list":["post-95400","post","type-post","status-publish","format-standard","has-post-thumbnail","category-agenda-ca","category-bunol-ca","category-la-hoya-ca","category-ocio-y-cultura-ca","category-pintura-ca","category-seccion-ca","tag-bunol"],"_links":{"self":[{"href":"https:\/\/tucomarca.whitekongsoftware.com\/ca\/wp-json\/wp\/v2\/posts\/95400","targetHints":{"allow":["GET"]}}],"collection":[{"href":"https:\/\/tucomarca.whitekongsoftware.com\/ca\/wp-json\/wp\/v2\/posts"}],"about":[{"href":"https:\/\/tucomarca.whitekongsoftware.com\/ca\/wp-json\/wp\/v2\/types\/post"}],"author":[{"embeddable":true,"href":"https:\/\/tucomarca.whitekongsoftware.com\/ca\/wp-json\/wp\/v2\/users\/12"}],"replies":[{"embeddable":true,"href":"https:\/\/tucomarca.whitekongsoftware.com\/ca\/wp-json\/wp\/v2\/comments?post=95400"}],"version-history":[{"count":0,"href":"https:\/\/tucomarca.whitekongsoftware.com\/ca\/wp-json\/wp\/v2\/posts\/95400\/revisions"}],"wp:featuredmedia":[{"embeddable":true,"href":"https:\/\/tucomarca.whitekongsoftware.com\/ca\/wp-json\/wp\/v2\/media\/95398"}],"wp:attachment":[{"href":"https:\/\/tucomarca.whitekongsoftware.com\/ca\/wp-json\/wp\/v2\/media?parent=95400"}],"wp:term":[{"taxonomy":"category","embeddable":true,"href":"https:\/\/tucomarca.whitekongsoftware.com\/ca\/wp-json\/wp\/v2\/categories?post=95400"},{"taxonomy":"post_tag","embeddable":true,"href":"https:\/\/tucomarca.whitekongsoftware.com\/ca\/wp-json\/wp\/v2\/tags?post=95400"}],"curies":[{"name":"wp","href":"https:\/\/api.w.org\/{rel}","templated":true}]}}