{"id":95176,"date":"2019-11-03T21:37:33","date_gmt":"2019-11-03T19:37:33","guid":{"rendered":"http:\/\/www.tucomarca.com\/wordpress\/segunda\/?p=95176"},"modified":"2019-11-03T21:37:41","modified_gmt":"2019-11-03T19:37:41","slug":"el-cd-bunyol-simposa-per-la-minima-a-la-ud-quart-de-poblet","status":"publish","type":"post","link":"https:\/\/tucomarca.whitekongsoftware.com\/ca\/el-cd-bunyol-simposa-per-la-minima-a-la-ud-quart-de-poblet\/","title":{"rendered":"El CD Bunyol s&#8217;imposa per la m\u00ednima a la UD Quart de Poblet"},"content":{"rendered":"\n<p class=\"wp-block-paragraph\">El Club Esportiu Bunyol s&#8217;ha imposat per la m\u00ednima (0-1) a la Uni\u00f3 Esportiva Quart de Poblet en el partit disputat aquest diumenge a la citada localitat de l&#8217;Horta Oest.<\/p>\n\n\n\n<p class=\"wp-block-paragraph\">Tots dos conjunts van arribar amb empat a zero gols al final de la primera meitat, i no va ser fins al minut 80 de la segona quan els blancs van aconseguir el gol de la vict\u00f2ria per mediaci\u00f3 del central V\u00edctor despr\u00e9s d&#8217;un servei de c\u00f3rner.<\/p>\n\n\n\n<p class=\"wp-block-paragraph\">Amb aquesta nova vict\u00f2ria, el CD Bunyol d&#8217;Adri\u00e1n Ferrandis es mant\u00e9 l\u00edder (amb 23 punts) seguit pel CD Utiel (que t\u00e9 quatre menys), un conjunt utielano que ha sobrepassat al SC Requena despr\u00e9s de la derrota d&#8217;aquests en l&#8217;\u00faltima jornada a casa davant del Torre Llevant (0-1) el que els deixa amb un punt menys que al segon classificat.<\/p>\n\n\n\n<p class=\"wp-block-paragraph\">El Club Esportiu Bunyol jugar\u00e0 el proper cap de setmana al Beltr\u00e1n B\u00e1guena contra el Disc\u00f2bol-la Torre, el fanalet vermell de la classificaci\u00f3 de la taula del grup segon de la Regional Preferent, que nom\u00e9s compta amb 2 punts i que ve de perdre contra el CD Utiel per 1 gol a 3.<\/p>\n","protected":false},"excerpt":{"rendered":"<div class=\"mh-excerpt\">El Club Esportiu Bunyol s&#8217;ha imposat per la m\u00ednima (0-1) a la Uni\u00f3 Esportiva Quart de Poblet en el partit disputat aquest diumenge a la citada localitat de l&#8217;Horta Oest. Tots dos conjunts van arribar <a class=\"mh-excerpt-more\" href=\"https:\/\/tucomarca.whitekongsoftware.com\/ca\/el-cd-bunyol-simposa-per-la-minima-a-la-ud-quart-de-poblet\/\" title=\"El CD Bunyol s&#8217;imposa per la m\u00ednima a la UD Quart de Poblet\">[+] <\/a><\/div>\n","protected":false},"author":1,"featured_media":95175,"comment_status":"open","ping_status":"open","sticky":false,"template":"","format":"standard","meta":{"footnotes":""},"categories":[10911,11015,11003,10912,10896],"tags":[11264,10661],"class_list":["post-95176","post","type-post","status-publish","format-standard","has-post-thumbnail","category-bunol-ca","category-canal-futbol","category-sports","category-la-hoya-ca","category-seccion-ca","tag-esports-ca","tag-esports"],"_links":{"self":[{"href":"https:\/\/tucomarca.whitekongsoftware.com\/ca\/wp-json\/wp\/v2\/posts\/95176","targetHints":{"allow":["GET"]}}],"collection":[{"href":"https:\/\/tucomarca.whitekongsoftware.com\/ca\/wp-json\/wp\/v2\/posts"}],"about":[{"href":"https:\/\/tucomarca.whitekongsoftware.com\/ca\/wp-json\/wp\/v2\/types\/post"}],"author":[{"embeddable":true,"href":"https:\/\/tucomarca.whitekongsoftware.com\/ca\/wp-json\/wp\/v2\/users\/1"}],"replies":[{"embeddable":true,"href":"https:\/\/tucomarca.whitekongsoftware.com\/ca\/wp-json\/wp\/v2\/comments?post=95176"}],"version-history":[{"count":0,"href":"https:\/\/tucomarca.whitekongsoftware.com\/ca\/wp-json\/wp\/v2\/posts\/95176\/revisions"}],"wp:featuredmedia":[{"embeddable":true,"href":"https:\/\/tucomarca.whitekongsoftware.com\/ca\/wp-json\/wp\/v2\/media\/95175"}],"wp:attachment":[{"href":"https:\/\/tucomarca.whitekongsoftware.com\/ca\/wp-json\/wp\/v2\/media?parent=95176"}],"wp:term":[{"taxonomy":"category","embeddable":true,"href":"https:\/\/tucomarca.whitekongsoftware.com\/ca\/wp-json\/wp\/v2\/categories?post=95176"},{"taxonomy":"post_tag","embeddable":true,"href":"https:\/\/tucomarca.whitekongsoftware.com\/ca\/wp-json\/wp\/v2\/tags?post=95176"}],"curies":[{"name":"wp","href":"https:\/\/api.w.org\/{rel}","templated":true}]}}