{"id":95132,"date":"2019-11-01T12:15:37","date_gmt":"2019-11-01T10:15:37","guid":{"rendered":"http:\/\/www.tucomarca.com\/wordpress\/segunda\/?p=95132"},"modified":"2019-11-01T12:15:46","modified_gmt":"2019-11-01T10:15:46","slug":"epsar-subvencionara-el-60-del-collector-de-la-zona-nord-de-la-pobla-de-vallbona","status":"publish","type":"post","link":"https:\/\/tucomarca.whitekongsoftware.com\/ca\/epsar-subvencionara-el-60-del-collector-de-la-zona-nord-de-la-pobla-de-vallbona\/","title":{"rendered":"EPSAR subvencionar\u00e0 el 60% del col\u00b7lector de la zona Nord de la Pobla de Vallbona"},"content":{"rendered":"\n<figure class=\"wp-block-image\"><img loading=\"lazy\" decoding=\"async\" width=\"1024\" height=\"576\" src=\"http:\/\/www.tucomarca.com\/wordpress\/segunda\/wp-content\/uploads\/2019\/11\/LaPoblaEpsar-1024x576.jpg\" alt=\"EPSAR pagar\u00e0 prop de 2,1 milions d\u2019euros de les inversions en canalitzaci\u00f3 d\u2019aig\u00fces residuals de la Pobla-\" class=\"wp-image-95134\" srcset=\"https:\/\/tucomarca.whitekongsoftware.com\/wp-content\/uploads\/2019\/11\/LaPoblaEpsar-1024x576.jpg 1024w, https:\/\/tucomarca.whitekongsoftware.com\/wp-content\/uploads\/2019\/11\/LaPoblaEpsar-300x169.jpg 300w, https:\/\/tucomarca.whitekongsoftware.com\/wp-content\/uploads\/2019\/11\/LaPoblaEpsar-768x432.jpg 768w, https:\/\/tucomarca.whitekongsoftware.com\/wp-content\/uploads\/2019\/11\/LaPoblaEpsar-678x381.jpg 678w\" sizes=\"auto, (max-width: 1024px) 100vw, 1024px\" \/><figcaption>EPSAR pagar\u00e0 prop de 2,1 milions d\u2019euros de les inversions en canalitzaci\u00f3 d\u2019aig\u00fces residuals de la Pobla-<\/figcaption><\/figure>\n\n\n\n<p class=\"wp-block-paragraph\">L\u2019empresa de gesti\u00f3 de les aig\u00fces residuals, EPSAR, es compromet a subvencionar el 60% de les inversions necess\u00e0ries per construir el col\u00b7lector estructural de la zona nord de la Pobla de Vallbona i la connexi\u00f3 sud amb la depuradora pel cam\u00ed de l\u2019Assagador. Aix\u00ed els ho ha traslladat el gerent de l\u2019empresa p\u00fablica, Enrique Lapuente, a l\u2019alcalde, Josep Vicent Garcia i el regidor d\u2019Urbanisme, Juan Aguilar. Lapuente els ha confirmat que les obres s\u2019inclouran dins el Segon Pla Director de Sanejament i Depuraci\u00f3 de la Comunitat Valenciana que ha de coordinar les actuacions de la Generalitat i les entitats locals en mat\u00e8ria d\u2019aig\u00fces residuals.<\/p>\n\n\n\n<p class=\"wp-block-paragraph\">La Pobla de Vallbona ha registrat ja davant l\u2019empresa p\u00fablica EPSAR l\u2019avantprojecte de les canalitzacions principals de les urbanitzacions de la zona nord i on es troben ubicats m\u00e9s de 1.100 xalets actualment sense connexi\u00f3 amb la depuradora valorat en 1,5 milions d\u2019euros. Tamb\u00e9 s\u2019obtindr\u00e0 ajuda per a la connexi\u00f3 sud amb la depuradora valorat en poc m\u00e9s de 2 milions d\u2019euros. L\u2019Alcalde de la Pobla ha manifestat la satisfacci\u00f3 per \u201cuna subvenci\u00f3 que pot arribar a ser de 2,1 milions d\u2019euros i que permetr\u00e0 rebaixar considerablement l\u2019aportaci\u00f3 que han de fer els ve\u00efns afectats\u201d.<\/p>\n\n\n\n<p class=\"wp-block-paragraph\">L\u2019Alcalde de la Pobla i el regidor d\u2019Urbanisme han valorat la implicaci\u00f3 del gerent d\u2019EPSAR en solucionar un problema que s\u2019ha generat al municipi amb construccions de m\u00e9s de 30 anys sense que ning\u00fa els donara una soluci\u00f3 i amb el risc de contaminar els aq\u00fc\u00edfers de la localitat. Garcia ha recordat que quan el projecte es presentava el mes de febrer davant els ve\u00efns \u201ces va anunciar que es demanarien totes les ajudes per abaratir el cost, un comprom\u00eds&nbsp; que ara s\u2019est\u00e0 complint\u201d.<br><\/p>\n","protected":false},"excerpt":{"rendered":"<div class=\"mh-excerpt\">L\u2019empresa de gesti\u00f3 de les aig\u00fces residuals, EPSAR, es compromet a subvencionar el 60% de les inversions necess\u00e0ries per construir el col\u00b7lector estructural de la zona nord de la Pobla de Vallbona i la connexi\u00f3 <a class=\"mh-excerpt-more\" href=\"https:\/\/tucomarca.whitekongsoftware.com\/ca\/epsar-subvencionara-el-60-del-collector-de-la-zona-nord-de-la-pobla-de-vallbona\/\" title=\"EPSAR subvencionar\u00e0 el 60% del col\u00b7lector de la zona Nord de la Pobla de Vallbona\">[+] <\/a><\/div>\n","protected":false},"author":1,"featured_media":95130,"comment_status":"open","ping_status":"open","sticky":false,"template":"","format":"standard","meta":{"footnotes":""},"categories":[10892,10948,10894,10915,10903,10947,10896],"tags":[10395,10899],"class_list":["post-95132","post","type-post","status-publish","format-standard","has-post-thumbnail","category-camp-de-turia-ca","category-infraestructuras-ca","category-la-comarca-ca","category-la-pobla-ca","category-medio-ambiente-la-comarca-ca","category-politica","category-seccion-ca","tag-camp-de-turia","tag-camp-de-turia-ca"],"_links":{"self":[{"href":"https:\/\/tucomarca.whitekongsoftware.com\/ca\/wp-json\/wp\/v2\/posts\/95132","targetHints":{"allow":["GET"]}}],"collection":[{"href":"https:\/\/tucomarca.whitekongsoftware.com\/ca\/wp-json\/wp\/v2\/posts"}],"about":[{"href":"https:\/\/tucomarca.whitekongsoftware.com\/ca\/wp-json\/wp\/v2\/types\/post"}],"author":[{"embeddable":true,"href":"https:\/\/tucomarca.whitekongsoftware.com\/ca\/wp-json\/wp\/v2\/users\/1"}],"replies":[{"embeddable":true,"href":"https:\/\/tucomarca.whitekongsoftware.com\/ca\/wp-json\/wp\/v2\/comments?post=95132"}],"version-history":[{"count":0,"href":"https:\/\/tucomarca.whitekongsoftware.com\/ca\/wp-json\/wp\/v2\/posts\/95132\/revisions"}],"wp:featuredmedia":[{"embeddable":true,"href":"https:\/\/tucomarca.whitekongsoftware.com\/ca\/wp-json\/wp\/v2\/media\/95130"}],"wp:attachment":[{"href":"https:\/\/tucomarca.whitekongsoftware.com\/ca\/wp-json\/wp\/v2\/media?parent=95132"}],"wp:term":[{"taxonomy":"category","embeddable":true,"href":"https:\/\/tucomarca.whitekongsoftware.com\/ca\/wp-json\/wp\/v2\/categories?post=95132"},{"taxonomy":"post_tag","embeddable":true,"href":"https:\/\/tucomarca.whitekongsoftware.com\/ca\/wp-json\/wp\/v2\/tags?post=95132"}],"curies":[{"name":"wp","href":"https:\/\/api.w.org\/{rel}","templated":true}]}}