{"id":94967,"date":"2019-10-30T19:58:51","date_gmt":"2019-10-30T17:58:51","guid":{"rendered":"http:\/\/www.tucomarca.com\/wordpress\/segunda\/?p=94967"},"modified":"2019-10-30T19:58:58","modified_gmt":"2019-10-30T17:58:58","slug":"toni-canto-es-reuneix-a-alzira-amb-agricultors-i-empresaris-per-a-portar-les-seues-propostes-com-a-iniciatives-a-les-corts","status":"publish","type":"post","link":"https:\/\/tucomarca.whitekongsoftware.com\/ca\/toni-canto-es-reuneix-a-alzira-amb-agricultors-i-empresaris-per-a-portar-les-seues-propostes-com-a-iniciatives-a-les-corts\/","title":{"rendered":"Toni Cant\u00f3 es reuneix a Alzira amb agricultors i empresaris per a portar les seues propostes com a iniciatives a les Corts"},"content":{"rendered":"\n<p class=\"wp-block-paragraph\">El s\u00edndic de Ciutadans en Les Corts valencianes,\u00a0Toni Cant\u00f3, ha exigit al Consell \u201cmesures urgents de regeneraci\u00f3, com apartar als imputats\u201d davant \u201cel moment desastr\u00f3s que est\u00e0 travessant el tripartit,\u00a0amb tres condemnats a Alacant per prevaricaci\u00f3 i dos imputats per les ajudes al valenci\u00e0\u201d.\u00a0<\/p>\n\n\n\n<p class=\"wp-block-paragraph\">En una visita a Alzira, Cant\u00f3 ha insistit que el director general de Pol\u00edtica Ling\u00fc\u00edstica, Rub\u00e9n Trenzano, de Comprom\u00eds, ha de ser apartat del seu c\u00e0rrec despr\u00e9s de ser imputat i ha\u00a0reclamat \u201cexplicacions\u201d despr\u00e9s que imputen tamb\u00e9 al germ\u00e0 del president de la Generalitat, Ximo Puig. En aquest sentit, el l\u00edder de Ciutadans ha tornat a posar damunt de la taula\u00a0la necessitat d&#8217;aprovar una comissi\u00f3 d&#8217;investigaci\u00f3 per a esclarir les sospites entorn de Puig i ha instat als socis del tripartit a \u201cdeixar d&#8217;actuar com a c\u00f2mplices\u00a0i permetre que s&#8217;investigue si hi ha hagut irregularitats\u201d.<\/p>\n\n\n\n<p class=\"wp-block-paragraph\">Despr\u00e9s de mantindre una reuni\u00f3 amb la cooperativa hortofruct\u00edcola d&#8217;Alzira, Alzicoop, acompanyat pel portaveu local de Cs Miguel Vidal i la regidora Clara Aled\u00f3n, Cant\u00f3 ha explicat que \u201cinclour\u00e0 les seues propostes com a esmenes als Pressupostos de la Generalitat\u201d. En aquest sentit,\u00a0ha advocat per \u201caugmentar les inversions per a ajudar als joves agricultors, aconseguir m\u00e9s finan\u00e7ament per a canviar les seues vies energ\u00e8tiques per renovables i realitzar canvis en l&#8217;Institut Valenci\u00e0 d&#8217;Inversions Agr\u00e0ries\u201d.\u00a0<\/p>\n\n\n\n<p class=\"wp-block-paragraph\">A m\u00e9s, ha qualificat de \u201cnecess\u00e0ria\u201d la connexi\u00f3 amb l&#8217;autopista AP7, \u201cque tant el PP, com el PSOE no cessen de prometre, per\u00f2 mai arriba\u201d. Respecte al govern local, el portaveu auton\u00f2mic de Cs ha denunciat que \u201cquasi bat r\u00e8cords en ocupaci\u00f3 d&#8217;endollats\u201d lloc que gasta la meitat del seu pressupost en empleats, la meitat \u2018amiguetes\u2019\u201d. Per part seua, Miguel Vidal ha subratllat que \u201cCs \u00e9s l&#8217;\u00fanic partit que no porta motxilles i l&#8217;\u00fanic que \u00e9s capa\u00e7 de dur a terme les reformes que necessiten els ciutadans\u201d.<\/p>\n","protected":false},"excerpt":{"rendered":"<div class=\"mh-excerpt\">El s\u00edndic de Ciutadans en Les Corts valencianes,\u00a0Toni Cant\u00f3, ha exigit al Consell \u201cmesures urgents de regeneraci\u00f3, com apartar als imputats\u201d davant \u201cel moment desastr\u00f3s que est\u00e0 travessant el tripartit,\u00a0amb tres condemnats a Alacant per <a class=\"mh-excerpt-more\" href=\"https:\/\/tucomarca.whitekongsoftware.com\/ca\/toni-canto-es-reuneix-a-alzira-amb-agricultors-i-empresaris-per-a-portar-les-seues-propostes-com-a-iniciatives-a-les-corts\/\" title=\"Toni Cant\u00f3 es reuneix a Alzira amb agricultors i empresaris per a portar les seues propostes com a iniciatives a les Corts\">[+] <\/a><\/div>\n","protected":false},"author":1,"featured_media":94965,"comment_status":"open","ping_status":"open","sticky":false,"template":"","format":"standard","meta":{"footnotes":""},"categories":[10889,10894,10904,10902,10947,10896],"tags":[11619,3764],"class_list":["post-94967","post","type-post","status-publish","format-standard","has-post-thumbnail","category-alzira-cat","category-la-comarca-ca","category-sin-categorizar-ca","category-la-ribera-ca","category-politica","category-seccion-ca","tag-ciudadanos-ca","tag-ciudadanos"],"_links":{"self":[{"href":"https:\/\/tucomarca.whitekongsoftware.com\/ca\/wp-json\/wp\/v2\/posts\/94967","targetHints":{"allow":["GET"]}}],"collection":[{"href":"https:\/\/tucomarca.whitekongsoftware.com\/ca\/wp-json\/wp\/v2\/posts"}],"about":[{"href":"https:\/\/tucomarca.whitekongsoftware.com\/ca\/wp-json\/wp\/v2\/types\/post"}],"author":[{"embeddable":true,"href":"https:\/\/tucomarca.whitekongsoftware.com\/ca\/wp-json\/wp\/v2\/users\/1"}],"replies":[{"embeddable":true,"href":"https:\/\/tucomarca.whitekongsoftware.com\/ca\/wp-json\/wp\/v2\/comments?post=94967"}],"version-history":[{"count":0,"href":"https:\/\/tucomarca.whitekongsoftware.com\/ca\/wp-json\/wp\/v2\/posts\/94967\/revisions"}],"wp:featuredmedia":[{"embeddable":true,"href":"https:\/\/tucomarca.whitekongsoftware.com\/ca\/wp-json\/wp\/v2\/media\/94965"}],"wp:attachment":[{"href":"https:\/\/tucomarca.whitekongsoftware.com\/ca\/wp-json\/wp\/v2\/media?parent=94967"}],"wp:term":[{"taxonomy":"category","embeddable":true,"href":"https:\/\/tucomarca.whitekongsoftware.com\/ca\/wp-json\/wp\/v2\/categories?post=94967"},{"taxonomy":"post_tag","embeddable":true,"href":"https:\/\/tucomarca.whitekongsoftware.com\/ca\/wp-json\/wp\/v2\/tags?post=94967"}],"curies":[{"name":"wp","href":"https:\/\/api.w.org\/{rel}","templated":true}]}}