{"id":94960,"date":"2019-10-30T19:50:29","date_gmt":"2019-10-30T17:50:29","guid":{"rendered":"http:\/\/www.tucomarca.com\/wordpress\/segunda\/?p=94960"},"modified":"2019-10-30T19:50:38","modified_gmt":"2019-10-30T17:50:38","slug":"el-bunyolense-teo-pros-primer-entrenador-de-la-seleccio-dhandbol-cadet-de-la-comunitat-valenciana","status":"publish","type":"post","link":"https:\/\/tucomarca.whitekongsoftware.com\/ca\/el-bunyolense-teo-pros-primer-entrenador-de-la-seleccio-dhandbol-cadet-de-la-comunitat-valenciana\/","title":{"rendered":"El bunyolense Teo Pros, primer entrenador de la Selecci\u00f3 d&#8217;handbol Cadet de la Comunitat Valenciana"},"content":{"rendered":"\n<p class=\"wp-block-paragraph\">El bunyolense Teo Pros es far\u00e0 c\u00e0rrec com a primer entrenador de la Selecci\u00f3 Cadet d&#8217;handbol de la Comunitat Valenciana. &#8220;El m\u00edster del Club Handbol Bunyol, que ja portava diversos anys com a segon entrenador de la Selecci\u00f3, fa el salt i es col\u00b7loca com a cap visible d&#8217;un combinat que est\u00e0 cridat a fer grans coses en les competicions que t\u00e9 per davant&#8221;, segons han informat fonts del club.<\/p>\n\n\n\n<p class=\"wp-block-paragraph\">La Selecci\u00f3 cadet porta ja diverses setmanes preparant el Campionat d&#8217;Espanya de Seleccions, que aquest any se celebra a Santander. &#8220;I el cap de setmana la pres\u00e8ncia bu\u00f1olense va ser doble. A part de Teo Pros, va participar en la preparaci\u00f3 el jugador cadet del Club Handbol Bunyol,\u00ab Chipi \u00bb. El bu\u00f1olense va completar l&#8217;entrenament amb els millors jugadors de la Comunitat Valenciana i va rendir a un gran nivell. Sens dubte, va ser una aut\u00e8ntica experi\u00e8ncia per a ell, que vol seguir sumant per continuar creixent com a jugador &#8220;, segons les mateixes fonts.<\/p>\n\n\n\n<p class=\"wp-block-paragraph\">Des del Club Handbol Bunyol han mostrat la seva &#8220;satisfacci\u00f3 perqu\u00e8 la feina d&#8217;un club tan petit com el nostre es vegi reconegut per part de la Federaci\u00f3 d&#8217;Handbol de la Comunitat Valenciana&#8221;. A m\u00e9s, han volgut &#8220;felicitar Teo Pros per aquest important pas&#8221; i a Chipi &#8220;per la seva crida a les files del conjunt auton\u00f2mic cadet&#8221;.<\/p>\n","protected":false},"excerpt":{"rendered":"<div class=\"mh-excerpt\">El bunyolense Teo Pros es far\u00e0 c\u00e0rrec com a primer entrenador de la Selecci\u00f3 Cadet d&#8217;handbol de la Comunitat Valenciana. &#8220;El m\u00edster del Club Handbol Bunyol, que ja portava diversos anys com a segon entrenador <a class=\"mh-excerpt-more\" href=\"https:\/\/tucomarca.whitekongsoftware.com\/ca\/el-bunyolense-teo-pros-primer-entrenador-de-la-seleccio-dhandbol-cadet-de-la-comunitat-valenciana\/\" title=\"El bunyolense Teo Pros, primer entrenador de la Selecci\u00f3 d&#8217;handbol Cadet de la Comunitat Valenciana\">[+] <\/a><\/div>\n","protected":false},"author":1,"featured_media":94958,"comment_status":"open","ping_status":"open","sticky":false,"template":"","format":"standard","meta":{"footnotes":""},"categories":[10911,11003,10912,11009,10896],"tags":[10518,11884,11411,10558],"class_list":["post-94960","post","type-post","status-publish","format-standard","has-post-thumbnail","category-bunol-ca","category-sports","category-la-hoya-ca","category-polideportivo-ca","category-seccion-ca","tag-balonmano","tag-balonmano-ca","tag-club-balonmano-bunol-ca","tag-club-balonmano-bunol"],"_links":{"self":[{"href":"https:\/\/tucomarca.whitekongsoftware.com\/ca\/wp-json\/wp\/v2\/posts\/94960","targetHints":{"allow":["GET"]}}],"collection":[{"href":"https:\/\/tucomarca.whitekongsoftware.com\/ca\/wp-json\/wp\/v2\/posts"}],"about":[{"href":"https:\/\/tucomarca.whitekongsoftware.com\/ca\/wp-json\/wp\/v2\/types\/post"}],"author":[{"embeddable":true,"href":"https:\/\/tucomarca.whitekongsoftware.com\/ca\/wp-json\/wp\/v2\/users\/1"}],"replies":[{"embeddable":true,"href":"https:\/\/tucomarca.whitekongsoftware.com\/ca\/wp-json\/wp\/v2\/comments?post=94960"}],"version-history":[{"count":0,"href":"https:\/\/tucomarca.whitekongsoftware.com\/ca\/wp-json\/wp\/v2\/posts\/94960\/revisions"}],"wp:featuredmedia":[{"embeddable":true,"href":"https:\/\/tucomarca.whitekongsoftware.com\/ca\/wp-json\/wp\/v2\/media\/94958"}],"wp:attachment":[{"href":"https:\/\/tucomarca.whitekongsoftware.com\/ca\/wp-json\/wp\/v2\/media?parent=94960"}],"wp:term":[{"taxonomy":"category","embeddable":true,"href":"https:\/\/tucomarca.whitekongsoftware.com\/ca\/wp-json\/wp\/v2\/categories?post=94960"},{"taxonomy":"post_tag","embeddable":true,"href":"https:\/\/tucomarca.whitekongsoftware.com\/ca\/wp-json\/wp\/v2\/tags?post=94960"}],"curies":[{"name":"wp","href":"https:\/\/api.w.org\/{rel}","templated":true}]}}