{"id":94900,"date":"2019-10-29T20:46:56","date_gmt":"2019-10-29T18:46:56","guid":{"rendered":"http:\/\/www.tucomarca.com\/wordpress\/segunda\/?p=94900"},"modified":"2019-10-29T20:47:05","modified_gmt":"2019-10-29T18:47:05","slug":"lalcalde-de-vilamarxant-insta-la-diputacio-a-iniciar-el-projecte-de-la-ronda-cv-370","status":"publish","type":"post","link":"https:\/\/tucomarca.whitekongsoftware.com\/ca\/lalcalde-de-vilamarxant-insta-la-diputacio-a-iniciar-el-projecte-de-la-ronda-cv-370\/","title":{"rendered":"L&#8217;alcalde de Vilamarxant insta la Diputaci\u00f3 a iniciar el projecte de la Ronda CV-370"},"content":{"rendered":"\n<p class=\"wp-block-paragraph\">L&#8217;alcalde de Vilamarxant, H\u00e9ctor Troyano, li ha traslladat al president de la Diputaci\u00f3 de Val\u00e8ncia, Toni Gaspar, &#8220;la necessitat de posar en marxa aquesta obra per desviar el tr\u00e0nsit rodat dins el nucli urb\u00e0&#8221;.<\/p>\n\n\n\n<p class=\"wp-block-paragraph\">En la trobada mantinguda a les 13,00 hores d&#8217;aquest dimarts a la seu provincial, a m\u00e9s de la posada en marxa de la Ronda CV-370, l&#8217;alcalde de Vilamarxant ha volgut &#8220;fer-li arribar al president de la Diputaci\u00f3 les necessitats del municipi en mat\u00e8ria d&#8217;infraestructures &#8220;, segons fonts municipals.<\/p>\n\n\n\n<p class=\"wp-block-paragraph\">La millora de la carretera que uneix el municipi amb Riba-roja i la seva ampliaci\u00f3 amb carril bici tamb\u00e9 ha estat un dels temes tractats per Hector Troyano i Toni Gaspar.<\/p>\n\n\n\n<p class=\"wp-block-paragraph\">L&#8217;alcalde ha recordat &#8220;que per Vilamarxant \u00e9s fonamental que aquestes infraestructures siguin una realitat al llarg de la present legislatura per evitar situacions desagradables a causa del tr\u00e0nsit&#8221;.<\/p>\n\n\n\n<p class=\"wp-block-paragraph\">En el transcurs de la reuni\u00f3, s&#8217;han analitzat els propers plans d&#8217;inversi\u00f3 que anualment posa a disposici\u00f3 dels municipis la Diputaci\u00f3.<\/p>\n\n\n\n<p class=\"wp-block-paragraph\">Hector Troyano ha volgut deixar clar &#8220;que destinarem tots els nostres esfor\u00e7os a potenciar la nostra localitat com un veritable motor dins de la prov\u00edncia de Val\u00e8ncia i per aix\u00f2, continuarem reivindicant que arribin a Vilamarxant tots els ajuts possibles per revertir-les en les persones&#8221; .<\/p>\n","protected":false},"excerpt":{"rendered":"<div class=\"mh-excerpt\">L&#8217;alcalde de Vilamarxant, H\u00e9ctor Troyano, li ha traslladat al president de la Diputaci\u00f3 de Val\u00e8ncia, Toni Gaspar, &#8220;la necessitat de posar en marxa aquesta obra per desviar el tr\u00e0nsit rodat dins el nucli urb\u00e0&#8221;. En <a class=\"mh-excerpt-more\" href=\"https:\/\/tucomarca.whitekongsoftware.com\/ca\/lalcalde-de-vilamarxant-insta-la-diputacio-a-iniciar-el-projecte-de-la-ronda-cv-370\/\" title=\"L&#8217;alcalde de Vilamarxant insta la Diputaci\u00f3 a iniciar el projecte de la Ronda CV-370\">[+] <\/a><\/div>\n","protected":false},"author":1,"featured_media":94898,"comment_status":"open","ping_status":"open","sticky":false,"template":"","format":"standard","meta":{"footnotes":""},"categories":[10892,10948,10894,10947,10896,10927],"tags":[10395],"class_list":["post-94900","post","type-post","status-publish","format-standard","has-post-thumbnail","category-camp-de-turia-ca","category-infraestructuras-ca","category-la-comarca-ca","category-politica","category-seccion-ca","category-vilamarxant-ca","tag-camp-de-turia"],"_links":{"self":[{"href":"https:\/\/tucomarca.whitekongsoftware.com\/ca\/wp-json\/wp\/v2\/posts\/94900","targetHints":{"allow":["GET"]}}],"collection":[{"href":"https:\/\/tucomarca.whitekongsoftware.com\/ca\/wp-json\/wp\/v2\/posts"}],"about":[{"href":"https:\/\/tucomarca.whitekongsoftware.com\/ca\/wp-json\/wp\/v2\/types\/post"}],"author":[{"embeddable":true,"href":"https:\/\/tucomarca.whitekongsoftware.com\/ca\/wp-json\/wp\/v2\/users\/1"}],"replies":[{"embeddable":true,"href":"https:\/\/tucomarca.whitekongsoftware.com\/ca\/wp-json\/wp\/v2\/comments?post=94900"}],"version-history":[{"count":0,"href":"https:\/\/tucomarca.whitekongsoftware.com\/ca\/wp-json\/wp\/v2\/posts\/94900\/revisions"}],"wp:featuredmedia":[{"embeddable":true,"href":"https:\/\/tucomarca.whitekongsoftware.com\/ca\/wp-json\/wp\/v2\/media\/94898"}],"wp:attachment":[{"href":"https:\/\/tucomarca.whitekongsoftware.com\/ca\/wp-json\/wp\/v2\/media?parent=94900"}],"wp:term":[{"taxonomy":"category","embeddable":true,"href":"https:\/\/tucomarca.whitekongsoftware.com\/ca\/wp-json\/wp\/v2\/categories?post=94900"},{"taxonomy":"post_tag","embeddable":true,"href":"https:\/\/tucomarca.whitekongsoftware.com\/ca\/wp-json\/wp\/v2\/tags?post=94900"}],"curies":[{"name":"wp","href":"https:\/\/api.w.org\/{rel}","templated":true}]}}