{"id":94821,"date":"2019-10-29T13:52:50","date_gmt":"2019-10-29T11:52:50","guid":{"rendered":"http:\/\/www.tucomarca.com\/wordpress\/segunda\/?p=94821"},"modified":"2019-10-29T13:52:58","modified_gmt":"2019-10-29T11:52:58","slug":"el-consell-de-la-infancia-assessorara-a-lajuntament-de-riba-roja-sobre-els-problemes-i-les-necessitats-dels-menors","status":"publish","type":"post","link":"https:\/\/tucomarca.whitekongsoftware.com\/ca\/el-consell-de-la-infancia-assessorara-a-lajuntament-de-riba-roja-sobre-els-problemes-i-les-necessitats-dels-menors\/","title":{"rendered":"El Consell de la Inf\u00e0ncia assessorar\u00e0 a l&#8217;Ajuntament de Riba-roja sobre els problemes i les necessitats dels menors"},"content":{"rendered":"\n<p class=\"wp-block-paragraph\">El ple de l&#8217;Ajuntament de Riba-roja de T\u00faria ha aprovat el reglament del Consell de la Inf\u00e0ncia i Adolesc\u00e8ncia que regular\u00e0 la participaci\u00f3 dels joves i menors de la localitat en la vida social i pol\u00edtica al mateix temps que crear\u00e0 les vies perqu\u00e8 puguin expressar les seves problemes, inquietuds i necessitats recollida a la Constituci\u00f3 Espanyola i en la convenci\u00f3 de Drets del Nen de les Nacions Unides.<\/p>\n\n\n\n<p class=\"wp-block-paragraph\"> L&#8217;acord sobre aquest important reglament de la Inf\u00e0ncia elaborat per l&#8217;equip de govern del PSPV va ser ratificat pel Partit Popular, Ciutadans i Vox mentre que Comprom\u00eds, Esquerra Unida i Podem votar en contra del mateix. La ratificaci\u00f3 d&#8217;aquest acord obliga l&#8217;administraci\u00f3 local al compliment estricte de les convencions internacionals dels nens i les nenes.<\/p>\n\n\n\n<p class=\"wp-block-paragraph\"> El Consell de la Inf\u00e0ncia i l&#8217;Adolesc\u00e8ncia creat per l&#8217;actual equip de govern pret\u00e9n ser una via de participaci\u00f3 del col\u00b7lectiu infantil i adolescent que els permeti emetre la seva veu com a subjectes actius de la societat. Tindr\u00e0 car\u00e0cter consultiu, de participaci\u00f3 i assessorament respecte de l&#8217;Ajuntament de Riba-vermella sobre totes aquelles q\u00fcestions que afectin aquest col\u00b7lectiu social.<\/p>\n\n\n\n<p class=\"wp-block-paragraph\"> Entre les seves funcions cal destacar l&#8217;obligaci\u00f3 de l&#8217;administraci\u00f3 de donar a con\u00e8ixer totes aquells programes i plans que afecten l&#8217;atenci\u00f3 i participaci\u00f3 del benestar social de la poblaci\u00f3 infantil i adolescent a Riba-roja de T\u00faria. A m\u00e9s, un membre designat per aquest organisme passar\u00e0 a ser un integrant de l&#8217;anomenat Consell de Poble de la localitat.<\/p>\n\n\n\n<p class=\"wp-block-paragraph\"> A m\u00e9s, servir\u00e0 com a espai i plataforma perqu\u00e8 els nens i nenes de Riba-roja puguin expressar les seves opinions, idees, necessitats i propostes de millora del municipi amb l&#8217;objectiu d&#8217;augmentar la qualitat de vida dels mateixos. Al seu torn, ha d&#8217;informar al consistori sobre les necessitats i problemes m\u00e9s caracter\u00edstics de la inf\u00e0ncia i adolesc\u00e8ncia i sol\u00b7licitar\u00e0 el programa anual d&#8217;actuaci\u00f3 i els recursos destinats a aquests segments poblacionals.<\/p>\n\n\n\n<p class=\"wp-block-paragraph\"> Els integrants del Consell de la Inf\u00e0ncia i l&#8217;Adolesc\u00e8ncia col\u00b7laboraran des d&#8217;ara en l&#8217;elaboraci\u00f3 i seguiment del pla municipal dissenyat a aquest efecte amb l&#8217;objectiu que s&#8217;ajustin a les necessitats dels nens i les nenes, amb un impuls sobre la unificaci\u00f3 dels criteris i formes d&#8217;actuaci\u00f3, una major sensibilitzaci\u00f3 i una formaci\u00f3 adequada dels professionals que desenvolupen la seva funci\u00f3 amb la inf\u00e0ncia i l&#8217;adolesc\u00e8ncia de Riba-roja de T\u00faria.<\/p>\n\n\n\n<p class=\"wp-block-paragraph\"> Finalment, es constituiran comissions de treball, de car\u00e0cter fix o variable, per tractar temes d&#8217;especial rellev\u00e0ncia relacionades amb l&#8217;\u00e0mbit d&#8217;actuaci\u00f3 del Consell per a la Inf\u00e0ncia i l&#8217;Adolesc\u00e8ncia, amb la pres\u00e8ncia inclosa del personal t\u00e8cnic municipal, aix\u00ed com informadors qualificats en funci\u00f3 dels temes que s&#8217;aborden en cada reuni\u00f3 i que facilitin una major efic\u00e0cia dels mateixos.<\/p>\n\n\n\n<p class=\"wp-block-paragraph\">&nbsp; El Consell de la Inf\u00e0ncia i l&#8217;Adolesc\u00e8ncia estar\u00e0 format per un president, un vicepresident, un secretari, un representant designat pel ple municipal, un representant de cada Ampa dels centres educatius, dos alumnes de cada un dels centres educatius, aix\u00ed com experts designats per la presid\u00e8ncia per tractar determinats temes o q\u00fcestions d&#8217;\u00e0mbit p\u00fablic.<\/p>\n\n\n\n<p class=\"wp-block-paragraph\">L&#8217;equip de govern de Riba-roja de T\u00faria ha subratllat que aquest reglament del Consell de la Inf\u00e0ncia i l&#8217;Adolesc\u00e8ncia &#8220;suposa un punt important per al benestar dels nens i les nenes del municipi que podran expressar la seva opini\u00f3 i les seves inquietuds en un f\u00f2rum que l&#8217;ajuntament tindr\u00e0 en compte a l&#8217;hora d&#8217;elaborar i confeccionar el pla anual de les activitats i programes municipals &#8220;.<\/p>\n","protected":false},"excerpt":{"rendered":"<div class=\"mh-excerpt\">El ple de l&#8217;Ajuntament de Riba-roja de T\u00faria ha aprovat el reglament del Consell de la Inf\u00e0ncia i Adolesc\u00e8ncia que regular\u00e0 la participaci\u00f3 dels joves i menors de la localitat en la vida social i <a class=\"mh-excerpt-more\" href=\"https:\/\/tucomarca.whitekongsoftware.com\/ca\/el-consell-de-la-infancia-assessorara-a-lajuntament-de-riba-roja-sobre-els-problemes-i-les-necessitats-dels-menors\/\" title=\"El Consell de la Inf\u00e0ncia assessorar\u00e0 a l&#8217;Ajuntament de Riba-roja sobre els problemes i les necessitats dels menors\">[+] <\/a><\/div>\n","protected":false},"author":1,"featured_media":94817,"comment_status":"open","ping_status":"open","sticky":false,"template":"","format":"standard","meta":{"footnotes":""},"categories":[10892,10948,10894,10947,10906,10896],"tags":[],"class_list":["post-94821","post","type-post","status-publish","format-standard","has-post-thumbnail","category-camp-de-turia-ca","category-infraestructuras-ca","category-la-comarca-ca","category-politica","category-riba-roja-ca","category-seccion-ca"],"_links":{"self":[{"href":"https:\/\/tucomarca.whitekongsoftware.com\/ca\/wp-json\/wp\/v2\/posts\/94821","targetHints":{"allow":["GET"]}}],"collection":[{"href":"https:\/\/tucomarca.whitekongsoftware.com\/ca\/wp-json\/wp\/v2\/posts"}],"about":[{"href":"https:\/\/tucomarca.whitekongsoftware.com\/ca\/wp-json\/wp\/v2\/types\/post"}],"author":[{"embeddable":true,"href":"https:\/\/tucomarca.whitekongsoftware.com\/ca\/wp-json\/wp\/v2\/users\/1"}],"replies":[{"embeddable":true,"href":"https:\/\/tucomarca.whitekongsoftware.com\/ca\/wp-json\/wp\/v2\/comments?post=94821"}],"version-history":[{"count":0,"href":"https:\/\/tucomarca.whitekongsoftware.com\/ca\/wp-json\/wp\/v2\/posts\/94821\/revisions"}],"wp:featuredmedia":[{"embeddable":true,"href":"https:\/\/tucomarca.whitekongsoftware.com\/ca\/wp-json\/wp\/v2\/media\/94817"}],"wp:attachment":[{"href":"https:\/\/tucomarca.whitekongsoftware.com\/ca\/wp-json\/wp\/v2\/media?parent=94821"}],"wp:term":[{"taxonomy":"category","embeddable":true,"href":"https:\/\/tucomarca.whitekongsoftware.com\/ca\/wp-json\/wp\/v2\/categories?post=94821"},{"taxonomy":"post_tag","embeddable":true,"href":"https:\/\/tucomarca.whitekongsoftware.com\/ca\/wp-json\/wp\/v2\/tags?post=94821"}],"curies":[{"name":"wp","href":"https:\/\/api.w.org\/{rel}","templated":true}]}}