{"id":94792,"date":"2019-10-29T14:00:48","date_gmt":"2019-10-29T12:00:48","guid":{"rendered":"http:\/\/www.tucomarca.com\/wordpress\/segunda\/?p=94792"},"modified":"2019-10-29T14:00:56","modified_gmt":"2019-10-29T12:00:56","slug":"ciutadans-proposa-una-fira-de-nadal-accessible-a-alzira-per-a-les-persones-amb-autisme-i-asperger","status":"publish","type":"post","link":"https:\/\/tucomarca.whitekongsoftware.com\/ca\/ciutadans-proposa-una-fira-de-nadal-accessible-a-alzira-per-a-les-persones-amb-autisme-i-asperger\/","title":{"rendered":"Ciutadans proposa una fira de Nadal accessible a Alzira per a les persones amb autisme i asperger"},"content":{"rendered":"\n<p class=\"wp-block-paragraph\">El portaveu de Ciutadans (Cs) Alzira, Miguel Vidal,&nbsp;ha presentat una moci\u00f3 en qu\u00e8 es proposa &#8220;una fira de Nadal accessible per a les persones amb autisme i asperger&#8221;, ha destacat, i alhora ha argumentat que &#8220;reservar unes hores a la setmana en qu\u00e8 no hi haja llums estridents ni sons&nbsp;\u00e9s un xicotet gest que suposa molt per a aquells amb una sensibilitat diferent&#8221;.<\/p>\n\n\n\n<p class=\"wp-block-paragraph\">&#8220;Tamb\u00e9 les persones amb trastorn per d\u00e8ficit d&#8217;atenci\u00f3 i hiperactivitat (TDAH) i les Persones Altament Sensibles (PAS) es beneficiarien d&#8217;aquesta mesura&#8221;, ha assenyalat Vidal, que tamb\u00e9 ha subratllat que &#8220;una vegada aplicat el sistema de pictogrames a la nostra ciutat despr\u00e9s d&#8217;una altra moci\u00f3 presentada per Ciutadans, cal seguir fent passos per convertir a Alzira en una ciutat veritablement accessible i inclusiva&#8221;.<\/p>\n\n\n\n<p class=\"wp-block-paragraph\">D&#8217;altra banda, ha afegit que &#8220;\u00e9s fonamental que des de l&#8217;Administraci\u00f3 es promoguen iniciatives que canvien algunes rutines&#8221;. &#8220;El que avui pot semblar inusual, ha d&#8217;arribar a ser la normalitat&#8221;, ha incidit Vidal. De la mateixa manera, ha remarcat que &#8220;l&#8217;aplicaci\u00f3 o no d&#8217;aquesta iniciativa nom\u00e9s dep\u00e8n de si hi ha o no voluntat pol\u00edtica; i estem segurs que no hi haur\u00e0 cap problema per posar-lo en pr\u00e0ctica amb el suport de tots els partits&#8221;.<\/p>\n","protected":false},"excerpt":{"rendered":"<div class=\"mh-excerpt\">El portaveu de Ciutadans (Cs) Alzira, Miguel Vidal,&nbsp;ha presentat una moci\u00f3 en qu\u00e8 es proposa &#8220;una fira de Nadal accessible per a les persones amb autisme i asperger&#8221;, ha destacat, i alhora ha argumentat que <a class=\"mh-excerpt-more\" href=\"https:\/\/tucomarca.whitekongsoftware.com\/ca\/ciutadans-proposa-una-fira-de-nadal-accessible-a-alzira-per-a-les-persones-amb-autisme-i-asperger\/\" title=\"Ciutadans proposa una fira de Nadal accessible a Alzira per a les persones amb autisme i asperger\">[+] <\/a><\/div>\n","protected":false},"author":1,"featured_media":94793,"comment_status":"open","ping_status":"open","sticky":false,"template":"","format":"standard","meta":{"footnotes":""},"categories":[10889,10894,10902,10947,10896],"tags":[],"class_list":["post-94792","post","type-post","status-publish","format-standard","has-post-thumbnail","category-alzira-cat","category-la-comarca-ca","category-la-ribera-ca","category-politica","category-seccion-ca"],"_links":{"self":[{"href":"https:\/\/tucomarca.whitekongsoftware.com\/ca\/wp-json\/wp\/v2\/posts\/94792","targetHints":{"allow":["GET"]}}],"collection":[{"href":"https:\/\/tucomarca.whitekongsoftware.com\/ca\/wp-json\/wp\/v2\/posts"}],"about":[{"href":"https:\/\/tucomarca.whitekongsoftware.com\/ca\/wp-json\/wp\/v2\/types\/post"}],"author":[{"embeddable":true,"href":"https:\/\/tucomarca.whitekongsoftware.com\/ca\/wp-json\/wp\/v2\/users\/1"}],"replies":[{"embeddable":true,"href":"https:\/\/tucomarca.whitekongsoftware.com\/ca\/wp-json\/wp\/v2\/comments?post=94792"}],"version-history":[{"count":0,"href":"https:\/\/tucomarca.whitekongsoftware.com\/ca\/wp-json\/wp\/v2\/posts\/94792\/revisions"}],"wp:featuredmedia":[{"embeddable":true,"href":"https:\/\/tucomarca.whitekongsoftware.com\/ca\/wp-json\/wp\/v2\/media\/94793"}],"wp:attachment":[{"href":"https:\/\/tucomarca.whitekongsoftware.com\/ca\/wp-json\/wp\/v2\/media?parent=94792"}],"wp:term":[{"taxonomy":"category","embeddable":true,"href":"https:\/\/tucomarca.whitekongsoftware.com\/ca\/wp-json\/wp\/v2\/categories?post=94792"},{"taxonomy":"post_tag","embeddable":true,"href":"https:\/\/tucomarca.whitekongsoftware.com\/ca\/wp-json\/wp\/v2\/tags?post=94792"}],"curies":[{"name":"wp","href":"https:\/\/api.w.org\/{rel}","templated":true}]}}