{"id":94756,"date":"2019-10-28T22:00:27","date_gmt":"2019-10-28T20:00:27","guid":{"rendered":"http:\/\/www.tucomarca.com\/wordpress\/segunda\/?p=94756"},"modified":"2019-10-28T22:02:12","modified_gmt":"2019-10-28T20:02:12","slug":"fotogaleria-el-proyecto-memoria-oral-de-cheste-presenta-el-documental-retratos-de-cheste-ii-con-testimonios-de-nacidos-en-la-decada-de-los-40","status":"publish","type":"post","link":"https:\/\/tucomarca.whitekongsoftware.com\/ca\/fotogaleria-el-proyecto-memoria-oral-de-cheste-presenta-el-documental-retratos-de-cheste-ii-con-testimonios-de-nacidos-en-la-decada-de-los-40\/","title":{"rendered":"Fotogaleria: El projecte Mem\u00f2ria Oral de Xest presenta el documental Retrats de Xest II amb testimonis de nascuts a la d\u00e8cada dels 40 &#8216;"},"content":{"rendered":"\n<p class=\"wp-block-paragraph\">Dissabte passat, 26 d&#8217;octubre, el teatre Liceu va acollir la presentaci\u00f3 del segon documental del projecte Mem\u00f2ria Oral de Xest, Retrats de Xest II, una pel\u00b7l\u00edcula creada per Clara Mart\u00ednez i Delgado i Jaume Verd\u00fa Franc\u00e8s basant-se entrevistes realitzades a ventiuna persones de la localitat nascudes en els anys quaranta. La primera part d&#8217;aquest projecte s&#8217;estrenava fa un any, amb un altre documental que reunia els testimonis de 25 de les persones m\u00e9s longeves de Xest i que est\u00e0 disponible al web retratosdecheste.com juntament amb les fotografies de les persones participants i les entrevistes individuals completes. De la mateixa manera, en breu es podr\u00e0 visionar en aquest portal l&#8217;acabada d&#8217;estrenar segona part, les respectives entrevistes senceres i els retrats dels seus protagonistes.<\/p>\n\n\n\n<p class=\"wp-block-paragraph\"> &#8220;Volem agrair l&#8217;aposta de la regidoria de Cultura per un projecte com aquest, en el qual es treballa amb la mem\u00f2ria oral de la gent gran dels pobles i es posa en contacte a generacions, fent-nos cr\u00e9ixer i construir, fer poble. El que presentem avui \u00e9s una continuaci\u00f3 d&#8217;aquest treball, per\u00f2 no el final &#8220;, afirmava Mart\u00ednez durant la presentaci\u00f3 de l&#8217;acte. Per la seva banda, la regidora de Cultura, M\u00aa \u00c1ngeles Llorente, va agrair als autors del documental &#8220;la seva excel\u00b7lent treball realitzant les entrevistes i les fotografies als i les protagonistes i l&#8217;esfor\u00e7 ingent per reunir tot el material, les hores de treball i els viatges a Xest &#8220;. Llorente tamb\u00e9 va tenir unes paraules d&#8217;agra\u00efment per als entrevistats en Retrats de Xest II, &#8220;pel seu temps i la valentia d&#8217;atrevir a participar en un projecte de mem\u00f2ria individual i col\u00b7lectiva, compartint el testimoni de part de les seves vides&#8221;.<br> Despr\u00e9s dels agra\u00efments, la regidora va donar pas a la projecci\u00f3. &#8220;Aquest projecte pret\u00e9n deixar const\u00e0ncia de la mem\u00f2ria popular d&#8217;un poble, m\u00e9s enll\u00e0 dels que sempre ocupen el poder i surten als llibres d&#8217;Hist\u00f2ria. Hem reunit testimonis de treballadors i treballadores del poble pla que amb el seu treball han fet d&#8217;aquest pa\u00eds el que \u00e9s avui, contra vent i marea. Retre homenatge a la gent gran \u00e9s un deure inexcusable de tota persona de b\u00e9 i de tota societat que es pre\u00ef civilitzada &#8220;, afirmava Llorente.<\/p>\n\n\n\n<p class=\"wp-block-paragraph\">Durant el visionat es va poder escoltar el murmuri del p\u00fablic que comentava els temes que els entrevistats anaven desgranant, com la inf\u00e0ncia i l&#8217;educaci\u00f3, el paper de la dona en la societat o fites hist\u00f2riques com la instal\u00b7laci\u00f3 de la f\u00e0brica Lois a la poblaci\u00f3, que van ser dibuixant un fidel retrat de l&#8217;\u00e8poca; tamb\u00e9 hi va haver rialles amb les an\u00e8cdotes m\u00e9s divertides.<br>\nTot seguit a la finalitzaci\u00f3 del documental es va pujar la pantalla, darrere de la qual ja estaven preparats els m\u00fasics per comen\u00e7ar amb el concert &#8220;Roberto Poveda canta als poetes&#8221;, un recital de can\u00e7ons de Federico Garc\u00eda Lorca, Rafael Alberti, Antonio Machado, Miguel Hern\u00e1ndez i Jorge Guill\u00e9n programat per a l&#8217;ocasi\u00f3.<br>\nPer finalitzar, l&#8217;alcalde, Jos\u00e9 Morell, i el regidor de Serveis, Personal i Transpar\u00e8ncia, Jos\u00e9 Vicente Guijarro, van pujar a l&#8217;escenari per acompanyar Llorente en el lliurament d&#8217;un pendrive amb el documental i el seu retrat a cadascun dels participants i fer-se una foto de grup. L&#8217;acte es va tancar amb un \u00e0pat al carrer, just a la sortida del teatre.<\/p>\n\n\n\n<ul class=\"wp-block-gallery columns-2 is-cropped wp-block-gallery-1 is-layout-flex wp-block-gallery-is-layout-flex\"><li class=\"blocks-gallery-item\"><figure><img loading=\"lazy\" decoding=\"async\" width=\"1024\" height=\"682\" src=\"http:\/\/www.tucomarca.com\/wordpress\/segunda\/wp-content\/uploads\/2019\/10\/RetratosdeCheste_1-1024x682.jpeg\" alt=\"\" data-id=\"94732\" data-link=\"http:\/\/www.tucomarca.com\/wordpress\/segunda\/?attachment_id=94732\" class=\"wp-image-94732\" srcset=\"https:\/\/tucomarca.whitekongsoftware.com\/wp-content\/uploads\/2019\/10\/RetratosdeCheste_1-1024x682.jpeg 1024w, https:\/\/tucomarca.whitekongsoftware.com\/wp-content\/uploads\/2019\/10\/RetratosdeCheste_1-300x200.jpeg 300w, https:\/\/tucomarca.whitekongsoftware.com\/wp-content\/uploads\/2019\/10\/RetratosdeCheste_1-768x512.jpeg 768w, https:\/\/tucomarca.whitekongsoftware.com\/wp-content\/uploads\/2019\/10\/RetratosdeCheste_1.jpeg 1280w\" sizes=\"auto, (max-width: 1024px) 100vw, 1024px\" \/><\/figure><\/li><li class=\"blocks-gallery-item\"><figure><img decoding=\"async\" src=\"http:\/\/www.tucomarca.com\/wordpress\/segunda\/wp-content\/uploads\/2019\/10\/RetratosdeCheste_2.jpeg\" alt=\"\" data-id=\"94734\" data-link=\"http:\/\/www.tucomarca.com\/wordpress\/segunda\/?attachment_id=94734\" class=\"wp-image-94734\"\/><\/figure><\/li><li class=\"blocks-gallery-item\"><figure><img loading=\"lazy\" decoding=\"async\" width=\"1024\" height=\"682\" src=\"http:\/\/www.tucomarca.com\/wordpress\/segunda\/wp-content\/uploads\/2019\/10\/RetratosdeCheste_3-1024x682.jpeg\" alt=\"\" data-id=\"94736\" data-link=\"http:\/\/www.tucomarca.com\/wordpress\/segunda\/?attachment_id=94736\" class=\"wp-image-94736\" srcset=\"https:\/\/tucomarca.whitekongsoftware.com\/wp-content\/uploads\/2019\/10\/RetratosdeCheste_3-1024x682.jpeg 1024w, https:\/\/tucomarca.whitekongsoftware.com\/wp-content\/uploads\/2019\/10\/RetratosdeCheste_3-300x200.jpeg 300w, https:\/\/tucomarca.whitekongsoftware.com\/wp-content\/uploads\/2019\/10\/RetratosdeCheste_3-768x512.jpeg 768w, https:\/\/tucomarca.whitekongsoftware.com\/wp-content\/uploads\/2019\/10\/RetratosdeCheste_3.jpeg 1280w\" sizes=\"auto, (max-width: 1024px) 100vw, 1024px\" \/><\/figure><\/li><li class=\"blocks-gallery-item\"><figure><img loading=\"lazy\" decoding=\"async\" width=\"1024\" height=\"682\" src=\"http:\/\/www.tucomarca.com\/wordpress\/segunda\/wp-content\/uploads\/2019\/10\/RetratosdeCheste_4-1024x682.jpeg\" alt=\"\" data-id=\"94738\" data-link=\"http:\/\/www.tucomarca.com\/wordpress\/segunda\/?attachment_id=94738\" class=\"wp-image-94738\" srcset=\"https:\/\/tucomarca.whitekongsoftware.com\/wp-content\/uploads\/2019\/10\/RetratosdeCheste_4-1024x682.jpeg 1024w, https:\/\/tucomarca.whitekongsoftware.com\/wp-content\/uploads\/2019\/10\/RetratosdeCheste_4-300x200.jpeg 300w, https:\/\/tucomarca.whitekongsoftware.com\/wp-content\/uploads\/2019\/10\/RetratosdeCheste_4-768x512.jpeg 768w, https:\/\/tucomarca.whitekongsoftware.com\/wp-content\/uploads\/2019\/10\/RetratosdeCheste_4.jpeg 1280w\" sizes=\"auto, (max-width: 1024px) 100vw, 1024px\" \/><\/figure><\/li><li class=\"blocks-gallery-item\"><figure><img loading=\"lazy\" decoding=\"async\" width=\"1024\" height=\"682\" src=\"http:\/\/www.tucomarca.com\/wordpress\/segunda\/wp-content\/uploads\/2019\/10\/RetratosdeCheste_5-1024x682.jpeg\" alt=\"\" data-id=\"94740\" data-link=\"http:\/\/www.tucomarca.com\/wordpress\/segunda\/?attachment_id=94740\" class=\"wp-image-94740\" srcset=\"https:\/\/tucomarca.whitekongsoftware.com\/wp-content\/uploads\/2019\/10\/RetratosdeCheste_5-1024x682.jpeg 1024w, https:\/\/tucomarca.whitekongsoftware.com\/wp-content\/uploads\/2019\/10\/RetratosdeCheste_5-300x200.jpeg 300w, https:\/\/tucomarca.whitekongsoftware.com\/wp-content\/uploads\/2019\/10\/RetratosdeCheste_5-768x512.jpeg 768w, https:\/\/tucomarca.whitekongsoftware.com\/wp-content\/uploads\/2019\/10\/RetratosdeCheste_5.jpeg 1280w\" sizes=\"auto, (max-width: 1024px) 100vw, 1024px\" \/><\/figure><\/li><li class=\"blocks-gallery-item\"><figure><img loading=\"lazy\" decoding=\"async\" width=\"1024\" height=\"682\" src=\"http:\/\/www.tucomarca.com\/wordpress\/segunda\/wp-content\/uploads\/2019\/10\/RetratosdeCheste_6-1024x682.jpeg\" alt=\"\" data-id=\"94742\" data-link=\"http:\/\/www.tucomarca.com\/wordpress\/segunda\/?attachment_id=94742\" class=\"wp-image-94742\" srcset=\"https:\/\/tucomarca.whitekongsoftware.com\/wp-content\/uploads\/2019\/10\/RetratosdeCheste_6-1024x682.jpeg 1024w, https:\/\/tucomarca.whitekongsoftware.com\/wp-content\/uploads\/2019\/10\/RetratosdeCheste_6-300x200.jpeg 300w, https:\/\/tucomarca.whitekongsoftware.com\/wp-content\/uploads\/2019\/10\/RetratosdeCheste_6-768x512.jpeg 768w, https:\/\/tucomarca.whitekongsoftware.com\/wp-content\/uploads\/2019\/10\/RetratosdeCheste_6.jpeg 1280w\" sizes=\"auto, (max-width: 1024px) 100vw, 1024px\" \/><\/figure><\/li><li class=\"blocks-gallery-item\"><figure><img loading=\"lazy\" decoding=\"async\" width=\"1024\" height=\"682\" src=\"http:\/\/www.tucomarca.com\/wordpress\/segunda\/wp-content\/uploads\/2019\/10\/RetratosdeCheste_7-1024x682.jpeg\" alt=\"\" data-id=\"94744\" data-link=\"http:\/\/www.tucomarca.com\/wordpress\/segunda\/?attachment_id=94744\" class=\"wp-image-94744\" srcset=\"https:\/\/tucomarca.whitekongsoftware.com\/wp-content\/uploads\/2019\/10\/RetratosdeCheste_7-1024x682.jpeg 1024w, https:\/\/tucomarca.whitekongsoftware.com\/wp-content\/uploads\/2019\/10\/RetratosdeCheste_7-300x200.jpeg 300w, https:\/\/tucomarca.whitekongsoftware.com\/wp-content\/uploads\/2019\/10\/RetratosdeCheste_7-768x512.jpeg 768w, https:\/\/tucomarca.whitekongsoftware.com\/wp-content\/uploads\/2019\/10\/RetratosdeCheste_7.jpeg 1280w\" sizes=\"auto, (max-width: 1024px) 100vw, 1024px\" \/><\/figure><\/li><li class=\"blocks-gallery-item\"><figure><img loading=\"lazy\" decoding=\"async\" width=\"1024\" height=\"682\" src=\"http:\/\/www.tucomarca.com\/wordpress\/segunda\/wp-content\/uploads\/2019\/10\/RetratosdeCheste_8-1024x682.jpeg\" alt=\"\" data-id=\"94746\" data-link=\"http:\/\/www.tucomarca.com\/wordpress\/segunda\/?attachment_id=94746\" class=\"wp-image-94746\" srcset=\"https:\/\/tucomarca.whitekongsoftware.com\/wp-content\/uploads\/2019\/10\/RetratosdeCheste_8-1024x682.jpeg 1024w, https:\/\/tucomarca.whitekongsoftware.com\/wp-content\/uploads\/2019\/10\/RetratosdeCheste_8-300x200.jpeg 300w, https:\/\/tucomarca.whitekongsoftware.com\/wp-content\/uploads\/2019\/10\/RetratosdeCheste_8-768x512.jpeg 768w, https:\/\/tucomarca.whitekongsoftware.com\/wp-content\/uploads\/2019\/10\/RetratosdeCheste_8.jpeg 1280w\" sizes=\"auto, (max-width: 1024px) 100vw, 1024px\" \/><\/figure><\/li><li class=\"blocks-gallery-item\"><figure><img loading=\"lazy\" decoding=\"async\" width=\"1024\" height=\"682\" src=\"http:\/\/www.tucomarca.com\/wordpress\/segunda\/wp-content\/uploads\/2019\/10\/RetratosdeCheste_9-1024x682.jpeg\" alt=\"\" data-id=\"94748\" data-link=\"http:\/\/www.tucomarca.com\/wordpress\/segunda\/?attachment_id=94748\" class=\"wp-image-94748\" srcset=\"https:\/\/tucomarca.whitekongsoftware.com\/wp-content\/uploads\/2019\/10\/RetratosdeCheste_9-1024x682.jpeg 1024w, https:\/\/tucomarca.whitekongsoftware.com\/wp-content\/uploads\/2019\/10\/RetratosdeCheste_9-300x200.jpeg 300w, https:\/\/tucomarca.whitekongsoftware.com\/wp-content\/uploads\/2019\/10\/RetratosdeCheste_9-768x512.jpeg 768w, https:\/\/tucomarca.whitekongsoftware.com\/wp-content\/uploads\/2019\/10\/RetratosdeCheste_9.jpeg 1280w\" sizes=\"auto, (max-width: 1024px) 100vw, 1024px\" \/><\/figure><\/li><li class=\"blocks-gallery-item\"><figure><img loading=\"lazy\" decoding=\"async\" width=\"1024\" height=\"682\" src=\"http:\/\/www.tucomarca.com\/wordpress\/segunda\/wp-content\/uploads\/2019\/10\/RetratosdeCheste_10-1024x682.jpeg\" alt=\"\" data-id=\"94750\" data-link=\"http:\/\/www.tucomarca.com\/wordpress\/segunda\/?attachment_id=94750\" class=\"wp-image-94750\" srcset=\"https:\/\/tucomarca.whitekongsoftware.com\/wp-content\/uploads\/2019\/10\/RetratosdeCheste_10-1024x682.jpeg 1024w, https:\/\/tucomarca.whitekongsoftware.com\/wp-content\/uploads\/2019\/10\/RetratosdeCheste_10-300x200.jpeg 300w, https:\/\/tucomarca.whitekongsoftware.com\/wp-content\/uploads\/2019\/10\/RetratosdeCheste_10-768x512.jpeg 768w, https:\/\/tucomarca.whitekongsoftware.com\/wp-content\/uploads\/2019\/10\/RetratosdeCheste_10.jpeg 1280w\" sizes=\"auto, (max-width: 1024px) 100vw, 1024px\" \/><\/figure><\/li><li class=\"blocks-gallery-item\"><figure><img loading=\"lazy\" decoding=\"async\" width=\"1024\" height=\"682\" src=\"http:\/\/www.tucomarca.com\/wordpress\/segunda\/wp-content\/uploads\/2019\/10\/RetratosdeCheste_11-1024x682.jpeg\" alt=\"\" data-id=\"94752\" data-link=\"http:\/\/www.tucomarca.com\/wordpress\/segunda\/?attachment_id=94752\" class=\"wp-image-94752\" srcset=\"https:\/\/tucomarca.whitekongsoftware.com\/wp-content\/uploads\/2019\/10\/RetratosdeCheste_11-1024x682.jpeg 1024w, https:\/\/tucomarca.whitekongsoftware.com\/wp-content\/uploads\/2019\/10\/RetratosdeCheste_11-300x200.jpeg 300w, https:\/\/tucomarca.whitekongsoftware.com\/wp-content\/uploads\/2019\/10\/RetratosdeCheste_11-768x512.jpeg 768w, https:\/\/tucomarca.whitekongsoftware.com\/wp-content\/uploads\/2019\/10\/RetratosdeCheste_11.jpeg 1280w\" sizes=\"auto, (max-width: 1024px) 100vw, 1024px\" \/><\/figure><\/li><\/ul>\n","protected":false},"excerpt":{"rendered":"<div class=\"mh-excerpt\">Dissabte passat, 26 d&#8217;octubre, el teatre Liceu va acollir la presentaci\u00f3 del segon documental del projecte Mem\u00f2ria Oral de Xest, Retrats de Xest II, una pel\u00b7l\u00edcula creada per Clara Mart\u00ednez i Delgado i Jaume Verd\u00fa <a class=\"mh-excerpt-more\" href=\"https:\/\/tucomarca.whitekongsoftware.com\/ca\/fotogaleria-el-proyecto-memoria-oral-de-cheste-presenta-el-documental-retratos-de-cheste-ii-con-testimonios-de-nacidos-en-la-decada-de-los-40\/\" title=\"Fotogaleria: El projecte Mem\u00f2ria Oral de Xest presenta el documental Retrats de Xest II amb testimonis de nascuts a la d\u00e8cada dels 40 &#8216;\">[+] <\/a><\/div>\n","protected":false},"author":12,"featured_media":94731,"comment_status":"open","ping_status":"open","sticky":false,"template":"","format":"standard","meta":{"footnotes":""},"categories":[10912,11004,10896,10974],"tags":[11071],"class_list":["post-94756","post","type-post","status-publish","format-standard","has-post-thumbnail","category-la-hoya-ca","category-la-semana-en-imagenes-ca","category-seccion-ca","category-cheste-ca","tag-cheste"],"_links":{"self":[{"href":"https:\/\/tucomarca.whitekongsoftware.com\/ca\/wp-json\/wp\/v2\/posts\/94756","targetHints":{"allow":["GET"]}}],"collection":[{"href":"https:\/\/tucomarca.whitekongsoftware.com\/ca\/wp-json\/wp\/v2\/posts"}],"about":[{"href":"https:\/\/tucomarca.whitekongsoftware.com\/ca\/wp-json\/wp\/v2\/types\/post"}],"author":[{"embeddable":true,"href":"https:\/\/tucomarca.whitekongsoftware.com\/ca\/wp-json\/wp\/v2\/users\/12"}],"replies":[{"embeddable":true,"href":"https:\/\/tucomarca.whitekongsoftware.com\/ca\/wp-json\/wp\/v2\/comments?post=94756"}],"version-history":[{"count":0,"href":"https:\/\/tucomarca.whitekongsoftware.com\/ca\/wp-json\/wp\/v2\/posts\/94756\/revisions"}],"wp:featuredmedia":[{"embeddable":true,"href":"https:\/\/tucomarca.whitekongsoftware.com\/ca\/wp-json\/wp\/v2\/media\/94731"}],"wp:attachment":[{"href":"https:\/\/tucomarca.whitekongsoftware.com\/ca\/wp-json\/wp\/v2\/media?parent=94756"}],"wp:term":[{"taxonomy":"category","embeddable":true,"href":"https:\/\/tucomarca.whitekongsoftware.com\/ca\/wp-json\/wp\/v2\/categories?post=94756"},{"taxonomy":"post_tag","embeddable":true,"href":"https:\/\/tucomarca.whitekongsoftware.com\/ca\/wp-json\/wp\/v2\/tags?post=94756"}],"curies":[{"name":"wp","href":"https:\/\/api.w.org\/{rel}","templated":true}]}}