{"id":94592,"date":"2019-10-25T11:48:12","date_gmt":"2019-10-25T09:48:12","guid":{"rendered":"http:\/\/www.tucomarca.com\/wordpress\/segunda\/?p=94592"},"modified":"2019-10-25T11:48:20","modified_gmt":"2019-10-25T09:48:20","slug":"hector-illueca-ester-roca-pilar-lima-i-nahuel-gonzalez-participen-en-lacte-de-precampanya-de-unides-podem-a-utiel-requena","status":"publish","type":"post","link":"https:\/\/tucomarca.whitekongsoftware.com\/ca\/hector-illueca-ester-roca-pilar-lima-i-nahuel-gonzalez-participen-en-lacte-de-precampanya-de-unides-podem-a-utiel-requena\/","title":{"rendered":"H\u00e9ctor Illueca, Ester Roca, Pilar Lima i Nahuel Gonz\u00e1lez participen en l&#8217;acte de precampanya de Unides Podem a Utiel-Requena"},"content":{"rendered":"\n<p class=\"wp-block-paragraph\">Els grups municipals de Podem i EUPV Utiel-Requena han convidat els ve\u00efns i ve\u00efnes a l&#8217;acte de precampanya conjunt per a les eleccions generals del 10 de novembre, a la qual acudiran H\u00e9ctor Illueca i Ester Roca, candidats al Congr\u00e9s, Pilar Lima, diputada Les Corts, i Nahuel Gonz\u00e1lez, regidor a Gandia.<\/p>\n\n\n\n<p class=\"wp-block-paragraph\">La cita tindr\u00e0 lloc diumenge que ve, 27 d&#8217;octubre de 2019, al Sal\u00f3 d&#8217;Actes de l&#8217;Espai Cultural Feliciano Antonio Yeves (Av. Raval, n\u00ba9, Requena), a les 19:00 hores.<\/p>\n\n\n\n<p class=\"wp-block-paragraph\">La formaci\u00f3 ha assegurat afrontar la campanya &#8220;amb forces renovades&#8221; i demanen &#8220;una sola oportunitat per governar&#8221;. En paraules dels secretaris generals de Unides Podem Utiel-Requena, Carlos Alarte i Ana Mart\u00edn, &#8220;demanarem que ens donin una sola legislatura per canviar algunes coses: el salari m\u00ednim, la temporalitat dels contractes, les pensions, o el mercat de la habitatge &#8220;.<\/p>\n\n\n\n<p class=\"wp-block-paragraph\">Els portaveus han assegurat que Unides Podem segueix sent l &#8216; &#8220;\u00fanica opci\u00f3 viable per formar un Govern realment progressista i d&#8217;esquerres&#8221;, tot i la frustraci\u00f3 que va suposar el bloqueig per part de Pedro S\u00e1nchez de les negociacions per formar un govern de coalici\u00f3. &#8220;Va vetar a Pablo Iglesias i va arribar a dir que&#8221; no dormiria tranquil amb Podem en el govern &#8216; &#8220;, han destacat.<\/p>\n","protected":false},"excerpt":{"rendered":"<div class=\"mh-excerpt\">Els grups municipals de Podem i EUPV Utiel-Requena han convidat els ve\u00efns i ve\u00efnes a l&#8217;acte de precampanya conjunt per a les eleccions generals del 10 de novembre, a la qual acudiran H\u00e9ctor Illueca i <a class=\"mh-excerpt-more\" href=\"https:\/\/tucomarca.whitekongsoftware.com\/ca\/hector-illueca-ester-roca-pilar-lima-i-nahuel-gonzalez-participen-en-lacte-de-precampanya-de-unides-podem-a-utiel-requena\/\" title=\"H\u00e9ctor Illueca, Ester Roca, Pilar Lima i Nahuel Gonz\u00e1lez participen en l&#8217;acte de precampanya de Unides Podem a Utiel-Requena\">[+] <\/a><\/div>\n","protected":false},"author":1,"featured_media":94590,"comment_status":"open","ping_status":"open","sticky":false,"template":"","format":"standard","meta":{"footnotes":""},"categories":[11019,10894,10947,10908,10909,10896,11059],"tags":[10387,10910],"class_list":["post-94592","post","type-post","status-publish","format-standard","has-post-thumbnail","category-agenda-ca","category-la-comarca-ca","category-politica","category-requena-ca","category-requena-utiel-ca","category-seccion-ca","category-utiel-ca","tag-requena-utiel","tag-requena-utiel-ca"],"_links":{"self":[{"href":"https:\/\/tucomarca.whitekongsoftware.com\/ca\/wp-json\/wp\/v2\/posts\/94592","targetHints":{"allow":["GET"]}}],"collection":[{"href":"https:\/\/tucomarca.whitekongsoftware.com\/ca\/wp-json\/wp\/v2\/posts"}],"about":[{"href":"https:\/\/tucomarca.whitekongsoftware.com\/ca\/wp-json\/wp\/v2\/types\/post"}],"author":[{"embeddable":true,"href":"https:\/\/tucomarca.whitekongsoftware.com\/ca\/wp-json\/wp\/v2\/users\/1"}],"replies":[{"embeddable":true,"href":"https:\/\/tucomarca.whitekongsoftware.com\/ca\/wp-json\/wp\/v2\/comments?post=94592"}],"version-history":[{"count":0,"href":"https:\/\/tucomarca.whitekongsoftware.com\/ca\/wp-json\/wp\/v2\/posts\/94592\/revisions"}],"wp:featuredmedia":[{"embeddable":true,"href":"https:\/\/tucomarca.whitekongsoftware.com\/ca\/wp-json\/wp\/v2\/media\/94590"}],"wp:attachment":[{"href":"https:\/\/tucomarca.whitekongsoftware.com\/ca\/wp-json\/wp\/v2\/media?parent=94592"}],"wp:term":[{"taxonomy":"category","embeddable":true,"href":"https:\/\/tucomarca.whitekongsoftware.com\/ca\/wp-json\/wp\/v2\/categories?post=94592"},{"taxonomy":"post_tag","embeddable":true,"href":"https:\/\/tucomarca.whitekongsoftware.com\/ca\/wp-json\/wp\/v2\/tags?post=94592"}],"curies":[{"name":"wp","href":"https:\/\/api.w.org\/{rel}","templated":true}]}}