{"id":94579,"date":"2019-10-25T12:32:48","date_gmt":"2019-10-25T10:32:48","guid":{"rendered":"http:\/\/www.tucomarca.com\/wordpress\/segunda\/?p=94579"},"modified":"2019-10-25T12:34:53","modified_gmt":"2019-10-25T10:34:53","slug":"opinio-robert-raga-un-nou-impuls-per-al-consorci-valencia-interior","status":"publish","type":"post","link":"https:\/\/tucomarca.whitekongsoftware.com\/ca\/opinio-robert-raga-un-nou-impuls-per-al-consorci-valencia-interior\/","title":{"rendered":"Opini\u00f3, Robert Raga: Un nou impuls per al Consorci Val\u00e8ncia Interior"},"content":{"rendered":"\n<p class=\"wp-block-paragraph\">L&#8217;assemblea del Consorci Val\u00e8ncia Interior (CVI) ha decidit triar-me com a nou president d&#8217;aquest ens p\u00fablic en substituci\u00f3 de Manuel Civera, que ha exercit el c\u00e0rrec durant els \u00faltims quatre anys. <\/p>\n\n\n\n<p class=\"wp-block-paragraph\">Per a mi, suposa una responsabilitat enorme i al mateix temps un repte il\u00b7lusionant la decisi\u00f3 dels membres del Consorci de triar-me per exercir aquest c\u00e0rrec que compatibilizar\u00e9 amb total garantia amb el d&#8217;alcalde de Riba-roja de T\u00faria. El Consorci Val\u00e8ncia Interior \u00e9s un dels organismes que durant els darrers temps ha experimentat un major auge a la nostra comarca, tot i que alhora continua estigmatitzat per a alguns sectors de la nostra societat. No obstant aix\u00f2, cal recon\u00e8ixer que les eleccions de maig de 2015 van suposar un punt d&#8217;inflexi\u00f3 en la gesti\u00f3 del Consorci que aglutina 61 municipis de cinc comarques. D&#8217;un per\u00edode de pol\u00e8miques, opacitat i problemes, es va passar a una altra etapa en qu\u00e8 la transpar\u00e8ncia i l&#8217;efici\u00e8ncia van ser els seus senyals d&#8217;identitat. De la indifer\u00e8ncia m\u00e9s absoluta a una pres\u00e8ncia global en la societat sota un prisma efica\u00e7 en la gesti\u00f3 i m\u00e9s assertiu per part de les fam\u00edlies. En total, prop de 250.000 habitants d&#8217;aquestes zones s\u00f3n els beneficiaris principals del CVI la tasca \u00e9s essencial en el tractament i reciclatge dels residus s\u00f2lids urbans.<\/p>\n\n\n\n<p class=\"wp-block-paragraph\">Constitu\u00eft el 2008, la m\u00e9s d&#8217;una d\u00e8cada de funcionament que porta el Consorci Val\u00e8ncia Interior a l&#8217;esquena \u00e9s la hist\u00f2ria d&#8217;un organisme que afronta en aquests moments una de les tasques m\u00e9s extraordin\u00e0ries a qu\u00e8 ens enfrontem: liderar les pol\u00edtiques ambientals enfront del canvi clim\u00e0tic des d&#8217;una posici\u00f3 racional costat de tots els ajuntaments. El trajecte no \u00e9s f\u00e0cil, per\u00f2 tenim davant nostre un repte d&#8217;enorme transcend\u00e8ncia per al futur dels nostres fills. Entre tots hem de ser prou conscients que \u00e9s un treball conjunt entre l&#8217;administraci\u00f3 -el CVI i els ajuntaments- i les fam\u00edlies. Si alguna d&#8217;aquestes potes falla llavors el repte ser\u00e0 m\u00e9s dif\u00edcil d&#8217;aconseguir.<\/p>\n\n\n\n<p class=\"wp-block-paragraph\">Durant els \u00faltims quatre anys, Manuel Civera, alcalde de Ll\u00edria i company de partit, ha realitzat una tasca ingent i magn\u00edfica. La seva pres\u00e8ncia al capdavant del consorci ha estat encomiable. Ha tingut la paci\u00e8ncia, la dedicaci\u00f3 i els coneixements suficients per col\u00b7locar a aquest organisme en el lloc que li correspon. La import\u00e0ncia del CVI \u00e9s cada vegada m\u00e9s gran, no nom\u00e9s per la seva funci\u00f3 sobre el medi ambient sin\u00f3 sobretot perqu\u00e8 els ciutadans s\u00f3n m\u00e9s conscients que cal contaminar menys i aplicar, amb decisi\u00f3, pol\u00edtiques basades en l&#8217;economia circular. En la mesura en qu\u00e8 entre tots siguem capa\u00e7os d&#8217;articular projectes i iniciatives que redundin sobre el nostre entorn, m\u00e9s a prop estarem d&#8217;aconseguir el nostre objectiu.<\/p>\n\n\n\n<p class=\"wp-block-paragraph\">Dirigir un ajuntament de la mida i de la import\u00e0ncia de Riba-roja durant els \u00faltims quatre anys m&#8217;ha servit per descobrir amb major coneixement de causa totes les inquietuds, les demandes i les necessitats dels ve\u00efns d&#8217;un municipi que em serviran per dirigir els destins d&#8217;aquest nou projecte. Durant aquest per\u00edode, Riba-roja s&#8217;ha distingit en l&#8217;\u00e0mbit valenci\u00e0, espanyol i europeu com a exemple pioner per aplicar criteris ambientals en tota la seva gesti\u00f3. Nom\u00e9s en l&#8217;\u00faltim any hem redu\u00eft en 3.300 tones les emissions de di\u00f2xid de carboni, apostem per l&#8217;\u00fas de vehicles h\u00edbrids i el\u00e8ctrics i hem dissenyat un anell de vianants i ciclista de primera magnitud. Tamb\u00e9 hem obtingut una subvenci\u00f3 de 4 milions d&#8217;euros, juntament amb Paterna, per prevenir incendis al Parc del T\u00faria i la Vallesa amb aig\u00fces residuals reutilitzades. Projectes i iniciatives que redunden en el benestar ciutad\u00e0.&nbsp;<\/p>\n\n\n\n<p class=\"wp-block-paragraph\">Per tot aix\u00f2, \u00e9s moment de continuar amb les reformes empreses en els \u00faltims temps en el CVI i aprofundir amb m\u00e9s afany si cap en les millores de la recollida dels residus selectius -especialment el paper, cartr\u00f3, pl\u00e0stics i envasos lleugers- i en una reducci\u00f3 en els costos econ\u00f2mics en la gesti\u00f3 d&#8217;aquest organisme.<\/p>\n\n\n\n<p class=\"wp-block-paragraph\"><strong><em>Robert Raga Gadea, alcalde de l&#8217;Ajuntament de Riba-roja de T\u00faria i president del Consorci Val\u00e8ncia Interior (CVI).<\/em><\/strong><\/p>\n","protected":false},"excerpt":{"rendered":"<div class=\"mh-excerpt\">L&#8217;assemblea del Consorci Val\u00e8ncia Interior (CVI) ha decidit triar-me com a nou president d&#8217;aquest ens p\u00fablic en substituci\u00f3 de Manuel Civera, que ha exercit el c\u00e0rrec durant els \u00faltims quatre anys. Per a mi, suposa <a class=\"mh-excerpt-more\" href=\"https:\/\/tucomarca.whitekongsoftware.com\/ca\/opinio-robert-raga-un-nou-impuls-per-al-consorci-valencia-interior\/\" title=\"Opini\u00f3, Robert Raga: Un nou impuls per al Consorci Val\u00e8ncia Interior\">[+] <\/a><\/div>\n","protected":false},"author":1,"featured_media":94577,"comment_status":"open","ping_status":"open","sticky":false,"template":"","format":"standard","meta":{"footnotes":""},"categories":[10892,10948,10894,10903,11021,10947,10906,10896],"tags":[11117,417,10220,11305,8900,10907],"class_list":["post-94579","post","type-post","status-publish","format-standard","has-post-thumbnail","category-camp-de-turia-ca","category-infraestructuras-ca","category-la-comarca-ca","category-medio-ambiente-la-comarca-ca","category-opinion-ca-2","category-politica","category-riba-roja-ca","category-seccion-ca","tag-consorcio-valencia-interior-ca","tag-consorcio-valencia-interior","tag-cvi","tag-cvi-ca","tag-riba-roja-del-turia","tag-riba-roja-del-turia-ca"],"_links":{"self":[{"href":"https:\/\/tucomarca.whitekongsoftware.com\/ca\/wp-json\/wp\/v2\/posts\/94579","targetHints":{"allow":["GET"]}}],"collection":[{"href":"https:\/\/tucomarca.whitekongsoftware.com\/ca\/wp-json\/wp\/v2\/posts"}],"about":[{"href":"https:\/\/tucomarca.whitekongsoftware.com\/ca\/wp-json\/wp\/v2\/types\/post"}],"author":[{"embeddable":true,"href":"https:\/\/tucomarca.whitekongsoftware.com\/ca\/wp-json\/wp\/v2\/users\/1"}],"replies":[{"embeddable":true,"href":"https:\/\/tucomarca.whitekongsoftware.com\/ca\/wp-json\/wp\/v2\/comments?post=94579"}],"version-history":[{"count":0,"href":"https:\/\/tucomarca.whitekongsoftware.com\/ca\/wp-json\/wp\/v2\/posts\/94579\/revisions"}],"wp:featuredmedia":[{"embeddable":true,"href":"https:\/\/tucomarca.whitekongsoftware.com\/ca\/wp-json\/wp\/v2\/media\/94577"}],"wp:attachment":[{"href":"https:\/\/tucomarca.whitekongsoftware.com\/ca\/wp-json\/wp\/v2\/media?parent=94579"}],"wp:term":[{"taxonomy":"category","embeddable":true,"href":"https:\/\/tucomarca.whitekongsoftware.com\/ca\/wp-json\/wp\/v2\/categories?post=94579"},{"taxonomy":"post_tag","embeddable":true,"href":"https:\/\/tucomarca.whitekongsoftware.com\/ca\/wp-json\/wp\/v2\/tags?post=94579"}],"curies":[{"name":"wp","href":"https:\/\/api.w.org\/{rel}","templated":true}]}}