{"id":94473,"date":"2019-10-24T18:40:17","date_gmt":"2019-10-24T16:40:17","guid":{"rendered":"http:\/\/www.tucomarca.com\/wordpress\/segunda\/?p=94473"},"modified":"2019-10-24T18:40:25","modified_gmt":"2019-10-24T16:40:25","slug":"lajuntament-de-turis-sollicita-al-govern-lexempcio-de-libi-rustica-per-a-lagricultura-donat-el-nul-rendiment-de-la-campanya-denguany","status":"publish","type":"post","link":"https:\/\/tucomarca.whitekongsoftware.com\/ca\/lajuntament-de-turis-sollicita-al-govern-lexempcio-de-libi-rustica-per-a-lagricultura-donat-el-nul-rendiment-de-la-campanya-denguany\/","title":{"rendered":"L&#8217;ajuntament de Tur\u00eds sol\u00b7licita al govern l\u2019exempci\u00f3 de l\u2019IBI r\u00fastica per a l\u2019agricultura donat el nul rendiment de la campanya d\u2019enguany"},"content":{"rendered":"\n<p class=\"wp-block-paragraph\">El ple de l\u2019Ajuntament de&nbsp;Tur\u00eds&nbsp;ha&nbsp;aprovat&nbsp;per unanimitat una moci\u00f3 d\u2019alcaldia per a donar suport al sector agrari i&nbsp;sol\u00b7licitar&nbsp;al govern de la naci\u00f3 \u201cl\u2019establiment de bonificacions en els tipus de l&#8217;IRPF corresponents als m\u00f2duls de tributaci\u00f3 per a tots els cultius, i especialment de c\u00edtrics, fruiters (bresquilles, nectarines, albercoc i caqui), per als quals \u00e9s necessari establir un tipus zero at\u00e9s que no ha existit cap rendibilitat\u201d. Al mateix temps tamb\u00e9 es demana \u201cl&#8217;exempci\u00f3 de l&#8217;impost de l&#8217;IBI de r\u00fastica per a l&#8217;exercici 2019\u201d.<\/p>\n\n\n\n<p class=\"wp-block-paragraph\">L\u2019alcalde,&nbsp;Eugenio&nbsp;Forta\u00f1a, espera que \u201cestes&nbsp;mesures permeten, en la mesura que siga possible, minimitzar l&#8217;impacte de les p\u00e8rdues que ha patit el sector agr\u00edcola de manera que les economies familiars que depenen d\u2019ell puguen fer front a l&#8217;exercici\u201d.<\/p>\n\n\n\n<p class=\"wp-block-paragraph\">Enguany \u201cla campanya de c\u00edtrics i la de fruita d&#8217;estiu ha tingut els pitjors resultats que es coneixen, fins al punt que les liquidacions han estat per davall dels costos d&#8217;explotaci\u00f3, generant p\u00e8rdues importants que han obligat els agricultors a&nbsp;sol\u00b7licitar&nbsp;cr\u00e8dits que els permeten fer front a les p\u00e8rdues. Aix\u00ed es&nbsp;despr\u00e9n&nbsp;dels informes que han rem\u00e9s a aquesta administraci\u00f3 local la Cooperativa La&nbsp;Turisana, principal empresa agroaliment\u00e0ria de la localitat, que d\u00f3na treball a una gran quantitat d&#8217;habitants i genera una part important de la riquesa de la localitat\u201d, explica l\u2019Alcalde.<\/p>\n\n\n\n<p class=\"wp-block-paragraph\">La moci\u00f3 reclama que \u201cles diferents administracions amb compet\u00e8ncies en l&#8217;\u00e0mbit, articulen mesures que permeten la recuperaci\u00f3 del sector agr\u00edcola i ramader, tals com pr\u00e9stecs bonificats, augment de les quanties per a plans de millora i implantaci\u00f3 de joves agricultors i ramaders,&nbsp;etc\u2026, aix\u00ed com un pla d&#8217;\u00e0mbit nacional, amb especial atenci\u00f3 a les peculiaritats de l&#8217;agricultura a la Comunitat Valenciana\u201d.<\/p>\n\n\n\n<p class=\"wp-block-paragraph\">D\u2019esta&nbsp;manera tamb\u00e9 s\u2019intentar\u00e0 fer front als acords en mat\u00e8ria agr\u00edcola que ha subscrit la Uni\u00f3 Europea amb pa\u00efsos tercers aix\u00ed com a les mesures que pa\u00efsos importadors com els Estats Units estan adoptant i que perjudiquen els nostres productes.<br><\/p>\n\n\n\n<p class=\"wp-block-paragraph\"><br><\/p>\n","protected":false},"excerpt":{"rendered":"<div class=\"mh-excerpt\">El ple de l\u2019Ajuntament de&nbsp;Tur\u00eds&nbsp;ha&nbsp;aprovat&nbsp;per unanimitat una moci\u00f3 d\u2019alcaldia per a donar suport al sector agrari i&nbsp;sol\u00b7licitar&nbsp;al govern de la naci\u00f3 \u201cl\u2019establiment de bonificacions en els tipus de l&#8217;IRPF corresponents als m\u00f2duls de tributaci\u00f3 per <a class=\"mh-excerpt-more\" href=\"https:\/\/tucomarca.whitekongsoftware.com\/ca\/lajuntament-de-turis-sollicita-al-govern-lexempcio-de-libi-rustica-per-a-lagricultura-donat-el-nul-rendiment-de-la-campanya-denguany\/\" title=\"L&#8217;ajuntament de Tur\u00eds sol\u00b7licita al govern l\u2019exempci\u00f3 de l\u2019IBI r\u00fastica per a l\u2019agricultura donat el nul rendiment de la campanya d\u2019enguany\">[+] <\/a><\/div>\n","protected":false},"author":1,"featured_media":94471,"comment_status":"open","ping_status":"open","sticky":false,"template":"","format":"standard","meta":{"footnotes":""},"categories":[10905,10948,10894,10902,10947,10896,11047],"tags":[10394],"class_list":["post-94473","post","type-post","status-publish","format-standard","has-post-thumbnail","category-agricultura-la-comarca-ca","category-infraestructuras-ca","category-la-comarca-ca","category-la-ribera-ca","category-politica","category-seccion-ca","category-turis-ca","tag-turis"],"_links":{"self":[{"href":"https:\/\/tucomarca.whitekongsoftware.com\/ca\/wp-json\/wp\/v2\/posts\/94473","targetHints":{"allow":["GET"]}}],"collection":[{"href":"https:\/\/tucomarca.whitekongsoftware.com\/ca\/wp-json\/wp\/v2\/posts"}],"about":[{"href":"https:\/\/tucomarca.whitekongsoftware.com\/ca\/wp-json\/wp\/v2\/types\/post"}],"author":[{"embeddable":true,"href":"https:\/\/tucomarca.whitekongsoftware.com\/ca\/wp-json\/wp\/v2\/users\/1"}],"replies":[{"embeddable":true,"href":"https:\/\/tucomarca.whitekongsoftware.com\/ca\/wp-json\/wp\/v2\/comments?post=94473"}],"version-history":[{"count":0,"href":"https:\/\/tucomarca.whitekongsoftware.com\/ca\/wp-json\/wp\/v2\/posts\/94473\/revisions"}],"wp:featuredmedia":[{"embeddable":true,"href":"https:\/\/tucomarca.whitekongsoftware.com\/ca\/wp-json\/wp\/v2\/media\/94471"}],"wp:attachment":[{"href":"https:\/\/tucomarca.whitekongsoftware.com\/ca\/wp-json\/wp\/v2\/media?parent=94473"}],"wp:term":[{"taxonomy":"category","embeddable":true,"href":"https:\/\/tucomarca.whitekongsoftware.com\/ca\/wp-json\/wp\/v2\/categories?post=94473"},{"taxonomy":"post_tag","embeddable":true,"href":"https:\/\/tucomarca.whitekongsoftware.com\/ca\/wp-json\/wp\/v2\/tags?post=94473"}],"curies":[{"name":"wp","href":"https:\/\/api.w.org\/{rel}","templated":true}]}}