{"id":94083,"date":"2019-10-21T11:00:41","date_gmt":"2019-10-21T09:00:41","guid":{"rendered":"http:\/\/www.tucomarca.com\/wordpress\/segunda\/?p=94083"},"modified":"2019-10-21T11:00:50","modified_gmt":"2019-10-21T09:00:50","slug":"la-fsmcv-inicia-el-procediment-per-ser-declarada-entitat-dutilitat-publica","status":"publish","type":"post","link":"https:\/\/tucomarca.whitekongsoftware.com\/ca\/la-fsmcv-inicia-el-procediment-per-ser-declarada-entitat-dutilitat-publica\/","title":{"rendered":"La FSMCV inicia el procediment per ser declarada entitat d&#8217;utilitat p\u00fablica"},"content":{"rendered":"\n<p class=\"wp-block-paragraph\">La Federaci\u00f3 de Societats Musicals de la Comunitat Valenciana (FSMCV) ha celebrat avui a Vila-real el seu 51\u00e8 Assemblea General Ordin\u00e0ria. L&#8217;acte, que s&#8217;ha celebrat a l&#8217;Auditori Municipal M\u00fasic Rafael Beltr\u00e1n Moner, ha reunit representants de les 554 Societats Musicals de la Comunitat Valenciana sota el lema &#8220;La il\u00b7lusi\u00f3 de sempre, la clau del futur&#8221;.<\/p>\n\n\n\n<p class=\"wp-block-paragraph\">L&#8217;assemblea ha estat inaugurada per la presidenta de la FSMCV, Daniela Gonz\u00e1lez, al costat de la Diputada de Cultura de la Diputaci\u00f3 de Castell\u00f3, Ruth Sanz, i la regidora de Cultura de l&#8217;Ajuntament de Vila-real, Rosario Royo, al costat d&#8217;altres membres de la junta directiva de la Federaci\u00f3. A la tarda, ha participat tamb\u00e9 l&#8217;alcaldessa de Godella, Eva Sanchis, i el president del Casino Musical de Godella, Javier Llorens, la candidatura ha estat escollida per albergar la pr\u00f2xima assemblea general de la FSMCV en 2020.<\/p>\n\n\n\n<p class=\"wp-block-paragraph\">Entre els principals temes tractats en aquesta 51\u00e8 Assemblea General, cal destacar l&#8217;aprovaci\u00f3 per part de les societats musicals de la proposta de modificaci\u00f3 estatut\u00e0ria que permet iniciar l&#8217;expedient per a la declaraci\u00f3 de la FSMCV com a entitat d&#8217;utilitat p\u00fablica, aix\u00ed com de les societats musicals federades. Amb aix\u00f2, es pret\u00e9n que les Societats Musicals, que s\u00f3n entitats sense \u00e0nim de lucre, trobin noves vies de finan\u00e7ament i obtenci\u00f3 de recursos, aix\u00ed com certs beneficis fiscals i jur\u00eddics.<\/p>\n\n\n\n<p class=\"wp-block-paragraph\">La presidenta de la FSMCV, Daniela Gonz\u00e1lez, ha explicat durant la seva intervenci\u00f3 en aquesta primera assemblea general despr\u00e9s de la seva elecci\u00f3, el passat mes de maig, &#8220;la import\u00e0ncia de la innovaci\u00f3 en les societats musicals, al mateix temps que el foment aquests els valors que s\u00f3n intr\u00ednsecs al nostre col\u00b7lectiu i que compartim amb la resta de la societat, d&#8217;aqu\u00ed el lema d&#8217;aquesta assemblea &#8220;. Gonz\u00e1lez ha destacat que &#8220;la clau del futur passa per seguir treballant per la nostra m\u00fasica, amb projectes com el que avui hem aprovat, encaminat a la declaraci\u00f3 d&#8217;Utilitat P\u00fablica amb m\u00faltiples beneficis per a les nostres societats musicals&#8221;.<\/p>\n\n\n\n<p class=\"wp-block-paragraph\">Al costat d&#8217;aix\u00f2, s&#8217;han plantejat assumptes de gran transcend\u00e8ncia per al futur de l&#8217;entitat, com els aspectes jur\u00eddics derivats de la recent declaraci\u00f3, en 2018, de les societats musicals com a B\u00e9 d&#8217;Inter\u00e8s Cultural Immaterial (BIC), amb la finalitat que aquestes es puguin veure beneficiades d&#8217;aquesta declaraci\u00f3. Tamb\u00e9 han estat aprovats els pressupostos de 2020.<\/p>\n\n\n\n<p class=\"wp-block-paragraph\">Ja a la tarda, entre d&#8217;altres projectes s&#8217;ha presentat &#8220;Music Immersion Travel&#8221;, projecte orientat a la promoci\u00f3 de les societats musicals com a destinaci\u00f3 tur\u00edstica d&#8217;experi\u00e8ncies, posat en marxa aquest any per FSMCV costat de Turisme Comunitat Valenciana.<\/p>\n\n\n\n<p class=\"wp-block-paragraph\"><strong>Premis Euterpe 2019<\/strong><\/p>\n\n\n\n<p class=\"wp-block-paragraph\">Un dels moments clau del dia ha estat la proclamaci\u00f3 dels Premis Euterpe 2019, que enguany arriben a la seva XX edici\u00f3.<\/p>\n\n\n\n<p class=\"wp-block-paragraph\">Els premis Euterpe s\u00f3n convocats anualment per la FSMCV amb la finalitat d&#8217;homenatjar la m\u00fasica valenciana en molt diferents \u00e0mbits d&#8217;actuaci\u00f3, com a persones, societats musicals, col\u00b7lectius, entitats, institucions, empreses o projectes que aposten decididament per mantenir, impulsar i desenvolupar la cultura musical valenciana. Des 2018, aquests premis compten amb una nova categoria destinada a la igualtat de g\u00e8nere en l&#8217;\u00e0mbit de la m\u00fasica.<\/p>\n\n\n\n<p class=\"wp-block-paragraph\">Els guanyadors dels XX Premis Euterpe han estat:<br> \u2022 Premi a la Dedicaci\u00f3 al seu Societat Musical &#8211; Ricardo Ib\u00e1\u00f1ez Barrachina (Associaci\u00f3 Cultural Amics de la M\u00fasica Sant Joan de Mor\u00f3), Benet Ripoll Mart\u00ednez (Taller de m\u00fasica Castell Vermell d&#8217;Ibi), Francisco Torres Felis (Societat Instructiva Uni\u00f3 Musical Tavernes de la Valldigna).<br> \u2022 Premi a Participaci\u00f3 federal &#8211; Societat Musical Instructiva Santa Cec\u00edlia de Cullera.<br> \u2022 Premi a instituci\u00f3 p\u00fablica o privada &#8211; La Traca Publicacions Valencianes.<br> \u2022 Premi a la Igualtat de g\u00e8nere en l&#8217;\u00e0mbit de la m\u00fasica &#8211; Banda de m\u00fasica Campanar.<\/p>\n\n\n\n<p class=\"wp-block-paragraph\">Al seu torn, i per consens de la Junta Directiva, s&#8217;han atorgat dos Premis Euterpe extraordinaris a l&#8217;expresident Pedro Rodr\u00edguez Navarro i el periodista i director de Les nostres Bandes de M\u00fasica, Octavio Hern\u00e1ndez Bol\u00edn.<\/p>\n\n\n\n<p class=\"wp-block-paragraph\">Com \u00e9s habitual, els guardons seran lliurats pel president de la Generalitat, Ximo Puig, en l&#8217;acte institucional que amb motiu de Santa Cec\u00edlia tindr\u00e0 lloc el proper 20 de novembre al Palau de la Generalitat.<br> D&#8217;altra banda, l&#8217;acte de cloenda ha comptat tamb\u00e9 amb una altra s\u00e8rie de reconeixements, com els realitzats a tots els membres de l&#8217;estructura de FSMCV que han finalitzat el seu mandat. Al costat d&#8217;ells, la Societat Art\u00edstic-Musical de Picassent i l&#8217;Agrupaci\u00f3 Musical Santa Cec\u00edlia de Sedav\u00ed han estat reconegudes pel seu centenari, aix\u00ed com la Societat Nova Uni\u00f3 Musical de Granja de Rocamora, que celebra tamb\u00e9 50 anys d&#8217;activitat.<\/p>\n\n\n\n<p class=\"wp-block-paragraph\">Com a reconeixement especial atorgat per la junta directiva, s&#8217;ha rendit un calor\u00f3s homenatge a l&#8217;expresident de la FSMCV, President d&#8217;Honor i un dels fundadors de l&#8217;entitat, \u00c0ngel Assumpci\u00f3 Ros.<br> com<\/p>\n","protected":false},"excerpt":{"rendered":"<div class=\"mh-excerpt\">La Federaci\u00f3 de Societats Musicals de la Comunitat Valenciana (FSMCV) ha celebrat avui a Vila-real el seu 51\u00e8 Assemblea General Ordin\u00e0ria. L&#8217;acte, que s&#8217;ha celebrat a l&#8217;Auditori Municipal M\u00fasic Rafael Beltr\u00e1n Moner, ha reunit representants <a class=\"mh-excerpt-more\" href=\"https:\/\/tucomarca.whitekongsoftware.com\/ca\/la-fsmcv-inicia-el-procediment-per-ser-declarada-entitat-dutilitat-publica\/\" title=\"La FSMCV inicia el procediment per ser declarada entitat d&#8217;utilitat p\u00fablica\">[+] <\/a><\/div>\n","protected":false},"author":1,"featured_media":94081,"comment_status":"open","ping_status":"open","sticky":false,"template":"","format":"standard","meta":{"footnotes":""},"categories":[11005,10898,10904,11007,10896],"tags":[],"class_list":["post-94083","post","type-post","status-publish","format-standard","has-post-thumbnail","category-canal-musica","category-ventana-ca","category-sin-categorizar-ca","category-ocio-y-cultura-ca","category-seccion-ca"],"_links":{"self":[{"href":"https:\/\/tucomarca.whitekongsoftware.com\/ca\/wp-json\/wp\/v2\/posts\/94083","targetHints":{"allow":["GET"]}}],"collection":[{"href":"https:\/\/tucomarca.whitekongsoftware.com\/ca\/wp-json\/wp\/v2\/posts"}],"about":[{"href":"https:\/\/tucomarca.whitekongsoftware.com\/ca\/wp-json\/wp\/v2\/types\/post"}],"author":[{"embeddable":true,"href":"https:\/\/tucomarca.whitekongsoftware.com\/ca\/wp-json\/wp\/v2\/users\/1"}],"replies":[{"embeddable":true,"href":"https:\/\/tucomarca.whitekongsoftware.com\/ca\/wp-json\/wp\/v2\/comments?post=94083"}],"version-history":[{"count":0,"href":"https:\/\/tucomarca.whitekongsoftware.com\/ca\/wp-json\/wp\/v2\/posts\/94083\/revisions"}],"wp:featuredmedia":[{"embeddable":true,"href":"https:\/\/tucomarca.whitekongsoftware.com\/ca\/wp-json\/wp\/v2\/media\/94081"}],"wp:attachment":[{"href":"https:\/\/tucomarca.whitekongsoftware.com\/ca\/wp-json\/wp\/v2\/media?parent=94083"}],"wp:term":[{"taxonomy":"category","embeddable":true,"href":"https:\/\/tucomarca.whitekongsoftware.com\/ca\/wp-json\/wp\/v2\/categories?post=94083"},{"taxonomy":"post_tag","embeddable":true,"href":"https:\/\/tucomarca.whitekongsoftware.com\/ca\/wp-json\/wp\/v2\/tags?post=94083"}],"curies":[{"name":"wp","href":"https:\/\/api.w.org\/{rel}","templated":true}]}}