{"id":94077,"date":"2019-10-19T11:08:55","date_gmt":"2019-10-19T09:08:55","guid":{"rendered":"http:\/\/www.tucomarca.com\/wordpress\/segunda\/?p=94077"},"modified":"2019-10-19T11:09:02","modified_gmt":"2019-10-19T09:09:02","slug":"el-delegat-del-govern-inaugura-la-xxiv-fira-utiel-gastronomica-oberta-tot-el-cap-de-setmana","status":"publish","type":"post","link":"https:\/\/tucomarca.whitekongsoftware.com\/ca\/el-delegat-del-govern-inaugura-la-xxiv-fira-utiel-gastronomica-oberta-tot-el-cap-de-setmana\/","title":{"rendered":"El delegat del govern inaugura la XXIV Fira Utiel Gastron\u00f2mica, oberta tot el cap de setmana"},"content":{"rendered":"\n<p class=\"wp-block-paragraph\">El delegat del Govern a la Comunitat Valenciana, Juan Carlos Fulgencio ha inaugurat aquesta tarda la XXIV edici\u00f3 de la Fira Utiel Gastron\u00f2mica, mostra referent del sector agroalimentari i tur\u00edstic de la Comunitat Valenciana.<\/p>\n\n\n\n<p class=\"wp-block-paragraph\">Fulgencio ha incidit en la dilatada traject\u00f2ria de la fira i en la tradici\u00f3 gastron\u00f2mica d&#8217;Utiel.<\/p>\n\n\n\n<p class=\"wp-block-paragraph\">&nbsp;&#8220;Teniu una meravellosa mat\u00e8ria primera, que, combinada amb tradici\u00f3 i car\u00e0cter, s&#8217;ha convertit en la vostra ins\u00edgnia, amb la qual heu transcendit les fronteres de la Comunitat Valenciana i d&#8217;Espanya, aconseguint reconeixement internacional. Teniu molt cam\u00ed fet. Els vostres vins, embotits i dol\u00e7os constitueixen un patrimoni gastron\u00f2mic que s&#8217;ha convertit en un dinamitzador de la vostra economia i de l&#8217;economia valenciana. Una via, amb la qual fer front a un dels reptes actuals: la despoblaci\u00f3 de les zones d&#8217;interior &#8220;assenyalava el delegat del Govern.<\/p>\n\n\n\n<p class=\"wp-block-paragraph\">L&#8217;alcalde d&#8217;Utiel, Fernando Benlliure ha destacat com a factors clau de l&#8217;\u00e8xit de la fira &#8220;l&#8217;arrelament de la cuina tradicional i les elaboracions artesanals juntament amb l&#8217;\u00e0mplia oferta tur\u00edstica a la que combinen a la perfecci\u00f3 patrimoni cultural, recursos naturals i enoturisme&#8221;<\/p>\n\n\n\n<p class=\"wp-block-paragraph\">L&#8217;acte ha comptat amb l&#8217;assist\u00e8ncia del Secretari Auton\u00f2mic d&#8217;Agricultura, Francisco Rodr\u00edguez, el Diputat de Turisme, Jordi Major, el director del Patronat de Turisme, Evarist Caselles i la directora general de l&#8217;Agenda Valenciana Antidespoblamiento, Jeanette Segarra entre d&#8217;altres representants pol\u00edtics i institucionals de l&#8217;\u00e0mbit auton\u00f2mic i provincial.<\/p>\n","protected":false},"excerpt":{"rendered":"<div class=\"mh-excerpt\">El delegat del Govern a la Comunitat Valenciana, Juan Carlos Fulgencio ha inaugurat aquesta tarda la XXIV edici\u00f3 de la Fira Utiel Gastron\u00f2mica, mostra referent del sector agroalimentari i tur\u00edstic de la Comunitat Valenciana. Fulgencio <a class=\"mh-excerpt-more\" href=\"https:\/\/tucomarca.whitekongsoftware.com\/ca\/el-delegat-del-govern-inaugura-la-xxiv-fira-utiel-gastronomica-oberta-tot-el-cap-de-setmana\/\" title=\"El delegat del govern inaugura la XXIV Fira Utiel Gastron\u00f2mica, oberta tot el cap de setmana\">[+] <\/a><\/div>\n","protected":false},"author":1,"featured_media":94075,"comment_status":"open","ping_status":"open","sticky":false,"template":"","format":"standard","meta":{"footnotes":""},"categories":[11006,10898,10894,10904,11004,11007,11008,10895,10909,10896,11059],"tags":[],"class_list":["post-94077","post","type-post","status-publish","format-standard","has-post-thumbnail","category-canal-vinos","category-ventana-ca","category-la-comarca-ca","category-sin-categorizar-ca","category-la-semana-en-imagenes-ca","category-ocio-y-cultura-ca","category-pueblos-en-fiestas-ca","category-premsavalenciana-ca","category-requena-utiel-ca","category-seccion-ca","category-utiel-ca"],"_links":{"self":[{"href":"https:\/\/tucomarca.whitekongsoftware.com\/ca\/wp-json\/wp\/v2\/posts\/94077","targetHints":{"allow":["GET"]}}],"collection":[{"href":"https:\/\/tucomarca.whitekongsoftware.com\/ca\/wp-json\/wp\/v2\/posts"}],"about":[{"href":"https:\/\/tucomarca.whitekongsoftware.com\/ca\/wp-json\/wp\/v2\/types\/post"}],"author":[{"embeddable":true,"href":"https:\/\/tucomarca.whitekongsoftware.com\/ca\/wp-json\/wp\/v2\/users\/1"}],"replies":[{"embeddable":true,"href":"https:\/\/tucomarca.whitekongsoftware.com\/ca\/wp-json\/wp\/v2\/comments?post=94077"}],"version-history":[{"count":0,"href":"https:\/\/tucomarca.whitekongsoftware.com\/ca\/wp-json\/wp\/v2\/posts\/94077\/revisions"}],"wp:featuredmedia":[{"embeddable":true,"href":"https:\/\/tucomarca.whitekongsoftware.com\/ca\/wp-json\/wp\/v2\/media\/94075"}],"wp:attachment":[{"href":"https:\/\/tucomarca.whitekongsoftware.com\/ca\/wp-json\/wp\/v2\/media?parent=94077"}],"wp:term":[{"taxonomy":"category","embeddable":true,"href":"https:\/\/tucomarca.whitekongsoftware.com\/ca\/wp-json\/wp\/v2\/categories?post=94077"},{"taxonomy":"post_tag","embeddable":true,"href":"https:\/\/tucomarca.whitekongsoftware.com\/ca\/wp-json\/wp\/v2\/tags?post=94077"}],"curies":[{"name":"wp","href":"https:\/\/api.w.org\/{rel}","templated":true}]}}