{"id":93904,"date":"2019-10-15T07:42:15","date_gmt":"2019-10-15T05:42:15","guid":{"rendered":"http:\/\/www.tucomarca.com\/wordpress\/segunda\/?p=93904"},"modified":"2019-10-15T07:42:22","modified_gmt":"2019-10-15T05:42:22","slug":"record-de-participants-en-la-xii-edicio-pujada-al-pic-de-xelva-trail-de-les-tres-cultures","status":"publish","type":"post","link":"https:\/\/tucomarca.whitekongsoftware.com\/ca\/record-de-participants-en-la-xii-edicio-pujada-al-pic-de-xelva-trail-de-les-tres-cultures\/","title":{"rendered":"R\u00e8cord de participants en la XII edici\u00f3 Pujada al Pic de Xelva, &#8220;Trail de les Tres Cultures&#8221;"},"content":{"rendered":"\n<p class=\"wp-block-paragraph\">Mentre que en la XI edici\u00f3 del &#8220;Trail de les Tres Cultures&#8221; celebrada el 2018 van finalitzar la &#8220;Pujada al Pic Chelva&#8221;, en les seves diferents modalitats, 187 participants, el 2019 s&#8217;han inscrit de moment m\u00e9s de 530 aspirants per a la conquesta del pic Chelva, en les seves diferents modalitats.<\/p>\n\n\n\n<p class=\"wp-block-paragraph\">El proper 20 d&#8217;octubre, a les 8:30, es donar\u00e0 sortida des de la pla\u00e7a Major de Chelva al &#8220;Trail de les tres Cultures&#8221;, l&#8217;objectiu principal \u00e9s pujar al Pic Chelva (1054 m). Una cursa de 30 km de dist\u00e0ncia (Long Trail, el seu principal prova), amb pendents d&#8217;ascens del 49% i de descens del 35%, i que transcorre el 72% de la seva dist\u00e0ncia per senders antics, denominats de ferradura, que unia les masies i llogarets del terme municipal de Chelva. Per completar aquesta prova, que inclou 14 km d&#8217;ascens i altres tant de descens per la muntanya, s&#8217;estableix un temps m\u00e0xim de 5:30 h.<\/p>\n\n\n\n<p class=\"wp-block-paragraph\">El &#8220;Trail de les Tres Cultures&#8221; fa refer\u00e8ncia a la hist\u00f2ria de la vila de Chelva que conserva el tra\u00e7at dels seus barris m\u00e9s hist\u00f2rics, Benacacira (andalus\u00ed), Benae\u00e7a (mud\u00e8jar) i Azoque (sefardita), i recorre una part del patrimoni mediambiental incl\u00f2s en la Reserva de la Biosfera &#8220;Alt T\u00faria&#8221; de la Unesco. Per als acompanyants s&#8217;han organitzat diverses activitats l\u00fadiques a la pla\u00e7a Major, i culturals, com la visita guiada a la Vila de Chelva.<\/p>\n\n\n\n<p class=\"wp-block-paragraph\">La XII edici\u00f3 de &#8220;Pujada al Pic Chelva&#8221;, inclou dues proves de menor recorregut, una de 16 km anomenada &#8220;Trail&#8221; (Cresta del Mozul) que segueix el seu tra\u00e7at pel sender PRV-91, i una altra de 11 km &#8220;Sprint Trail &#8220;(Volta Al Cantal), on els participants pujaran 8,8 i 3,3 km respectivament, amb pendents del 47%.<\/p>\n\n\n\n<p class=\"wp-block-paragraph\">Els participants, fins avui m\u00e9s de 530 en total per als seus tres modalitats, inclou tamb\u00e9 corredors de Fran\u00e7a, It\u00e0lia i B\u00e8lgica, entre altres pa\u00efsos, gaudiran de les magn\u00edfiques vistes panor\u00e0miques que ofereix La Serran\u00eda.<\/p>\n\n\n\n<p class=\"wp-block-paragraph\">La &#8220;Pujada al Pic de Xelva&#8221;, que forma part de la &#8220;International Trail Running Association&#8221; (ITRA) est\u00e0 organitzada per l&#8217;ajuntament de Chelva amb la col\u00b7laboraci\u00f3 de la marca esportiva JOMA, a trav\u00e9s del seu distribu\u00efdor oficial JOYFAR, i t\u00e9 la qualificaci\u00f3 de &#8220;Excel\u00b7l\u00e8ncia ambiental&#8221; per l&#8217;Associaci\u00f3 Espanyola &#8220;Trail Running&#8221;. A m\u00e9s, un total de 62 empreses i associacions relacionades amb Xelva col\u00b7laboraran en el desenvolupament de la prova.<\/p>\n\n\n\n<p class=\"wp-block-paragraph\">Les inscripcions per a les diferents proves de la XII Pujada al Pic Chelva ( &#8220;Trail de les Tres Cultures&#8221;) es poden formalitzar a la plataforma Toprun.<\/p>\n","protected":false},"excerpt":{"rendered":"<div class=\"mh-excerpt\">Mentre que en la XI edici\u00f3 del &#8220;Trail de les Tres Cultures&#8221; celebrada el 2018 van finalitzar la &#8220;Pujada al Pic Chelva&#8221;, en les seves diferents modalitats, 187 participants, el 2019 s&#8217;han inscrit de moment <a class=\"mh-excerpt-more\" href=\"https:\/\/tucomarca.whitekongsoftware.com\/ca\/record-de-participants-en-la-xii-edicio-pujada-al-pic-de-xelva-trail-de-les-tres-cultures\/\" title=\"R\u00e8cord de participants en la XII edici\u00f3 Pujada al Pic de Xelva, &#8220;Trail de les Tres Cultures&#8221;\">[+] <\/a><\/div>\n","protected":false},"author":1,"featured_media":93903,"comment_status":"open","ping_status":"open","sticky":false,"template":"","format":"standard","meta":{"footnotes":""},"categories":[11019,11018,11039,11046,11003,10904,10896],"tags":[299],"class_list":["post-93904","post","type-post","status-publish","format-standard","has-post-thumbnail","category-agenda-ca","category-atletisme","category-chelva-ca","category-los-serranos-ca","category-sports","category-sin-categorizar-ca","category-seccion-ca","tag-atletismo-2"],"_links":{"self":[{"href":"https:\/\/tucomarca.whitekongsoftware.com\/ca\/wp-json\/wp\/v2\/posts\/93904","targetHints":{"allow":["GET"]}}],"collection":[{"href":"https:\/\/tucomarca.whitekongsoftware.com\/ca\/wp-json\/wp\/v2\/posts"}],"about":[{"href":"https:\/\/tucomarca.whitekongsoftware.com\/ca\/wp-json\/wp\/v2\/types\/post"}],"author":[{"embeddable":true,"href":"https:\/\/tucomarca.whitekongsoftware.com\/ca\/wp-json\/wp\/v2\/users\/1"}],"replies":[{"embeddable":true,"href":"https:\/\/tucomarca.whitekongsoftware.com\/ca\/wp-json\/wp\/v2\/comments?post=93904"}],"version-history":[{"count":0,"href":"https:\/\/tucomarca.whitekongsoftware.com\/ca\/wp-json\/wp\/v2\/posts\/93904\/revisions"}],"wp:featuredmedia":[{"embeddable":true,"href":"https:\/\/tucomarca.whitekongsoftware.com\/ca\/wp-json\/wp\/v2\/media\/93903"}],"wp:attachment":[{"href":"https:\/\/tucomarca.whitekongsoftware.com\/ca\/wp-json\/wp\/v2\/media?parent=93904"}],"wp:term":[{"taxonomy":"category","embeddable":true,"href":"https:\/\/tucomarca.whitekongsoftware.com\/ca\/wp-json\/wp\/v2\/categories?post=93904"},{"taxonomy":"post_tag","embeddable":true,"href":"https:\/\/tucomarca.whitekongsoftware.com\/ca\/wp-json\/wp\/v2\/tags?post=93904"}],"curies":[{"name":"wp","href":"https:\/\/api.w.org\/{rel}","templated":true}]}}