{"id":93404,"date":"2019-10-08T19:18:17","date_gmt":"2019-10-08T17:18:17","guid":{"rendered":"http:\/\/www.tucomarca.com\/wordpress\/segunda\/?p=93404"},"modified":"2019-10-08T19:18:27","modified_gmt":"2019-10-08T17:18:27","slug":"les-ajudes-del-sarc-ultrapassen-3-milions-deuros-en-programacio-cultural-als-pobles","status":"publish","type":"post","link":"https:\/\/tucomarca.whitekongsoftware.com\/ca\/les-ajudes-del-sarc-ultrapassen-3-milions-deuros-en-programacio-cultural-als-pobles\/","title":{"rendered":"Les ajudes del SARC ultrapassen 3 milions d\u2019euros en programaci\u00f3 cultural als pobles"},"content":{"rendered":"\n<p class=\"wp-block-paragraph\">El Servei d&#8217;Assist\u00e8ncia i Recursos Culturals de la Diputaci\u00f3 de Val\u00e8ncia (SARC) publica un any m\u00e9s els decrets de resoluci\u00f3 d&#8217;ajudes a la programaci\u00f3 cultural dels municipis. Amb una aportaci\u00f3 global de 2.728.300 euros, esta quantia ha quedat distribu\u00efda entre els 266 municipis de la demarcaci\u00f3 de Val\u00e8ncia per a inversi\u00f3 en programaci\u00f3 cultural de l&#8217;any 2019.&nbsp;<\/p>\n\n\n\n<p class=\"wp-block-paragraph\">Estes ajudes a la programaci\u00f3 cultural s&#8217;incrementen amb 29.749 euros que es reparteixen entre els 15 pobles que depenen administrativament de l&#8217;Ajuntament Val\u00e8ncia; a m\u00e9s, s&#8217;aporten 21.899 euros per a tres entitats locals menors (EATIM) que poden, d&#8217;esta manera, programar cultura complement\u00e0riament a la tasca dels seus ajuntaments.<\/p>\n\n\n\n<p class=\"wp-block-paragraph\">A m\u00e9s, el programa \u2018SARC als pobles\u2019 permet l&#8217;opci\u00f3 de contribuir a la despesa de les festes populars en aquells municipis menors de 2.000 habitants. Per al diputat de Cultura, Xavier Rius, la filosofia d&#8217;estes subvencions resulta f\u00e0cil de comprendre, ja que &#8220;ens trobem en un moment on la promoci\u00f3 de la cultura als pobles est\u00e0 esdevenint un excel\u00b7lent aliat en la lluita contra el despoblament i la vertebraci\u00f3 territorial&#8221;. El diputat de l&#8217;Horta Sud tamb\u00e9 incideix en qu\u00e8 en l&#8217;actualitat &#8220;estem detectant un important increment en els consums culturals, a tots els nivells, i aix\u00f2 \u00e9s doblement positiu, perqu\u00e8 transcendeix m\u00e9s enll\u00e0 del valor emocional, ja que aporta beneficis econ\u00f2mics&#8221;.<\/p>\n\n\n\n<p class=\"wp-block-paragraph\">La diagnosi pot ser contrastada amb els recents estudis sobre consum cultural que acaba de publicar el Ministeri de Cultura. En relaci\u00f3 amb el per\u00edode 2018-2019, i sense entrar en excessius detalls, s&#8217;aprecia un significatiu augment en les visites a museus, exposicions (+7,3%), monuments i jaciments (+8%) i un millorament general dels \u00edndexs de lectura, visita al cinema, al teatre, i a concerts en viu, entre altres inquietuds culturals de la poblaci\u00f3.<\/p>\n\n\n\n<p class=\"wp-block-paragraph\">El programa \u2018SARC als pobles\u2019 mant\u00e9 l&#8217;esperit de no interferir ni condicionar les programacions municipals, sin\u00f3 de garantir la seua sostenibilitat, molt m\u00e9s encara en poblacions menudes i amb menors recursos econ\u00f2mics. La llista completa d\u2019ajudes, municipi per municipi, pot ser consultada en el BOP del passat dia 26 de setembre.<\/p>\n\n\n\n<p class=\"wp-block-paragraph\"><strong>Altres ajudes, altres programes<\/strong><\/p>\n\n\n\n<p class=\"wp-block-paragraph\">Encara que \u2018SARC als pobles\u2019 \u00e9s la principal l\u00ednia de subvencions, que s\u2019atorga a tots els municipis, sense distincions, aquells municipis amb un comprom\u00eds m\u00e9s ferm per la cultura poden veure augmentada l\u2019aportaci\u00f3 que reben per la modalitat de concurr\u00e8ncia competitiva. \u00c9s a dir, hi ha un seguit d\u2019ajudes espec\u00edfiques a projectes concrets que, en funci\u00f3 de les propostes que presenten els ajuntaments, permeten incrementar-los les inversions en mat\u00e8ria cultural per part del SARC, i en conseq\u00fc\u00e8ncia de l\u2019\u00c0rea provincial de Cultura.&nbsp;<\/p>\n\n\n\n<p class=\"wp-block-paragraph\">Molt resumidament, hi ha programes per al foment de les produccions audiovisuals, amb tem\u00e0tiques que afecten el nostre territori (55.000 euros); i projectes col\u00b7laboratius entre diversos ajuntaments, anomenats \u2018projectes intermunicipals\u2019 (173.000 euros), i que esdevenen el major motor de cooperaci\u00f3 entre entitats locals i en mat\u00e8ria cultural.&nbsp;<\/p>\n\n\n\n<p class=\"wp-block-paragraph\"><strong>Projectes Intermunicipals&nbsp;<\/strong><\/p>\n\n\n\n<p class=\"wp-block-paragraph\">El programa Intermunicipals, creat en 2016, augmenta progressivament en el nombre de projectes presentats i d\u2019ajuntaments que hi participen. S\u00f3n ja 17 els projectes col\u00b7laboratius enllestits al llarg de 2019 i m\u00e9s de 150 ajuntaments implicats en activitats que moltes vegades ultrapassen l\u2019\u00e0mbit comarcal. Cicles de jazz, de teatre infantil, de folklore i cultura popular, concerts de rock, contacontes o titelles entre moltes i variades activitats, que permeten un treball col\u00b7laboratiu i en xarxa a inst\u00e0ncia de l\u2019\u00c0rea de Cultura amb els principals gestors culturals del nostre territori.<\/p>\n\n\n\n<p class=\"wp-block-paragraph\"><strong>Cultura local i comarcal<\/strong><\/p>\n\n\n\n<p class=\"wp-block-paragraph\">Per descomptat, el programa de \u2018Festivals, mostres i Cert\u00e0mens\u2019, amb una dotaci\u00f3 de 150.000 euros, resulta imprescindible per a poder consolidar esdeveniments que hui dia ajuden a construir unes marques i fites culturals tan assolides com el Festival de Titelles de la Vall d&#8217;Albaida, el MIM de Sueca o les Mostres de Pallassos i pallasses de Xirivella o el Festival de M\u00e0gia d&#8217;Almussafes i el Polis\u00f2nic de Gandia. Es tracta en la majoria d&#8217;ells de propostes culturals enormement atractives i que convoquen un gran nombre de persones.<\/p>\n\n\n\n<p class=\"wp-block-paragraph\"><strong>Creaci\u00f3 liter\u00e0ria&nbsp;<\/strong><\/p>\n\n\n\n<p class=\"wp-block-paragraph\">La Diputaci\u00f3 tamb\u00e9 esdev\u00e9 un dels principals motors en la creaci\u00f3 liter\u00e0ria, tant en castell\u00e0 com en valenci\u00e0.&nbsp; L\u2019\u00c0rea de Cultura i el SARC arriben a donar suport a un total de 23 premis i concursos literaris, a inst\u00e0ncia de diversos ajuntaments i mancomunitats de la demarcaci\u00f3 de Val\u00e8ncia.<\/p>\n\n\n\n<p class=\"wp-block-paragraph\">Entre les col\u00b7laboracions m\u00e9s not\u00f2ries en la modalitat de concurs literari hi ha algunes consolidades en el temps com s\u00f3n el Premi Senyoriu Ausi\u00e0s March, de Beniarj\u00f3; el Premi Solstici de literatura jove de Manises; el ciutat de X\u00e0tiva o els premis comarcals \u2018Carmesina\u2019 de la Safor o el de literatura Er\u00f2tica de la Vall d\u2019Albaida. El conjunt de les ajudes, perfectament desglossades, arriba a un global de 68.000 euros.<\/p>\n\n\n\n<p class=\"wp-block-paragraph\"><strong>Una tasca de 30 anys&nbsp;<\/strong><\/p>\n\n\n\n<p class=\"wp-block-paragraph\">Enguany el SARC compleix un aniversari molt especial, ja que s\u00f3n ja 30 anys treballant en la l\u00ednia que marca el lema de la Diputaci\u00f3, colze a colze amb els ajuntaments valencians. En paraules del diputat de cultura, Xavier Rius, &#8220;no hi ha dubte que el suport del SARC ha resultat fonamental per a aportar sostenibilitat a les programacions culturals i fer cr\u00e9ixer el teixit social i el valor cultural dels nostres pobles&#8221;.&nbsp;<\/p>\n","protected":false},"excerpt":{"rendered":"<div class=\"mh-excerpt\">El Servei d&#8217;Assist\u00e8ncia i Recursos Culturals de la Diputaci\u00f3 de Val\u00e8ncia (SARC) publica un any m\u00e9s els decrets de resoluci\u00f3 d&#8217;ajudes a la programaci\u00f3 cultural dels municipis. Amb una aportaci\u00f3 global de 2.728.300 euros, esta <a class=\"mh-excerpt-more\" href=\"https:\/\/tucomarca.whitekongsoftware.com\/ca\/les-ajudes-del-sarc-ultrapassen-3-milions-deuros-en-programacio-cultural-als-pobles\/\" title=\"Les ajudes del SARC ultrapassen 3 milions d\u2019euros en programaci\u00f3 cultural als pobles\">[+] <\/a><\/div>\n","protected":false},"author":1,"featured_media":93402,"comment_status":"open","ping_status":"open","sticky":false,"template":"","format":"standard","meta":{"footnotes":""},"categories":[10898,10948,10894,10904,11007,10947,10896],"tags":[],"class_list":["post-93404","post","type-post","status-publish","format-standard","has-post-thumbnail","category-ventana-ca","category-infraestructuras-ca","category-la-comarca-ca","category-sin-categorizar-ca","category-ocio-y-cultura-ca","category-politica","category-seccion-ca"],"_links":{"self":[{"href":"https:\/\/tucomarca.whitekongsoftware.com\/ca\/wp-json\/wp\/v2\/posts\/93404","targetHints":{"allow":["GET"]}}],"collection":[{"href":"https:\/\/tucomarca.whitekongsoftware.com\/ca\/wp-json\/wp\/v2\/posts"}],"about":[{"href":"https:\/\/tucomarca.whitekongsoftware.com\/ca\/wp-json\/wp\/v2\/types\/post"}],"author":[{"embeddable":true,"href":"https:\/\/tucomarca.whitekongsoftware.com\/ca\/wp-json\/wp\/v2\/users\/1"}],"replies":[{"embeddable":true,"href":"https:\/\/tucomarca.whitekongsoftware.com\/ca\/wp-json\/wp\/v2\/comments?post=93404"}],"version-history":[{"count":0,"href":"https:\/\/tucomarca.whitekongsoftware.com\/ca\/wp-json\/wp\/v2\/posts\/93404\/revisions"}],"wp:featuredmedia":[{"embeddable":true,"href":"https:\/\/tucomarca.whitekongsoftware.com\/ca\/wp-json\/wp\/v2\/media\/93402"}],"wp:attachment":[{"href":"https:\/\/tucomarca.whitekongsoftware.com\/ca\/wp-json\/wp\/v2\/media?parent=93404"}],"wp:term":[{"taxonomy":"category","embeddable":true,"href":"https:\/\/tucomarca.whitekongsoftware.com\/ca\/wp-json\/wp\/v2\/categories?post=93404"},{"taxonomy":"post_tag","embeddable":true,"href":"https:\/\/tucomarca.whitekongsoftware.com\/ca\/wp-json\/wp\/v2\/tags?post=93404"}],"curies":[{"name":"wp","href":"https:\/\/api.w.org\/{rel}","templated":true}]}}