{"id":92585,"date":"2019-10-03T20:37:04","date_gmt":"2019-10-03T18:37:04","guid":{"rendered":"http:\/\/www.tucomarca.com\/wordpress\/segunda\/?p=92585"},"modified":"2019-10-03T20:37:26","modified_gmt":"2019-10-03T18:37:26","slug":"gran-acceptacio-del-curs-per-a-cuidadors-no-professionals-de-persones-dependents-oferit-per-lajuntament-de-turis","status":"publish","type":"post","link":"https:\/\/tucomarca.whitekongsoftware.com\/ca\/gran-acceptacio-del-curs-per-a-cuidadors-no-professionals-de-persones-dependents-oferit-per-lajuntament-de-turis\/","title":{"rendered":"Gran acceptaci\u00f3 del curs per a cuidadors no professionals de persones dependents oferit per l\u2019Ajuntament de Tur\u00eds"},"content":{"rendered":"<figure id=\"attachment_92582\" aria-describedby=\"caption-attachment-92582\" style=\"width: 4160px\" class=\"wp-caption alignleft\"><img loading=\"lazy\" decoding=\"async\" class=\"size-full wp-image-92582\" src=\"http:\/\/www.tucomarca.com\/wordpress\/segunda\/wp-content\/uploads\/2019\/10\/IMG_20190912_104715.jpg\" alt=\"Participantes en el curso para cuidadores no profesionales de personas dependientes ofrecido por el Ayuntamiento de Tur\u00eds.\" width=\"4160\" height=\"2130\" srcset=\"https:\/\/tucomarca.whitekongsoftware.com\/wp-content\/uploads\/2019\/10\/IMG_20190912_104715.jpg 4160w, https:\/\/tucomarca.whitekongsoftware.com\/wp-content\/uploads\/2019\/10\/IMG_20190912_104715-300x154.jpg 300w, https:\/\/tucomarca.whitekongsoftware.com\/wp-content\/uploads\/2019\/10\/IMG_20190912_104715-768x393.jpg 768w, https:\/\/tucomarca.whitekongsoftware.com\/wp-content\/uploads\/2019\/10\/IMG_20190912_104715-1024x524.jpg 1024w\" sizes=\"auto, (max-width: 4160px) 100vw, 4160px\" \/><figcaption id=\"caption-attachment-92582\" class=\"wp-caption-text\">Participants en el curs per a cuidadors no professionals de persones dependents ofert per l&#8217;Ajuntament de Tur\u00eds.<\/figcaption><\/figure>\n<p>L&#8217;Alcalde de\u00a0Tur\u00eds,\u00a0Eugenio\u00a0Forta\u00f1a, i la Regidora de Benestar Social, N\u00faria\u00a0Montero, han participat en l&#8217;\u00faltima sessi\u00f3 del curs que ha organitzat l&#8217;Ajuntament amb la col\u00b7laboraci\u00f3 de la Generalitat per a cuidadors no professionals de persones dependents.<\/p>\n<p>Este\u00a0curset incideix no solament en el fet d&#8217;aprendre a cuidar a persones amb depend\u00e8ncia sense tindre experi\u00e8ncia, sin\u00f3 tamb\u00e9 a cuidar-se les mateixes persones que s&#8217;encarreguen dels malalts i que suporten una c\u00e0rrega tant f\u00edsica com psicol\u00f2gica molt gran.<\/p>\n<p>Forta\u00f1a\u00a0ha manifestat el seu agra\u00efment a totes les participants &#8220;perqu\u00e8 el fet que la gent responga a\u00a0estes\u00a0iniciatives s\u00f3n primordials per a comprovar si s\u00f3n d&#8217;inter\u00e9s. En\u00a0este\u00a0cas estem molt contents per la vostra participaci\u00f3 i esperem que vos siga d&#8217;utilitat, ja que l&#8217;objectiu del curs \u00e9s que pugueu aplicar en la vostra vida estos coneixements&#8221;.<\/p>\n<p>A m\u00e9s ha destacat &#8220;com ha evolucionat el departament de serveis socials a l&#8217;ajuntament amb una gran varietat d&#8217;oferta formativa i de prestaci\u00f3 de serveis molt qualificada i molt m\u00e9s participativa&#8221;.<\/p>\n<p>La Regidora de Benestar social ha incidit en\u00a0este\u00a0aspecte: &#8220;l&#8217;Ajuntament fa un esfor\u00e7 prou important per a poder oferir\u00a0estes\u00a0activitats i \u00e9s una satisfacci\u00f3\u00a0veure la resposta per part del ve\u00efnat&#8221;.<\/p>\n<p>En finalitzar el curs l\u2019Alcalde i la Regidora han entregat un diploma acreditatiu per part de l\u2019Ajuntament a cadascuna de les participants.<\/p>\n","protected":false},"excerpt":{"rendered":"<div class=\"mh-excerpt\">L&#8217;Alcalde de\u00a0Tur\u00eds,\u00a0Eugenio\u00a0Forta\u00f1a, i la Regidora de Benestar Social, N\u00faria\u00a0Montero, han participat en l&#8217;\u00faltima sessi\u00f3 del curs que ha organitzat l&#8217;Ajuntament amb la col\u00b7laboraci\u00f3 de la Generalitat per a cuidadors no professionals de persones dependents. Este\u00a0curset <a class=\"mh-excerpt-more\" href=\"https:\/\/tucomarca.whitekongsoftware.com\/ca\/gran-acceptacio-del-curs-per-a-cuidadors-no-professionals-de-persones-dependents-oferit-per-lajuntament-de-turis\/\" title=\"Gran acceptaci\u00f3 del curs per a cuidadors no professionals de persones dependents oferit per l\u2019Ajuntament de Tur\u00eds\">[+] <\/a><\/div>\n","protected":false},"author":2,"featured_media":92583,"comment_status":"open","ping_status":"open","sticky":false,"template":"","format":"standard","meta":{"footnotes":""},"categories":[128,10894,8,10902,42,10896,3,43,11047],"tags":[10394,11093],"class_list":["post-92585","post","type-post","status-publish","format-standard","has-post-thumbnail","category-infraestructuras","category-la-comarca-ca","category-la-comarca","category-la-ribera-ca","category-la-ribera","category-seccion-ca","category-seccion","category-turis","category-turis-ca","tag-turis","tag-turis-ca"],"_links":{"self":[{"href":"https:\/\/tucomarca.whitekongsoftware.com\/ca\/wp-json\/wp\/v2\/posts\/92585","targetHints":{"allow":["GET"]}}],"collection":[{"href":"https:\/\/tucomarca.whitekongsoftware.com\/ca\/wp-json\/wp\/v2\/posts"}],"about":[{"href":"https:\/\/tucomarca.whitekongsoftware.com\/ca\/wp-json\/wp\/v2\/types\/post"}],"author":[{"embeddable":true,"href":"https:\/\/tucomarca.whitekongsoftware.com\/ca\/wp-json\/wp\/v2\/users\/2"}],"replies":[{"embeddable":true,"href":"https:\/\/tucomarca.whitekongsoftware.com\/ca\/wp-json\/wp\/v2\/comments?post=92585"}],"version-history":[{"count":0,"href":"https:\/\/tucomarca.whitekongsoftware.com\/ca\/wp-json\/wp\/v2\/posts\/92585\/revisions"}],"wp:featuredmedia":[{"embeddable":true,"href":"https:\/\/tucomarca.whitekongsoftware.com\/ca\/wp-json\/wp\/v2\/media\/92583"}],"wp:attachment":[{"href":"https:\/\/tucomarca.whitekongsoftware.com\/ca\/wp-json\/wp\/v2\/media?parent=92585"}],"wp:term":[{"taxonomy":"category","embeddable":true,"href":"https:\/\/tucomarca.whitekongsoftware.com\/ca\/wp-json\/wp\/v2\/categories?post=92585"},{"taxonomy":"post_tag","embeddable":true,"href":"https:\/\/tucomarca.whitekongsoftware.com\/ca\/wp-json\/wp\/v2\/tags?post=92585"}],"curies":[{"name":"wp","href":"https:\/\/api.w.org\/{rel}","templated":true}]}}