{"id":92445,"date":"2019-09-26T15:16:20","date_gmt":"2019-09-26T13:16:20","guid":{"rendered":"http:\/\/www.tucomarca.com\/wordpress\/segunda\/?p=92445"},"modified":"2019-09-26T15:16:20","modified_gmt":"2019-09-26T13:16:20","slug":"els-iturbis-tanquen-amb-una-mascleta-pianistica","status":"publish","type":"post","link":"https:\/\/tucomarca.whitekongsoftware.com\/ca\/els-iturbis-tanquen-amb-una-mascleta-pianistica\/","title":{"rendered":"Els Iturbis tanquen amb una \u2018masclet\u00e0\u2019 pian\u00edstica"},"content":{"rendered":"<figure id=\"attachment_92442\" aria-describedby=\"caption-attachment-92442\" style=\"width: 565px\" class=\"wp-caption alignnone\"><img loading=\"lazy\" decoding=\"async\" class=\" wp-image-92442\" src=\"http:\/\/www.tucomarca.com\/wordpress\/segunda\/wp-content\/uploads\/2019\/09\/Iturbi-1.jpg\" alt=\"El Palau de les Arts y el Teatro Principal acoger\u00e1n una serie de actuaciones con pianistas ganadores de los premios de la Diputaci\u00f3.\" width=\"565\" height=\"415\" srcset=\"https:\/\/tucomarca.whitekongsoftware.com\/wp-content\/uploads\/2019\/09\/Iturbi-1.jpg 1200w, https:\/\/tucomarca.whitekongsoftware.com\/wp-content\/uploads\/2019\/09\/Iturbi-1-300x221.jpg 300w, https:\/\/tucomarca.whitekongsoftware.com\/wp-content\/uploads\/2019\/09\/Iturbi-1-768x564.jpg 768w, https:\/\/tucomarca.whitekongsoftware.com\/wp-content\/uploads\/2019\/09\/Iturbi-1-1024x753.jpg 1024w\" sizes=\"auto, (max-width: 565px) 100vw, 565px\" \/><figcaption id=\"caption-attachment-92442\" class=\"wp-caption-text\"><b>El Palau de les Arts i el Teatre Principal recolliran una s\u00e8rie d\u2019actuacions amb pianistes guanyadors dels premis de la Diputaci\u00f3<\/b>.<\/figcaption><\/figure>\n<p>Dins les activitats programades per la \u00c0rea de Cultura de la Diputaci\u00f3 de Val\u00e8ncia dins l\u2019edici\u00f3 commemorativa d\u2019enguany que porta el nom d\u2019Iturbis, divendres 27, a les 20 hores, se celebrar\u00e0 a l\u2019Auditori del Palau de les Arts un gran concert dels pianistes Marianna Prjevalskaya, Miri Yampolsky, Luka Okros y \u00c1ngel Sanzo amb l\u2019Orquestra de Val\u00e8ncia dirigida per Rub\u00e9n Gimeno, on s\u2019interpretaran composicions de Txaikovski, Mozart i Beethoven.<span class=\"Apple-converted-space\">\u00a0<\/span><\/p>\n<p>La diputada del Premi Iturbi, <b>Gl\u00f2ria Tello<\/b>, ha valorat molt positivament l\u2019acolliment que la programaci\u00f3 ha tingut per la ciutadania i ha destacat que \u201camb aquesta Gala es donar\u00e0 per tancat tot un seguit d\u2019activitats amb nombr\u00f3s \u00e8xit de participaci\u00f3 i s\u2019obrir\u00e0 una nova porta a treballar en uns futurs Premis Iturbi que volen cr\u00e9ixer perseguint la m\u00e0xima qualitat i arribar a tots els valencians i valencianes\u201d.<\/p>\n<p><b>Rub\u00e9n Gimeno<\/b> ha estat des de\u00a0<a href=\"https:\/\/ca.wikipedia.org\/wiki\/1997\">1997<\/a>\u00a0fins a\u00a0<a href=\"https:\/\/ca.wikipedia.org\/wiki\/2007\">2007<\/a> director de la Jove Orquestra Simf\u00f2nica de Gal\u00edcia, sent tamb\u00e9 director assistent de la\u00a0<a href=\"https:\/\/ca.wikipedia.org\/wiki\/Jove_Orquestra_Nacional_d%2527Espanya\">Jove Orquestra Nacional d&#8217;Espanya<\/a>. \u00c9s tamb\u00e9 director invitat de l&#8217;Orquestra Simf\u00f2nica de Tenerife.<\/p>\n<p><span class=\"Apple-converted-space\">\u00a0<\/span><\/p>\n<p>Ha dirigit entre altres, l&#8217;<a href=\"https:\/\/ca.wikipedia.org\/wiki\/Orquestra_Nacional_d%2527Espanya\">Orquestra Nacional d&#8217;Espanya<\/a>, l&#8217;<a href=\"https:\/\/ca.wikipedia.org\/wiki\/Orquestra_Ciutat_de_Granada\">Orquestra Ciutat de Granada<\/a>, l&#8217;<a href=\"https:\/\/ca.wikipedia.org\/wiki\/Orquestra_Simf%25C3%25B2nica_de_Barcelona_i_Nacional_de_Catalunya\">Orquestra Simf\u00f2nica de Barcelona i Nacional de Catalunya<\/a>, l&#8217;<a href=\"https:\/\/ca.wikipedia.org\/wiki\/Orquestra_de_la_Comunitat_Valenciana\">Orquestra del Palau de les Arts<\/a>\u00a0de Val\u00e8ncia, l&#8217;<a href=\"https:\/\/ca.wikipedia.org\/wiki\/Orquestra_Simf%25C3%25B2nica_d%2527Euskadi\">Orquestra Simf\u00f2nica d&#8217;Euskadi<\/a>, l&#8217;Orquestra Simf\u00f2nica de Bilbao, l&#8217;Orquestra Simf\u00f2nica Nacional de Col\u00f2mbia, l&#8217;Orquestra Simf\u00f2nica del Principat d&#8217;Ast\u00faries, l&#8217;<a href=\"https:\/\/ca.wikipedia.org\/wiki\/Orquestra_de_Val%25C3%25A8ncia\">Orquestra de Val\u00e8ncia<\/a>, l&#8217;Orquestra Simf\u00f2nica de Gavle (Su\u00e8cia), l&#8217;Orquestra del Reial Conservatori d&#8217;Estocolm, l&#8217;<a href=\"https:\/\/ca.wikipedia.org\/wiki\/Acad%25C3%25A8mia_Sueca\">Orquestra de l&#8217;Acad\u00e8mia Nacional Sueca<\/a>, l&#8217;<a href=\"https:\/\/ca.wikipedia.org\/wiki\/Orquestra_Simf%25C3%25B2nica_de_Gal%25C3%25ADcia\">Orquestra Simf\u00f2nica de Gal\u00edcia<\/a>\u00a0o l&#8217;Orquestra del MMCK Festival (<a href=\"https:\/\/ca.wikipedia.org\/wiki\/Jap%25C3%25B3\">Jap\u00f3<\/a>), entre d&#8217;altres.<span class=\"Apple-converted-space\">\u00a0<\/span><\/p>\n<p>Va ser director titular de l&#8217;<a href=\"https:\/\/ca.wikipedia.org\/wiki\/Orquestra_Simf%25C3%25B2nica_del_Vall%25C3%25A8s\">Orquestra Simf\u00f2nica del Vall\u00e8s<\/a>\u00a0entre els anys 2009 i 2016.<\/p>\n<p><b>Miri Yampolski<\/b> \u00e9s una pianista israeliana nascuda al Moscou. Ha sigut guardonada amb diversos premis internacionals com els premis AICF, Piano Iturbi a Espanya i el Musikwettbewerb de l\u2019ARD a Alemanya. Ha actuat a festivals com el Tanglewood, Ravinia, Olympic, Icicle Creek o Tucson als Estats Units, aix\u00ed com en altres a pa\u00efsos europeus.<\/p>\n<p>Importants orquestres com la de Cambra d\u2019Israel, la Simf\u00f2nica de Jerusalem o l\u2019Orquestra Nacional de Johannesburg han comptat amb Miri per a les seues actuacions. Es professora a la Universitat de Cornell i cofundadora del Festival Internacional de M\u00fasica de Cambra Mayfest-Cornell. A m\u00e9s a m\u00e9s ha gravat amb segells com Naxos, MDG i Open G Records.<\/p>\n<p><b>\u00c1ngel Sanzo<\/b> es un reconegut pianista espanyol que ha oferit concerts arreu de tot el m\u00f3n, com \u00c0ustria, Alemanya , Xile, els Estats Units, el Marroc o Su\u00efssa entre altres, duent a terme gravacions per cadenes com ara RTVE, RTSI o RBB. Guardonat amb multitud a concursos internacionals com Joaqu\u00edn Rodrigo, Frechilla-Zuloaga, Concurs Pian\u00edstic Europeu de Taranto o segon premi en el Premi Iturbi.<span class=\"Apple-converted-space\">\u00a0<\/span><\/p>\n<p>Ha actuat com a solista amb orquestres simf\u00f2niques de tota Espanya i nombroses orquestres de cambra. Tot el seu repertori de musica de cambra l\u2019ha dut a tocar per tot Europa. Actualment \u00e9s professor de piano del Conservatori Superior de M\u00fasica de Badajoz.<span class=\"Apple-converted-space\">\u00a0<\/span><\/p>\n<p><b>Luka Okros<\/b> \u00e9s un dels pianistes m\u00e9s prometedors de la seua generaci\u00f3. \u00c9s guanyador d\u2019importants premis internacionals com el que atorga el Tabor Foundation en el Festival de verbier, primers premis a Hong Kong o el Premi Iturbi. Ha actuat en sales de concert com Het Concertgebouw a Amsterdam, Carnegie Hall de Nova York, Southbank Centre i Wigmore Hall a Londres, entre altres sales a pa\u00efsos com H\u00e8lsinki, Brussel\u00b7les, Budapest o Viena.<\/p>\n<p>Actualment treballa en la creaci\u00f3 del seu propi \u00e0lbum amb composicions pr\u00f2pies. Una d\u2019aquestes ha sigut filmada i estrenada per Het Concertgebouw&#8217;s Sessions. Les seues obres han sigut publicades per M\u00e0ster Music Publications.<span class=\"Apple-converted-space\">\u00a0<\/span><\/p>\n<p><b>Marianna Prjevalskaia<\/b> ha estat lloada per la cr\u00edtica com \u201cuna gran pianista\u201d, Marianna ha actuat amb diverses Orquestres com la Simf\u00f2nica de Cincinnati, la Filharm\u00f2nica de Louisiana o la Simf\u00f2nica de Litu\u00e0nia, entre altres i ha col\u00b7laborat amb directors importants de l\u2019escena musical actual. Ha tocat a diverses sales com el Mozarteum a Salzburg, l\u2019Accademia Nazionale de Santa Cecilia a Roma o el Carnegie Hall a Nova York.<\/p>\n<p>Es guanyadora de la medalla d\u2019or en els concursos internacionals de piano de Nova Orleans , el Concurs Mundial de Piano a Cincinnati i el Concurs Internacional Premi Ja\u00e9n; i premiada en el Concurs Europeu de Piano a Normandia, a Sendai, Premi Iturbi o Paderewski, entre altres.<span class=\"Apple-converted-space\">\u00a0<\/span><\/p>\n<p>D\u2019una altra banda, dissabte 28 de setembre, a les 20 hores, al Teatre Principal de Val\u00e8ncia, es donar\u00e0 cloenda formal a aquesta edici\u00f3 commemorativa amb una Gala final que ser\u00e0 condu\u00efda per Cashalada. Aquest T\u00e0ndem \u00fanic format per No\u00e8lia P\u00e9rez i Josep Zapater ha creat la m\u00fasica, lletra i direcci\u00f3 musical de <i>L\u2019Aneguet LLeig <\/i>i <i>Tic-Tac<\/i>, ambd\u00f3s musicals guanyadors del Premi Max a millor espectacle musical i finalista a millor composici\u00f3 musical <i>(Tic-Tac). <\/i>Fan el mateix amb <i>Merl\u00edn, Un musical de Leyenda, <\/i>guanyador del Premi de Teatre Musical en la categoria familiar i als Premis Broadway Word en 3 categories.<span class=\"Apple-converted-space\">\u00a0<\/span><\/p>\n<p>En la Gala Final de la Celebraci\u00f3 de 20 Edicions del Premi Internacional de Piano, Premi Iturbi, No\u00e8lia s\u2019ha encarregat del gui\u00f3 dramat\u00fargic i de la direcci\u00f3 esc\u00e8nica i Josep de l\u2019adapataci\u00f3 musical a la guitarra del Cheek to Cheek i de la can\u00e7\u00f3 de Cashalada Arrels. A m\u00e9s els dos conduiran la gala, intentant, des del respecte i l\u2019admiraci\u00f3, evocar l\u2019esperit dels germans Iturbi.<\/p>\n<p>A m\u00e9s dels pianistes esmentats que actuaran a l\u2019Auditori del Palau de les Arts, tamb\u00e9 actuaran en aquesta Gala final els pianistes Antonio Galera i Marta Espin\u00f3s, acompanyats pels joves Carlos i Cristina Aracil.<\/p>\n<p><b>Antonio Galera<\/b> ha actuat a Sales com la Salle Cortot de Par\u00eds, el Zhongshan Hall de Taipei, el<br \/>\nSteinway Hall de Nova York o el Palau de la M\u00fasica de Barcelona. Guardonat per la Yamaha Music Foundation of Europe i Premi Iturbi de Val\u00e8ncia. Molt actiu en el camp de la m\u00fasica de cambra, ha actuat en la Fundaci\u00f3 Juan March, el Centre de Musique de Chambre de Paris o M\u00fasica en Segura.<span class=\"Apple-converted-space\">\u00a0<\/span><\/p>\n<p>Actualment ha realitzat diversos recitals arreu de tota Espanya i altres pa\u00efsos europeus, tamb\u00e9 a M\u00e8xic, Sud\u00e0frica, Gabon, Mal\u00e0isia i Qatar. A m\u00e9s a m\u00e9s ha col\u00b7laborat amb diverses companyies de dansa i aquest estiu va presentar el seu primer disc gravat per al segell IBS. Col\u00b7labora amb el departament d\u2019educaci\u00f3 de Les Arts i imparteix classes a la Universitat de Val\u00e8ncia.<\/p>\n<p>Per \u00faltim, <b>Marta Espin\u00f3s<\/b>, s&#8217;estableix com una de les apostes pian\u00edstiques m\u00e9s inusuals del panorama nacional. Especialitzada en teixir relacions transversals entre la m\u00fasica i pr\u00e0cticament qualsevol disciplina o tem\u00e0tica, Marta desenvolupa una important faceta de comiss\u00e0ria musical que combina amb la seva carrera pian\u00edstica. <span class=\"Apple-converted-space\">\u00a0<\/span><\/p>\n<p>A trav\u00e9s d&#8217;una marcada faceta divulgadora, Marta \u00e9s militant dels concerts comentats i tem\u00e0tics, workshops per no-m\u00fasics i formats esc\u00e8nics que apropen la m\u00fasica cl\u00e0ssica i contempor\u00e0nia a tot tipus de p\u00fablics. <span class=\"Apple-converted-space\">\u00a0<\/span><\/p>\n<p>El cap del Servei de Cultura de la Diputaci\u00f3 de Val\u00e8ncia, <b>Josep Vidal<\/b>, ha destacat l\u2019enorme inter\u00e9s que han despertat les diferents activitats organitzades per la Diputaci\u00f3 de Val\u00e8ncia i la gran demanda d\u2019entrades que ha hagut d\u2019aquests dos darrers esdeveniments el que, segons afirma Vidal, que \u201camb una programaci\u00f3 de qualitat i accessible, la ciutadania valenciana sempre respon molt favorablement\u201d.<\/p>\n","protected":false},"excerpt":{"rendered":"<div class=\"mh-excerpt\">Dins les activitats programades per la \u00c0rea de Cultura de la Diputaci\u00f3 de Val\u00e8ncia dins l\u2019edici\u00f3 commemorativa d\u2019enguany que porta el nom d\u2019Iturbis, divendres 27, a les 20 hores, se celebrar\u00e0 a l\u2019Auditori del Palau <a class=\"mh-excerpt-more\" href=\"https:\/\/tucomarca.whitekongsoftware.com\/ca\/els-iturbis-tanquen-amb-una-mascleta-pianistica\/\" title=\"Els Iturbis tanquen amb una \u2018masclet\u00e0\u2019 pian\u00edstica\">[+] <\/a><\/div>\n","protected":false},"author":1,"featured_media":92443,"comment_status":"open","ping_status":"open","sticky":false,"template":"","format":"standard","meta":{"footnotes":""},"categories":[11019,11005,10898,10904,11007,10896],"tags":[11341,11785],"class_list":["post-92445","post","type-post","status-publish","format-standard","has-post-thumbnail","category-agenda-ca","category-canal-musica","category-ventana-ca","category-sin-categorizar-ca","category-ocio-y-cultura-ca","category-seccion-ca","tag-diputacio-ca","tag-iturbi"],"_links":{"self":[{"href":"https:\/\/tucomarca.whitekongsoftware.com\/ca\/wp-json\/wp\/v2\/posts\/92445","targetHints":{"allow":["GET"]}}],"collection":[{"href":"https:\/\/tucomarca.whitekongsoftware.com\/ca\/wp-json\/wp\/v2\/posts"}],"about":[{"href":"https:\/\/tucomarca.whitekongsoftware.com\/ca\/wp-json\/wp\/v2\/types\/post"}],"author":[{"embeddable":true,"href":"https:\/\/tucomarca.whitekongsoftware.com\/ca\/wp-json\/wp\/v2\/users\/1"}],"replies":[{"embeddable":true,"href":"https:\/\/tucomarca.whitekongsoftware.com\/ca\/wp-json\/wp\/v2\/comments?post=92445"}],"version-history":[{"count":0,"href":"https:\/\/tucomarca.whitekongsoftware.com\/ca\/wp-json\/wp\/v2\/posts\/92445\/revisions"}],"wp:featuredmedia":[{"embeddable":true,"href":"https:\/\/tucomarca.whitekongsoftware.com\/ca\/wp-json\/wp\/v2\/media\/92443"}],"wp:attachment":[{"href":"https:\/\/tucomarca.whitekongsoftware.com\/ca\/wp-json\/wp\/v2\/media?parent=92445"}],"wp:term":[{"taxonomy":"category","embeddable":true,"href":"https:\/\/tucomarca.whitekongsoftware.com\/ca\/wp-json\/wp\/v2\/categories?post=92445"},{"taxonomy":"post_tag","embeddable":true,"href":"https:\/\/tucomarca.whitekongsoftware.com\/ca\/wp-json\/wp\/v2\/tags?post=92445"}],"curies":[{"name":"wp","href":"https:\/\/api.w.org\/{rel}","templated":true}]}}