{"id":92305,"date":"2019-09-12T21:52:03","date_gmt":"2019-09-12T19:52:03","guid":{"rendered":"http:\/\/www.tucomarca.com\/wordpress\/segunda\/?p=92305"},"modified":"2019-09-12T21:52:36","modified_gmt":"2019-09-12T19:52:36","slug":"lajuntament-de-xest-ja-compta-amb-un-cotxe-totalment-electric-per-a-usos-municipals","status":"publish","type":"post","link":"https:\/\/tucomarca.whitekongsoftware.com\/ca\/lajuntament-de-xest-ja-compta-amb-un-cotxe-totalment-electric-per-a-usos-municipals\/","title":{"rendered":"L&#8217;Ajuntament de Xest ja compta amb un cotxe totalment el\u00e8ctric per a usos municipals"},"content":{"rendered":"<figure id=\"attachment_92302\" aria-describedby=\"caption-attachment-92302\" style=\"width: 301px\" class=\"wp-caption alignleft\"><img loading=\"lazy\" decoding=\"async\" class=\" wp-image-92302\" src=\"http:\/\/www.tucomarca.com\/wordpress\/segunda\/wp-content\/uploads\/2019\/09\/190911_Nuevo-coche-el\u00e9ctrico_2.jpg\" alt=\"El consistorio cuenta con un veh\u00edculo totalmente el\u00e9ctrico dentro de la flota municipal.\" width=\"301\" height=\"201\" srcset=\"https:\/\/tucomarca.whitekongsoftware.com\/wp-content\/uploads\/2019\/09\/190911_Nuevo-coche-el\u00e9ctrico_2.jpg 5472w, https:\/\/tucomarca.whitekongsoftware.com\/wp-content\/uploads\/2019\/09\/190911_Nuevo-coche-el\u00e9ctrico_2-300x200.jpg 300w, https:\/\/tucomarca.whitekongsoftware.com\/wp-content\/uploads\/2019\/09\/190911_Nuevo-coche-el\u00e9ctrico_2-768x512.jpg 768w, https:\/\/tucomarca.whitekongsoftware.com\/wp-content\/uploads\/2019\/09\/190911_Nuevo-coche-el\u00e9ctrico_2-1024x683.jpg 1024w\" sizes=\"auto, (max-width: 301px) 100vw, 301px\" \/><figcaption id=\"caption-attachment-92302\" class=\"wp-caption-text\">El consistori compta amb un vehicle totalment el\u00e8ctric dins de la flota municipal.<\/figcaption><\/figure>\n<p>Des d&#8217;ahir, dimarts 10 de setembre, el consistori compta amb un vehicle totalment el\u00e8ctric dins de la flota municipal. El seu cost ha ascendit a 21.984 euros i ha estat finan\u00e7at majorit\u00e0riament per laDiputaci\u00f3 de Val\u00e8ncia a trav\u00e9s d&#8217;un ajut de 15.000 euros. La Diputaci\u00f3 tamb\u00e9 va pagar la instal\u00b7laci\u00f3 del punt de rec\u00e0rrega de la pla\u00e7a del Mercat, valorada en 2.000 euros aproximadament.<\/p>\n<p>&#8220;Des de l&#8217;Ajuntament la nostra idea \u00e9s aconseguir una flota de vehicles municipals m\u00e9s eficient i menys contaminant&#8221;, apunta el regidor de Serveis, Jos\u00e9 Vicente Guijarro. &#8220;Com a ciutadans i ciutadanes tamb\u00e9 hem de conscienciar de la necessitat de fer un bon \u00fas dels nostres vehicles, ja que la situaci\u00f3 mediambiental \u00e9s alarmant, la capa d&#8217;oz\u00f3 no aguanta m\u00e9s gasos t\u00f2xics i les seves conseq\u00fc\u00e8ncies ja s\u00f3n presents en forma de pluges torrencials; ens estem jugant l&#8217;habitabilitat del Planeta en qu\u00e8 viuran els nostres descendents &#8220;.<\/p>\n<p>Xest ja compta amb dos punts de rec\u00e0rrega gratu\u00efta per a vehicles el\u00e8ctrics, l&#8217;instal\u00b7lat a la pla\u00e7a del Mercat i un altre situat al costat de la Policia Local.<\/p>\n<p>&#8220;Ja ens toca fer passos grans en favor del medi ambient i no quedar-nos a mitges tintes&#8221;, explica el regidor de Medi Ambient, David Pujals. &#8220;Reduir el consum de gasoil i la contaminaci\u00f3 \u00e9s un gran pas; tant de bo els preus baixessin perqu\u00e8 fos m\u00e9s f\u00e0cil per a la ciutadania adquirir un cotxe el\u00e8ctric &#8220;.<\/p>\n","protected":false},"excerpt":{"rendered":"<div class=\"mh-excerpt\">Des d&#8217;ahir, dimarts 10 de setembre, el consistori compta amb un vehicle totalment el\u00e8ctric dins de la flota municipal. El seu cost ha ascendit a 21.984 euros i ha estat finan\u00e7at majorit\u00e0riament per laDiputaci\u00f3 de <a class=\"mh-excerpt-more\" href=\"https:\/\/tucomarca.whitekongsoftware.com\/ca\/lajuntament-de-xest-ja-compta-amb-un-cotxe-totalment-electric-per-a-usos-municipals\/\" title=\"L&#8217;Ajuntament de Xest ja compta amb un cotxe totalment el\u00e8ctric per a usos municipals\">[+] <\/a><\/div>\n","protected":false},"author":1,"featured_media":92303,"comment_status":"open","ping_status":"open","sticky":false,"template":"","format":"standard","meta":{"footnotes":""},"categories":[10894,10912,10903,10896,10974],"tags":[11109],"class_list":["post-92305","post","type-post","status-publish","format-standard","has-post-thumbnail","category-la-comarca-ca","category-la-hoya-ca","category-medio-ambiente-la-comarca-ca","category-seccion-ca","category-cheste-ca","tag-xest"],"_links":{"self":[{"href":"https:\/\/tucomarca.whitekongsoftware.com\/ca\/wp-json\/wp\/v2\/posts\/92305","targetHints":{"allow":["GET"]}}],"collection":[{"href":"https:\/\/tucomarca.whitekongsoftware.com\/ca\/wp-json\/wp\/v2\/posts"}],"about":[{"href":"https:\/\/tucomarca.whitekongsoftware.com\/ca\/wp-json\/wp\/v2\/types\/post"}],"author":[{"embeddable":true,"href":"https:\/\/tucomarca.whitekongsoftware.com\/ca\/wp-json\/wp\/v2\/users\/1"}],"replies":[{"embeddable":true,"href":"https:\/\/tucomarca.whitekongsoftware.com\/ca\/wp-json\/wp\/v2\/comments?post=92305"}],"version-history":[{"count":0,"href":"https:\/\/tucomarca.whitekongsoftware.com\/ca\/wp-json\/wp\/v2\/posts\/92305\/revisions"}],"wp:featuredmedia":[{"embeddable":true,"href":"https:\/\/tucomarca.whitekongsoftware.com\/ca\/wp-json\/wp\/v2\/media\/92303"}],"wp:attachment":[{"href":"https:\/\/tucomarca.whitekongsoftware.com\/ca\/wp-json\/wp\/v2\/media?parent=92305"}],"wp:term":[{"taxonomy":"category","embeddable":true,"href":"https:\/\/tucomarca.whitekongsoftware.com\/ca\/wp-json\/wp\/v2\/categories?post=92305"},{"taxonomy":"post_tag","embeddable":true,"href":"https:\/\/tucomarca.whitekongsoftware.com\/ca\/wp-json\/wp\/v2\/tags?post=92305"}],"curies":[{"name":"wp","href":"https:\/\/api.w.org\/{rel}","templated":true}]}}