{"id":92277,"date":"2019-09-11T15:57:43","date_gmt":"2019-09-11T13:57:43","guid":{"rendered":"http:\/\/www.tucomarca.com\/wordpress\/segunda\/?p=92277"},"modified":"2019-09-11T15:57:43","modified_gmt":"2019-09-11T13:57:43","slug":"bunyol-obrira-les-portes-a-lart-del-25-al-27-doctubre-al-tercer-festival-darts-plastiques-de-par-en-part","status":"publish","type":"post","link":"https:\/\/tucomarca.whitekongsoftware.com\/ca\/bunyol-obrira-les-portes-a-lart-del-25-al-27-doctubre-al-tercer-festival-darts-plastiques-de-par-en-part\/","title":{"rendered":"Bunyol obrir\u00e0 les portes a l&#8217;art del 25 al 27 d&#8217;octubre al tercer festival d&#8217;arts pl\u00e0stiques \u00abDe Par en Part\u00bb"},"content":{"rendered":"<div class=\"page\" title=\"Page 1\">\n<div class=\"layoutArea\">\n<div class=\"column\">\n<figure id=\"attachment_92273\" aria-describedby=\"caption-attachment-92273\" style=\"width: 434px\" class=\"wp-caption alignleft\"><img loading=\"lazy\" decoding=\"async\" class=\" wp-image-92273\" src=\"http:\/\/www.tucomarca.com\/wordpress\/segunda\/wp-content\/uploads\/2019\/09\/deparenpart.jpg\" alt=\"Performance realizada en la pasada edici\u00f3n de De Par en Part.\" width=\"434\" height=\"291\" srcset=\"https:\/\/tucomarca.whitekongsoftware.com\/wp-content\/uploads\/2019\/09\/deparenpart.jpg 3872w, https:\/\/tucomarca.whitekongsoftware.com\/wp-content\/uploads\/2019\/09\/deparenpart-300x201.jpg 300w, https:\/\/tucomarca.whitekongsoftware.com\/wp-content\/uploads\/2019\/09\/deparenpart-768x514.jpg 768w, https:\/\/tucomarca.whitekongsoftware.com\/wp-content\/uploads\/2019\/09\/deparenpart-1024x685.jpg 1024w\" sizes=\"auto, (max-width: 434px) 100vw, 434px\" \/><figcaption id=\"caption-attachment-92273\" class=\"wp-caption-text\">Performance realitzada en la passada edici\u00f3 de De Par en Part.<\/figcaption><\/figure>\n<p>Ja hi ha data per a De Par en Part 2019, El festival d&#8217;art que, arribar\u00e0 aquest any la seva tercera edici\u00f3. El festival seguir\u00e0 amb el seu format de portes obertes on m\u00e9s de 50 artistes exposaran en diferents espais de Bunyol. La data ja est\u00e0 confirmada i es realitzar\u00e0 el cap de setmana del 25 al 27 d&#8217;octubre de 2019<\/p>\n<p>A m\u00e9s dels 35 espais d&#8217;exposici\u00f3 comptar\u00e0 amb tallers activitats confer\u00e8ncies, concursos i murals com afirma la direcci\u00f3 del festival, Arantxa Bonillo i Marta Guillem De Par en Part ha aconseguit en les seves dues \u00faltimes edicions fer-se un buit important no nom\u00e9s en l&#8217;agenda local sin\u00f3 tamb\u00e9 a l&#8217;agenda Val\u00e8ncia d&#8217;esdeveniments culturals.<\/p>\n<p>La primera edici\u00f3 en 2015 va ser un \u00e8xit que va ajudar a la seva consolidaci\u00f3 definitiva en 2017. L&#8217;objectiu d&#8217;aquest any\u00a0\u00e9s consolidar i millorar De Par\u00a0en Part 2019 afirma el regidor de cultura Juan Luis Pall\u00e1s<\/p>\n<p>L&#8217;organitzaci\u00f3 recorda que el festival est\u00e0 obert a tota la ciutadania i conviden els ve\u00efns a acollir artistes ia obrir les seves cases, a m\u00e9s recorden que &#8220;el ve\u00ed que estigui interessat a participar en el festival no ha d&#8217;ensenyar la casa completa, sin\u00f3 que el artista pot exposar en una \u00fanica habitaci\u00f3 i que aix\u00ed els visitants vegin nom\u00e9s en\u00e7\u00e0, que pot ser el menjador, una sala d&#8217;estar o fins i tot un bany. L&#8217;artista estar\u00e0 cuidant de la seva obra en aquest espai en els horaris establerts del festival &#8220;.<\/p>\n<p>Tens una casa a Bunyol i vols acollir un artista de De Par en Part? Vius en un barri emblem\u00e0tic poble i vols que la gent vegi el seu encant? Vols participar en una experi\u00e8ncia art\u00edstica \u00fanica a la localitat? Doncs posa&#8217;t en contacte amb l&#8217;organitzaci\u00f3!<\/p>\n<p>A m\u00e9s si ets professional o aficionat d&#8217;arts pl\u00e0stiques i disseny i vols exposar tamb\u00e9 pots posar-te en contacte amb el festival o venir a la reuni\u00f3 informativa que hi haur\u00e0 aquest divendres 10 de setembre a les 18h a l&#8217;Ajuntament de Bunyol<\/p>\n<\/div>\n<\/div>\n<\/div>\n","protected":false},"excerpt":{"rendered":"<div class=\"mh-excerpt\">Ja hi ha data per a De Par en Part 2019, El festival d&#8217;art que, arribar\u00e0 aquest any la seva tercera edici\u00f3. El festival seguir\u00e0 amb el seu format de portes obertes on m\u00e9s de <a class=\"mh-excerpt-more\" href=\"https:\/\/tucomarca.whitekongsoftware.com\/ca\/bunyol-obrira-les-portes-a-lart-del-25-al-27-doctubre-al-tercer-festival-darts-plastiques-de-par-en-part\/\" title=\"Bunyol obrir\u00e0 les portes a l&#8217;art del 25 al 27 d&#8217;octubre al tercer festival d&#8217;arts pl\u00e0stiques \u00abDe Par en Part\u00bb\">[+] <\/a><\/div>\n","protected":false},"author":2,"featured_media":92274,"comment_status":"open","ping_status":"open","sticky":false,"template":"","format":"standard","meta":{"footnotes":""},"categories":[11019,10911,10894,10912,11007,11063,10896],"tags":[11314,11782],"class_list":["post-92277","post","type-post","status-publish","format-standard","has-post-thumbnail","category-agenda-ca","category-bunol-ca","category-la-comarca-ca","category-la-hoya-ca","category-ocio-y-cultura-ca","category-pintura-ca","category-seccion-ca","tag-bunyol-ca","tag-de-par-en-part-2019-ca"],"_links":{"self":[{"href":"https:\/\/tucomarca.whitekongsoftware.com\/ca\/wp-json\/wp\/v2\/posts\/92277","targetHints":{"allow":["GET"]}}],"collection":[{"href":"https:\/\/tucomarca.whitekongsoftware.com\/ca\/wp-json\/wp\/v2\/posts"}],"about":[{"href":"https:\/\/tucomarca.whitekongsoftware.com\/ca\/wp-json\/wp\/v2\/types\/post"}],"author":[{"embeddable":true,"href":"https:\/\/tucomarca.whitekongsoftware.com\/ca\/wp-json\/wp\/v2\/users\/2"}],"replies":[{"embeddable":true,"href":"https:\/\/tucomarca.whitekongsoftware.com\/ca\/wp-json\/wp\/v2\/comments?post=92277"}],"version-history":[{"count":0,"href":"https:\/\/tucomarca.whitekongsoftware.com\/ca\/wp-json\/wp\/v2\/posts\/92277\/revisions"}],"wp:featuredmedia":[{"embeddable":true,"href":"https:\/\/tucomarca.whitekongsoftware.com\/ca\/wp-json\/wp\/v2\/media\/92274"}],"wp:attachment":[{"href":"https:\/\/tucomarca.whitekongsoftware.com\/ca\/wp-json\/wp\/v2\/media?parent=92277"}],"wp:term":[{"taxonomy":"category","embeddable":true,"href":"https:\/\/tucomarca.whitekongsoftware.com\/ca\/wp-json\/wp\/v2\/categories?post=92277"},{"taxonomy":"post_tag","embeddable":true,"href":"https:\/\/tucomarca.whitekongsoftware.com\/ca\/wp-json\/wp\/v2\/tags?post=92277"}],"curies":[{"name":"wp","href":"https:\/\/api.w.org\/{rel}","templated":true}]}}