{"id":92242,"date":"2019-09-10T16:09:12","date_gmt":"2019-09-10T14:09:12","guid":{"rendered":"http:\/\/www.tucomarca.com\/wordpress\/segunda\/?p=92242"},"modified":"2019-09-10T16:09:12","modified_gmt":"2019-09-10T14:09:12","slug":"proteccio-civil-i-emergencies-recomanen-extremar-la-precaucio-davant-larribada-dun-temporal-a-la-comunitat-valenciana","status":"publish","type":"post","link":"https:\/\/tucomarca.whitekongsoftware.com\/ca\/proteccio-civil-i-emergencies-recomanen-extremar-la-precaucio-davant-larribada-dun-temporal-a-la-comunitat-valenciana\/","title":{"rendered":"Protecci\u00f3 Civil i Emerg\u00e8ncies recomanen extremar la precauci\u00f3 davant l&#8217;arribada d&#8217;un temporal a la Comunitat Valenciana"},"content":{"rendered":"<figure id=\"attachment_92239\" aria-describedby=\"caption-attachment-92239\" style=\"width: 628px\" class=\"wp-caption alignnone\"><img loading=\"lazy\" decoding=\"async\" class=\" wp-image-92239\" src=\"http:\/\/www.tucomarca.com\/wordpress\/segunda\/wp-content\/uploads\/2019\/09\/Emergencias.jpeg\" alt=\"Se ha establecido la Preemergencia por lluvias nivel naranja en las tres provincias de la Comunitat Valenciana.\" width=\"628\" height=\"471\" srcset=\"https:\/\/tucomarca.whitekongsoftware.com\/wp-content\/uploads\/2019\/09\/Emergencias.jpeg 1600w, https:\/\/tucomarca.whitekongsoftware.com\/wp-content\/uploads\/2019\/09\/Emergencias-300x225.jpeg 300w, https:\/\/tucomarca.whitekongsoftware.com\/wp-content\/uploads\/2019\/09\/Emergencias-768x576.jpeg 768w, https:\/\/tucomarca.whitekongsoftware.com\/wp-content\/uploads\/2019\/09\/Emergencias-1024x768.jpeg 1024w\" sizes=\"auto, (max-width: 628px) 100vw, 628px\" \/><figcaption id=\"caption-attachment-92239\" class=\"wp-caption-text\">S&#8217;ha establert la Preemerg\u00e8ncia per pluges nivell taronja en les tres prov\u00edncies de la Comunitat Valenciana.<\/figcaption><\/figure>\n<p>L&#8217;Ag\u00e8ncia Valenciana de Seguretat i Resposta a les Emerg\u00e8ncies (AVSRE) ha em\u00e8s, a trav\u00e9s del Centre de Coordinaci\u00f3 d&#8217;Emerg\u00e8ncies (CCE), un av\u00eds de riscos meteorol\u00f2gics pel qual s&#8217;estableix preemerg\u00e8ncia nivell taronja per pluges a la Comunitat Valenciana i per fenomen costaner tamb\u00e9 al litoral de Castell\u00f3. Aquest episodi de pluges fortes, segons ha informat l&#8217;Ag\u00e8ncia Estatal de Meteorologia (AEMET), vindr\u00e0 acompanyat de tempestes, vent a tot el litoral i fen\u00f2mens costaners de nivell groc tamb\u00e9 al litoral de Val\u00e8ncia i Alacant.<\/p>\n<p>Aquest av\u00eds s&#8217;ha dif\u00f3s a municipis i organismes amb compet\u00e8ncies en la gesti\u00f3 d&#8217;Emerg\u00e8ncies i recorda que hauran d&#8217;activar els protocols interns i plans municipals corresponents, mitjan\u00e7ant els \u00f2rgans de coordinaci\u00f3 previstos com el Centre de Coordinaci\u00f3 Municipal (Cecopal) des del qual es dirigeix \u200b\u200bel Pla Territorial d&#8217;\u00e0mbit local coordinant l&#8217;actuaci\u00f3 dels recursos municipals.<\/p>\n<p>Com recorda el secretari auton\u00f2mic de Seguretat i Emerg\u00e8ncies, Jos\u00e9 Mar\u00eda \u00c1ngel, &#8220;\u00e9s important que els organismes i municipis mantinguin la necess\u00e0ria atenci\u00f3 i seguiment de tots els avisos que emeti durant aquests dies el Centre de Coordinaci\u00f3 d&#8217;Emerg\u00e8ncies de la Generalitat amb la finalitat de activar amb antelaci\u00f3 els seus protocols d&#8217;actuaci\u00f3 i d&#8217;establir les pertinents mesures preventives en els seus respectius \u00e0mbits. Tal com ha indicat, s&#8217;aconsella extremar la precauci\u00f3 en aquells municipis amb risc alt o mitj\u00e0 d&#8217;inundacions, especialment en les proximitats de rius i barrancs &#8221; .<\/p>\n<p>El Centre de Coordinaci\u00f3 d&#8217;Emerg\u00e8ncies vol traslladar a la poblaci\u00f3 que aquest episodi es caracteritzar\u00e0 per la persist\u00e8ncia i extensi\u00f3 de les precipitacions, que pugui arribar en alguns casos a quantitats acumulades importants.<\/p>\n<p><strong>Refor\u00e7 de la sala d&#8217;atenci\u00f3 de trucades 112<\/strong><\/p>\n<p>El director de l&#8217;Ag\u00e8ncia Valenciana de Seguretat i Resposta les Emerg\u00e8ncies Jos\u00e9 Mar\u00eda \u00c1ngel ha assenyalat que &#8220;des que comencen els primers avisos per part de l&#8217;Ag\u00e8ncia Estatal de Meteorologia i, seguint sempre el que marquen els t\u00e8cnics, es realitza un seguiment de l&#8217;evoluci\u00f3 de l&#8217;episodi per ajustar els mitjans que hagin d&#8217;intervenir i atendre la poblaci\u00f3 &#8220;. \u00c0ngel ha fet en aquest sentit una crida a tota la poblaci\u00f3 i ha insistit en la import\u00e0ncia d&#8217;adoptar mesures de precauci\u00f3 i evitar les situacions de risc.<\/p>\n<p><strong>Consells a la poblaci\u00f3<\/strong><\/p>\n<p>&#8211; Quan es notifiqui una preemerg\u00e8ncia, cal procurar estar informat de l&#8217;evoluci\u00f3 de la situaci\u00f3 a trav\u00e9s dels mitjans de comunicaci\u00f3, seguir fonts oficials i no difondre rumors que incrementin l&#8217;alarma<\/p>\n<p>&#8211; Cal allunyar-se de les riberes dels rius i barrancs. No romanguis en els ponts.<\/p>\n<p>&#8211; Es recomana informar-se de la situaci\u00f3 abans d&#8217;iniciar un viatge. Circula preferentment per carreteres principals i autopistes. Utilitza el vehicle nom\u00e9s si \u00e9s imprescindible.<\/p>\n<p>&#8211; No intentar mai creuar un gual o un lloc inundat.<\/p>\n<p>&#8211; Retira els vehicles de les zones que puguin inundar-se.<\/p>\n<p>Per a millor informaci\u00f3, tamb\u00e9 es pot consultar la web de l&#8217;1 \u00b7 1 \u00b7 2 CV www.112cv.gva.es i el compte de twitter @ GVA112. En cas de produir incid\u00e8ncies importants en qualsevol municipi, es recorda als responsables municipals que han d&#8217;informar el Centre de Coordinaci\u00f3 d&#8217;Emerg\u00e8ncies pels canals habituals o mitjan\u00e7ant el tel\u00e8fon d&#8217;emerg\u00e8ncies 1 \u00b7 1 \u00b7 2 Comunitat Valenciana.<\/p>\n<p>Alerta per pluges molt intenses<\/p>\n<p>La Direcci\u00f3 General de Protecci\u00f3 Civil i Emerg\u00e8ncies del Ministeri de l&#8217;Interior, d&#8217;acord amb les prediccions de l&#8217;Ag\u00e8ncia Estatal de Meteorologia (AEMET), alerta per pluges molt intenses i fortes tempestes a l&#8217;\u00e0rea Mediterr\u00e0nia durant els propers dies.<\/p>\n<p>El despla\u00e7ament de la DANA (Depressi\u00f3 A\u00efllada en Nivells Alts) cap al sud-est peninsular, fa que les precipitacions m\u00e9s intenses es concentrin en la jornada d&#8217;avui a les illes Balears, on s&#8217;esperen acumulacions de fins a 50 l \/ m2 en una hora, i que dem\u00e0 s&#8217;estenguin tamb\u00e9 a altres punts de l&#8217;est peninsular, especialment a la Comunitat Valenciana, Catalunya, Regi\u00f3 de M\u00farcia i est de Castella-la Manxa i Andalusia.<\/p>\n<p>A m\u00e9s, s&#8217;esperen vents forts, tant en terra com en les costes, en nombrosos punts de la Pen\u00ednsula, Balears, Ceuta i Melilla.<\/p>\n<p><strong>recomanacions<\/strong><\/p>\n<p><strong>Davant pluges intenses<\/strong><\/p>\n<p>Si va conduint, disminueixi la velocitat, extremeu les precaucions i no s&#8217;aturi en zones on pugui disc\u00f3rrer gran quantitat d&#8217;aigua.<br \/>\nSi ha de viatjar, procureu circular preferentment per carreteres principals i autopistes.<br \/>\nEn cas de tempestes sobtades i pluges intenses, s&#8217;ha de tenir en compte el lloc on s&#8217;aparquen els vehicles. El r\u00e0pid ascens del nivell de les aig\u00fces pot danyar els vehicles aparcats sobre zones inundables i, a m\u00e9s, arrossegar-los, provocant danys a b\u00e9ns aliens i fins i tot obstaculitzar el flux natural del corrent.<br \/>\nSi comen\u00e7a a ploure de manera torrencial, pensi que hi ha risc d&#8217;inundaci\u00f3. No travessi amb el seu vehicle ni a peu, els trams inundats, perqu\u00e8 desconeix el que pot haver sota l&#8217;aigua i localitzeu els punts m\u00e9s alts de la zona. No intenti salvar el seu autom\u00f2bil enmig d&#8217;una inundaci\u00f3.<br \/>\nSi es troba al camp, cal allunyar-se dels rius, torrents i zones baixes de vessants i turons, evitant travessar guals inundats. Igualment, ha de dirigir-se als punts m\u00e9s alts de la zona.<br \/>\nEl dif\u00edcil pron\u00f2stic dels fen\u00f2mens tempestuosos aconsella mantenir-se informat en tot moment de la possible evoluci\u00f3 dels canvis meteorol\u00f2gics.<br \/>\nDavant el risc de tempeste.<\/p>\n<p>El perill de les tempestes per a les persones es produeix, fonamentalment, en camp obert. No obstant aix\u00f2, en els nuclis urbans tamb\u00e9 hi ha perill de caiguda de llamps, pel que \u00e9s convenient col\u00b7locar-se prop dels edificis per protegir-se. En els habitatges s&#8217;aconsella evitar els corrents d&#8217;aire. Si va conduint, un vehicle tancat pot ser un bon refugi.<\/p>\n<p>Si la tempesta el sorpr\u00e8n al camp, eviti c\u00f3rrer i romandre en llocs elevats, com els alts dels turons, carenes o divis\u00f2ries. No es refugi\u00ef sota els arbres i allunyeu-vos de filats i objectes met\u00e0l\u00b7lics<\/p>\n<p><strong>Davant vents costaners<\/strong><\/p>\n<p>Si es troba en zones mar\u00edtimes, procuri allunyar-se de la platja i d&#8217;altres llocs baixos que puguin ser afectats per les elevades marees i onatges que solen generar-se davant la intensitat de vents forts.<\/p>\n<p>Es recomana evitar estacionar els vehicles en zones que es puguin veure afectades per l&#8217;onatge.<\/p>\n<p>En aquestes situacions, el mar adquireix condicions extraordin\u00e0ries i pot arrossegar si es troba en les proximitats del mar.<\/p>\n<p>No posi en risc la seva vida davant les imatges espectaculars del fort onatge.<\/p>\n<p><strong>Davant forts vents<\/strong><\/p>\n<p>Conv\u00e9 assegurar portes, finestres i tots aquells objectes que puguin caure a la via p\u00fablica i allunyar-se de cornises, arbres, murs o edificacions en construcci\u00f3 o grues que puguin desprendre. Tamb\u00e9, conv\u00e9 abstenir-se de pujar a les bastides sense les adequades mesures de protecci\u00f3.<\/p>\n<p>Si va conduint, extremi les precaucions, especialment a la sortida de t\u00fanels, avan\u00e7aments i encreuament amb vehicles pesats en carreteres de doble sentit. Pareu atenci\u00f3 davant la possible pres\u00e8ncia d&#8217;obstacles a la carretera.<\/p>\n","protected":false},"excerpt":{"rendered":"<div class=\"mh-excerpt\">L&#8217;Ag\u00e8ncia Valenciana de Seguretat i Resposta a les Emerg\u00e8ncies (AVSRE) ha em\u00e8s, a trav\u00e9s del Centre de Coordinaci\u00f3 d&#8217;Emerg\u00e8ncies (CCE), un av\u00eds de riscos meteorol\u00f2gics pel qual s&#8217;estableix preemerg\u00e8ncia nivell taronja per pluges a la <a class=\"mh-excerpt-more\" href=\"https:\/\/tucomarca.whitekongsoftware.com\/ca\/proteccio-civil-i-emergencies-recomanen-extremar-la-precaucio-davant-larribada-dun-temporal-a-la-comunitat-valenciana\/\" title=\"Protecci\u00f3 Civil i Emerg\u00e8ncies recomanen extremar la precauci\u00f3 davant l&#8217;arribada d&#8217;un temporal a la Comunitat Valenciana\">[+] <\/a><\/div>\n","protected":false},"author":1,"featured_media":92240,"comment_status":"open","ping_status":"open","sticky":false,"template":"","format":"standard","meta":{"footnotes":""},"categories":[10898,10948,10894,10904,10903,10896,10897],"tags":[11722],"class_list":["post-92242","post","type-post","status-publish","format-standard","has-post-thumbnail","category-ventana-ca","category-infraestructuras-ca","category-la-comarca-ca","category-sin-categorizar-ca","category-medio-ambiente-la-comarca-ca","category-seccion-ca","category-sucesos-la-comarca-ca","tag-emergencies"],"_links":{"self":[{"href":"https:\/\/tucomarca.whitekongsoftware.com\/ca\/wp-json\/wp\/v2\/posts\/92242","targetHints":{"allow":["GET"]}}],"collection":[{"href":"https:\/\/tucomarca.whitekongsoftware.com\/ca\/wp-json\/wp\/v2\/posts"}],"about":[{"href":"https:\/\/tucomarca.whitekongsoftware.com\/ca\/wp-json\/wp\/v2\/types\/post"}],"author":[{"embeddable":true,"href":"https:\/\/tucomarca.whitekongsoftware.com\/ca\/wp-json\/wp\/v2\/users\/1"}],"replies":[{"embeddable":true,"href":"https:\/\/tucomarca.whitekongsoftware.com\/ca\/wp-json\/wp\/v2\/comments?post=92242"}],"version-history":[{"count":0,"href":"https:\/\/tucomarca.whitekongsoftware.com\/ca\/wp-json\/wp\/v2\/posts\/92242\/revisions"}],"wp:featuredmedia":[{"embeddable":true,"href":"https:\/\/tucomarca.whitekongsoftware.com\/ca\/wp-json\/wp\/v2\/media\/92240"}],"wp:attachment":[{"href":"https:\/\/tucomarca.whitekongsoftware.com\/ca\/wp-json\/wp\/v2\/media?parent=92242"}],"wp:term":[{"taxonomy":"category","embeddable":true,"href":"https:\/\/tucomarca.whitekongsoftware.com\/ca\/wp-json\/wp\/v2\/categories?post=92242"},{"taxonomy":"post_tag","embeddable":true,"href":"https:\/\/tucomarca.whitekongsoftware.com\/ca\/wp-json\/wp\/v2\/tags?post=92242"}],"curies":[{"name":"wp","href":"https:\/\/api.w.org\/{rel}","templated":true}]}}