{"id":92233,"date":"2019-09-09T21:49:58","date_gmt":"2019-09-09T19:49:58","guid":{"rendered":"http:\/\/www.tucomarca.com\/wordpress\/segunda\/?p=92233"},"modified":"2019-09-09T21:49:58","modified_gmt":"2019-09-09T19:49:58","slug":"fotogaleria-or-i-plata-per-al-club-de-gimnastica-ritmica-bunyol-turis-valls-dels-alcalans-a-alacant","status":"publish","type":"post","link":"https:\/\/tucomarca.whitekongsoftware.com\/ca\/fotogaleria-or-i-plata-per-al-club-de-gimnastica-ritmica-bunyol-turis-valls-dels-alcalans-a-alacant\/","title":{"rendered":"Fotogaleria: Or i Plata per al Club de Gimn\u00e0stica R\u00edtmica Bunyol Tur\u00eds-Valls dels Alcalans a Alacant"},"content":{"rendered":"<figure id=\"attachment_92230\" aria-describedby=\"caption-attachment-92230\" style=\"width: 559px\" class=\"wp-caption alignnone\"><img loading=\"lazy\" decoding=\"async\" class=\" wp-image-92230\" src=\"http:\/\/www.tucomarca.com\/wordpress\/segunda\/wp-content\/uploads\/2019\/09\/Gimnastas06.jpg\" alt=\"Las j\u00f3venes gimnastas del club.\" width=\"559\" height=\"419\" srcset=\"https:\/\/tucomarca.whitekongsoftware.com\/wp-content\/uploads\/2019\/09\/Gimnastas06.jpg 4000w, https:\/\/tucomarca.whitekongsoftware.com\/wp-content\/uploads\/2019\/09\/Gimnastas06-300x225.jpg 300w, https:\/\/tucomarca.whitekongsoftware.com\/wp-content\/uploads\/2019\/09\/Gimnastas06-768x576.jpg 768w, https:\/\/tucomarca.whitekongsoftware.com\/wp-content\/uploads\/2019\/09\/Gimnastas06-1024x768.jpg 1024w\" sizes=\"auto, (max-width: 559px) 100vw, 559px\" \/><figcaption id=\"caption-attachment-92230\" class=\"wp-caption-text\">Las j\u00f3venes gimnastas del club.<\/figcaption><\/figure>\n<p>El Club de Gimn\u00e0stica R\u00edtmica Bunyol Tur\u00eds-Valls dels Alcalans ha comen\u00e7at la temporada de conjunts \u00abi despr\u00e9s d&#8217;un mes de vacances, podem dir amb orgull que sembla que la feina comen\u00e7a a donar els seus fruits\u00bb, com han informat des de l&#8217;entitat esportiva.<\/p>\n<p>Despr\u00e9s un calor\u00f3s mat\u00ed a la ciutat d&#8217;Alacant gaudint del II Torneig de R\u00edtmica Alacant els resultats han estat els seg\u00fcents: \u00abOr en Conjunt Juvenil. Les nostres grans han demostrat que amb treball dur, esfor\u00e7 i sobretot molta il\u00b7lusi\u00f3 es pot arribar on vulguin. Les nostres noies han aconseguit formar un grup de grans gimnastes i amigues que comparteixen aquesta passi\u00f3 \u00bb.<\/p>\n<p>A m\u00e9s de plata en Conjunt Benjam\u00ed: \u00abLes nostres menuts s&#8217;estrenen amb l&#8217;aparell, 5 pilotes, i han demostrat que s\u00f3n capa\u00e7os de molt m\u00e9s amb treball i const\u00e0ncia. D\u00f3na gust veure-les gaudir en el tap\u00eds al so de la m\u00fasica de la meravellosa pel\u00b7l\u00edcula Mary Poppins &#8220;, han afegit des del club. El cos t\u00e8cnic vol animar Neus Castell, infantil de copa base, \u00abperqu\u00e8 en la seg\u00fcent competici\u00f3 aconsegueixi controlar els nervis i mostrar el bonica que est\u00e0 amb la cinta\u00bb.<\/p>\n<p>La setmana que ve participaran en un altre trofeu nacional a la ciutat de Val\u00e8ncia.<\/p>\n<div id='gallery-1' class='gallery galleryid-92233 gallery-columns-3 gallery-size-medium'><figure class='gallery-item'>\n\t\t\t<div class='gallery-icon landscape'>\n\t\t\t\t<a href='https:\/\/tucomarca.whitekongsoftware.com\/ca\/fotogaleria-or-i-plata-per-al-club-de-gimnastica-ritmica-bunyol-turis-valls-dels-alcalans-a-alacant\/gimnastas04-2\/'><img loading=\"lazy\" decoding=\"async\" width=\"300\" height=\"225\" src=\"https:\/\/tucomarca.whitekongsoftware.com\/wp-content\/uploads\/2019\/09\/Gimnastas04-300x225.jpg\" class=\"attachment-medium size-medium\" alt=\"\" srcset=\"https:\/\/tucomarca.whitekongsoftware.com\/wp-content\/uploads\/2019\/09\/Gimnastas04-300x225.jpg 300w, https:\/\/tucomarca.whitekongsoftware.com\/wp-content\/uploads\/2019\/09\/Gimnastas04-768x576.jpg 768w, https:\/\/tucomarca.whitekongsoftware.com\/wp-content\/uploads\/2019\/09\/Gimnastas04-1024x768.jpg 1024w\" sizes=\"auto, (max-width: 300px) 100vw, 300px\" \/><\/a>\n\t\t\t<\/div><\/figure><figure class='gallery-item'>\n\t\t\t<div class='gallery-icon landscape'>\n\t\t\t\t<a href='https:\/\/tucomarca.whitekongsoftware.com\/ca\/fotogaleria-or-i-plata-per-al-club-de-gimnastica-ritmica-bunyol-turis-valls-dels-alcalans-a-alacant\/gimnastas06-2\/'><img loading=\"lazy\" decoding=\"async\" width=\"300\" height=\"225\" src=\"https:\/\/tucomarca.whitekongsoftware.com\/wp-content\/uploads\/2019\/09\/Gimnastas06-300x225.jpg\" class=\"attachment-medium size-medium\" alt=\"Las j\u00f3venes gimnastas del club.\" aria-describedby=\"gallery-1-92231\" srcset=\"https:\/\/tucomarca.whitekongsoftware.com\/wp-content\/uploads\/2019\/09\/Gimnastas06-300x225.jpg 300w, https:\/\/tucomarca.whitekongsoftware.com\/wp-content\/uploads\/2019\/09\/Gimnastas06-768x576.jpg 768w, https:\/\/tucomarca.whitekongsoftware.com\/wp-content\/uploads\/2019\/09\/Gimnastas06-1024x768.jpg 1024w\" sizes=\"auto, (max-width: 300px) 100vw, 300px\" \/><\/a>\n\t\t\t<\/div>\n\t\t\t\t<figcaption class='wp-caption-text gallery-caption' id='gallery-1-92231'>\n\t\t\t\tLas j\u00f3venes gimnastas del club.\n\t\t\t\t<\/figcaption><\/figure><figure class='gallery-item'>\n\t\t\t<div class='gallery-icon landscape'>\n\t\t\t\t<a href='https:\/\/tucomarca.whitekongsoftware.com\/ca\/fotogaleria-or-i-plata-per-al-club-de-gimnastica-ritmica-bunyol-turis-valls-dels-alcalans-a-alacant\/gimnastas05-2\/'><img loading=\"lazy\" decoding=\"async\" width=\"300\" height=\"225\" src=\"https:\/\/tucomarca.whitekongsoftware.com\/wp-content\/uploads\/2019\/09\/Gimnastas05-300x225.jpg\" class=\"attachment-medium size-medium\" alt=\"\" srcset=\"https:\/\/tucomarca.whitekongsoftware.com\/wp-content\/uploads\/2019\/09\/Gimnastas05-300x225.jpg 300w, https:\/\/tucomarca.whitekongsoftware.com\/wp-content\/uploads\/2019\/09\/Gimnastas05-768x576.jpg 768w, https:\/\/tucomarca.whitekongsoftware.com\/wp-content\/uploads\/2019\/09\/Gimnastas05-1024x768.jpg 1024w\" sizes=\"auto, (max-width: 300px) 100vw, 300px\" \/><\/a>\n\t\t\t<\/div><\/figure><figure class='gallery-item'>\n\t\t\t<div class='gallery-icon landscape'>\n\t\t\t\t<a href='https:\/\/tucomarca.whitekongsoftware.com\/ca\/fotogaleria-or-i-plata-per-al-club-de-gimnastica-ritmica-bunyol-turis-valls-dels-alcalans-a-alacant\/gimnastas03-2\/'><img loading=\"lazy\" decoding=\"async\" width=\"300\" height=\"225\" src=\"https:\/\/tucomarca.whitekongsoftware.com\/wp-content\/uploads\/2019\/09\/Gimnastas03-300x225.jpg\" class=\"attachment-medium size-medium\" alt=\"\" srcset=\"https:\/\/tucomarca.whitekongsoftware.com\/wp-content\/uploads\/2019\/09\/Gimnastas03-300x225.jpg 300w, https:\/\/tucomarca.whitekongsoftware.com\/wp-content\/uploads\/2019\/09\/Gimnastas03-768x576.jpg 768w, https:\/\/tucomarca.whitekongsoftware.com\/wp-content\/uploads\/2019\/09\/Gimnastas03-1024x768.jpg 1024w\" sizes=\"auto, (max-width: 300px) 100vw, 300px\" \/><\/a>\n\t\t\t<\/div><\/figure><figure class='gallery-item'>\n\t\t\t<div class='gallery-icon landscape'>\n\t\t\t\t<a href='https:\/\/tucomarca.whitekongsoftware.com\/ca\/fotogaleria-or-i-plata-per-al-club-de-gimnastica-ritmica-bunyol-turis-valls-dels-alcalans-a-alacant\/gimnastas02-2\/'><img loading=\"lazy\" decoding=\"async\" width=\"300\" height=\"225\" src=\"https:\/\/tucomarca.whitekongsoftware.com\/wp-content\/uploads\/2019\/09\/Gimnastas02-300x225.jpg\" class=\"attachment-medium size-medium\" alt=\"\" srcset=\"https:\/\/tucomarca.whitekongsoftware.com\/wp-content\/uploads\/2019\/09\/Gimnastas02-300x225.jpg 300w, https:\/\/tucomarca.whitekongsoftware.com\/wp-content\/uploads\/2019\/09\/Gimnastas02-768x576.jpg 768w, https:\/\/tucomarca.whitekongsoftware.com\/wp-content\/uploads\/2019\/09\/Gimnastas02-1024x768.jpg 1024w\" sizes=\"auto, (max-width: 300px) 100vw, 300px\" \/><\/a>\n\t\t\t<\/div><\/figure><figure class='gallery-item'>\n\t\t\t<div class='gallery-icon landscape'>\n\t\t\t\t<a href='https:\/\/tucomarca.whitekongsoftware.com\/ca\/fotogaleria-or-i-plata-per-al-club-de-gimnastica-ritmica-bunyol-turis-valls-dels-alcalans-a-alacant\/gimnastas01-2\/'><img loading=\"lazy\" decoding=\"async\" width=\"300\" height=\"225\" src=\"https:\/\/tucomarca.whitekongsoftware.com\/wp-content\/uploads\/2019\/09\/Gimnastas01-300x225.jpg\" class=\"attachment-medium size-medium\" alt=\"\" srcset=\"https:\/\/tucomarca.whitekongsoftware.com\/wp-content\/uploads\/2019\/09\/Gimnastas01-300x225.jpg 300w, https:\/\/tucomarca.whitekongsoftware.com\/wp-content\/uploads\/2019\/09\/Gimnastas01-768x576.jpg 768w, https:\/\/tucomarca.whitekongsoftware.com\/wp-content\/uploads\/2019\/09\/Gimnastas01-1024x768.jpg 1024w\" sizes=\"auto, (max-width: 300px) 100vw, 300px\" \/><\/a>\n\t\t\t<\/div><\/figure>\n\t\t<\/div>\n\n<p>&nbsp;<\/p>\n","protected":false},"excerpt":{"rendered":"<div class=\"mh-excerpt\">El Club de Gimn\u00e0stica R\u00edtmica Bunyol Tur\u00eds-Valls dels Alcalans ha comen\u00e7at la temporada de conjunts \u00abi despr\u00e9s d&#8217;un mes de vacances, podem dir amb orgull que sembla que la feina comen\u00e7a a donar els seus <a class=\"mh-excerpt-more\" href=\"https:\/\/tucomarca.whitekongsoftware.com\/ca\/fotogaleria-or-i-plata-per-al-club-de-gimnastica-ritmica-bunyol-turis-valls-dels-alcalans-a-alacant\/\" title=\"Fotogaleria: Or i Plata per al Club de Gimn\u00e0stica R\u00edtmica Bunyol Tur\u00eds-Valls dels Alcalans a Alacant\">[+] <\/a><\/div>\n","protected":false},"author":1,"featured_media":92231,"comment_status":"open","ping_status":"open","sticky":false,"template":"","format":"standard","meta":{"footnotes":""},"categories":[10911,11003,10904,10912,10902,11009,10896,11047],"tags":[11314,11264],"class_list":["post-92233","post","type-post","status-publish","format-standard","has-post-thumbnail","category-bunol-ca","category-sports","category-sin-categorizar-ca","category-la-hoya-ca","category-la-ribera-ca","category-polideportivo-ca","category-seccion-ca","category-turis-ca","tag-bunyol-ca","tag-esports-ca"],"_links":{"self":[{"href":"https:\/\/tucomarca.whitekongsoftware.com\/ca\/wp-json\/wp\/v2\/posts\/92233","targetHints":{"allow":["GET"]}}],"collection":[{"href":"https:\/\/tucomarca.whitekongsoftware.com\/ca\/wp-json\/wp\/v2\/posts"}],"about":[{"href":"https:\/\/tucomarca.whitekongsoftware.com\/ca\/wp-json\/wp\/v2\/types\/post"}],"author":[{"embeddable":true,"href":"https:\/\/tucomarca.whitekongsoftware.com\/ca\/wp-json\/wp\/v2\/users\/1"}],"replies":[{"embeddable":true,"href":"https:\/\/tucomarca.whitekongsoftware.com\/ca\/wp-json\/wp\/v2\/comments?post=92233"}],"version-history":[{"count":0,"href":"https:\/\/tucomarca.whitekongsoftware.com\/ca\/wp-json\/wp\/v2\/posts\/92233\/revisions"}],"wp:featuredmedia":[{"embeddable":true,"href":"https:\/\/tucomarca.whitekongsoftware.com\/ca\/wp-json\/wp\/v2\/media\/92231"}],"wp:attachment":[{"href":"https:\/\/tucomarca.whitekongsoftware.com\/ca\/wp-json\/wp\/v2\/media?parent=92233"}],"wp:term":[{"taxonomy":"category","embeddable":true,"href":"https:\/\/tucomarca.whitekongsoftware.com\/ca\/wp-json\/wp\/v2\/categories?post=92233"},{"taxonomy":"post_tag","embeddable":true,"href":"https:\/\/tucomarca.whitekongsoftware.com\/ca\/wp-json\/wp\/v2\/tags?post=92233"}],"curies":[{"name":"wp","href":"https:\/\/api.w.org\/{rel}","templated":true}]}}