{"id":92168,"date":"2019-09-09T18:07:08","date_gmt":"2019-09-09T16:07:08","guid":{"rendered":"http:\/\/www.tucomarca.com\/wordpress\/segunda\/?p=92168"},"modified":"2019-09-09T18:07:08","modified_gmt":"2019-09-09T16:07:08","slug":"bon-paper-dels-pilots-bunolenses-en-el-campionat-dmx-motodes-de-lalcora","status":"publish","type":"post","link":"https:\/\/tucomarca.whitekongsoftware.com\/ca\/bon-paper-dels-pilots-bunolenses-en-el-campionat-dmx-motodes-de-lalcora\/","title":{"rendered":"Bon paper dels pilots bu\u00f1olenses en el Campionat d&#8217;MX MotoDes de l&#8217;Alcora"},"content":{"rendered":"<p>Diumenge passat es va celebrar a la localitat de l&#8217;Alcora la prova de Motocr\u00f2s del campionat MotoDes de la Federaci\u00f3 Valenciana de Motociclisme. Un circuit molt dur on els pilots de MX 50 no disputen carreres per la seva seguretat davant el dif\u00edcil tra\u00e7at de l&#8217;Alcora.<\/p>\n<p>Els que s\u00ed que van competir en aquesta prova van ser els pilots de MX 65 i 85, on estan integrats dos joves promeses de Bunyol: en la categoria de MX 65 tenim a Vicente Galarza Agustina &#8220;Vin 34&#8221;, que va poder lluitar per aconseguir puntuar en les dues m\u00e0nigues, quedant cinqu\u00e8 i sis\u00e8 respectivament amb el que mant\u00e9 la seva tercera posici\u00f3 de la taula general amb 235 punts en total. I \u00d3scar Gin\u00e9s Mart\u00ednez va disputar tamb\u00e9 aquesta prova en la categoria de MX 65 per seguir agafant-li el pols i acabar entre els 10 primers, segueix en la taula general en la posici\u00f3 onzena el que est\u00e0 molt b\u00e9 en ser el pilot m\u00e9s jove de la categoria .<\/p>\n<p>A falta de dues proves el company de Vin 34, Jaume Ballester Fern\u00e1ndez, va disputar en MX 85 dues bones carreres finalitzant en segona i sisena pla\u00e7a, aquesta \u00faltima per trencament del fre del darrere per\u00f2 que el mantenen en la cinquena posici\u00f3 de la general. Esperem que conclogui aquest campionat amb els pilots de l&#8217;Hoya el m\u00e9s amunt en aquest dif\u00edcil esport per als petits-grans pilots de Bunyol. Informa, Elio Zan\u00f3n.<\/p>\n","protected":false},"excerpt":{"rendered":"<div class=\"mh-excerpt\">Diumenge passat es va celebrar a la localitat de l&#8217;Alcora la prova de Motocr\u00f2s del campionat MotoDes de la Federaci\u00f3 Valenciana de Motociclisme. Un circuit molt dur on els pilots de MX 50 no disputen <a class=\"mh-excerpt-more\" href=\"https:\/\/tucomarca.whitekongsoftware.com\/ca\/bon-paper-dels-pilots-bunolenses-en-el-campionat-dmx-motodes-de-lalcora\/\" title=\"Bon paper dels pilots bu\u00f1olenses en el Campionat d&#8217;MX MotoDes de l&#8217;Alcora\">[+] <\/a><\/div>\n","protected":false},"author":1,"featured_media":85654,"comment_status":"open","ping_status":"open","sticky":false,"template":"","format":"standard","meta":{"footnotes":""},"categories":[10911,11003,10912,11011,10896],"tags":[11778,11074,11264],"class_list":["post-92168","post","type-post","status-publish","format-standard","has-post-thumbnail","category-bunol-ca","category-sports","category-la-hoya-ca","category-motociclismo-ca","category-seccion-ca","tag-deoportes-ca","tag-deportes-ca","tag-esports-ca"],"_links":{"self":[{"href":"https:\/\/tucomarca.whitekongsoftware.com\/ca\/wp-json\/wp\/v2\/posts\/92168","targetHints":{"allow":["GET"]}}],"collection":[{"href":"https:\/\/tucomarca.whitekongsoftware.com\/ca\/wp-json\/wp\/v2\/posts"}],"about":[{"href":"https:\/\/tucomarca.whitekongsoftware.com\/ca\/wp-json\/wp\/v2\/types\/post"}],"author":[{"embeddable":true,"href":"https:\/\/tucomarca.whitekongsoftware.com\/ca\/wp-json\/wp\/v2\/users\/1"}],"replies":[{"embeddable":true,"href":"https:\/\/tucomarca.whitekongsoftware.com\/ca\/wp-json\/wp\/v2\/comments?post=92168"}],"version-history":[{"count":0,"href":"https:\/\/tucomarca.whitekongsoftware.com\/ca\/wp-json\/wp\/v2\/posts\/92168\/revisions"}],"wp:featuredmedia":[{"embeddable":true,"href":"https:\/\/tucomarca.whitekongsoftware.com\/ca\/wp-json\/wp\/v2\/media\/85654"}],"wp:attachment":[{"href":"https:\/\/tucomarca.whitekongsoftware.com\/ca\/wp-json\/wp\/v2\/media?parent=92168"}],"wp:term":[{"taxonomy":"category","embeddable":true,"href":"https:\/\/tucomarca.whitekongsoftware.com\/ca\/wp-json\/wp\/v2\/categories?post=92168"},{"taxonomy":"post_tag","embeddable":true,"href":"https:\/\/tucomarca.whitekongsoftware.com\/ca\/wp-json\/wp\/v2\/tags?post=92168"}],"curies":[{"name":"wp","href":"https:\/\/api.w.org\/{rel}","templated":true}]}}