{"id":92153,"date":"2019-09-09T14:14:31","date_gmt":"2019-09-09T12:14:31","guid":{"rendered":"http:\/\/www.tucomarca.com\/wordpress\/segunda\/?p=92153"},"modified":"2019-09-09T14:14:31","modified_gmt":"2019-09-09T12:14:31","slug":"la-guardia-civil-dete-a-requena-a-un-home-per-sostreure-un-camio-articulat-amb-mes-de-70-000-euros-en-mercaderia","status":"publish","type":"post","link":"https:\/\/tucomarca.whitekongsoftware.com\/ca\/la-guardia-civil-dete-a-requena-a-un-home-per-sostreure-un-camio-articulat-amb-mes-de-70-000-euros-en-mercaderia\/","title":{"rendered":"La Gu\u00e0rdia Civil det\u00e9 a Requena a un home per sostreure un cami\u00f3 articulat amb m\u00e9s de 70.000 euros en mercaderia"},"content":{"rendered":"<figure id=\"attachment_92150\" aria-describedby=\"caption-attachment-92150\" style=\"width: 467px\" class=\"wp-caption alignleft\"><img loading=\"lazy\" decoding=\"async\" class=\" wp-image-92150\" src=\"http:\/\/www.tucomarca.com\/wordpress\/segunda\/wp-content\/uploads\/2019\/09\/CamionRequenaGC.jpg\" alt=\"Agentes del Subsector de Tr\u00e1fico de la Guardia Civil de Valencia han detenido a un var\u00f3n de 30 a\u00f1os al poco tiempo de sustraer un cami\u00f3n articulado en el t\u00e9rmino municipal de RIba-roja.\" width=\"467\" height=\"350\" srcset=\"https:\/\/tucomarca.whitekongsoftware.com\/wp-content\/uploads\/2019\/09\/CamionRequenaGC.jpg 1024w, https:\/\/tucomarca.whitekongsoftware.com\/wp-content\/uploads\/2019\/09\/CamionRequenaGC-300x225.jpg 300w, https:\/\/tucomarca.whitekongsoftware.com\/wp-content\/uploads\/2019\/09\/CamionRequenaGC-768x576.jpg 768w\" sizes=\"auto, (max-width: 467px) 100vw, 467px\" \/><figcaption id=\"caption-attachment-92150\" class=\"wp-caption-text\">Agents del Subsector de Tr\u00e0nsit de la Gu\u00e0rdia Civil de Val\u00e8ncia han detingut un home de 30 anys al poc temps de sostreure un cami\u00f3 articulat al terme municipal de Riba-roja.<\/figcaption><\/figure>\n<p>Sobre les 20:45 hores d&#8217;aquest diumenge, un dispositiu compost per patrulles del Subsector de Tr\u00e0nsit i de la Comand\u00e0ncia de la Gu\u00e0rdia Civil de Val\u00e8ncia es van coordinar per a la detenci\u00f3 d&#8217;un conductor d&#8217;un cami\u00f3 articulat que pr\u00e8viament havia estat robat a l&#8217;\u00e0rea de servei del quil\u00f2metre 340 de l&#8217;autovia de A3 a Riba-roja.<\/p>\n<p>L&#8217;efic\u00e0cia de les forces de seguretat de la Gu\u00e0rdia Civil de Val\u00e8ncia va donar com a resultat que pocs minuts despr\u00e9s es proced\u00eds a interceptar el cami\u00f3 i posterior detenci\u00f3 del conductor del vehicle al quil\u00f2metre 283 de l&#8217;A3 de la localitat de Requena.<\/p>\n<p>&#8220;Realitzada la primera inspecci\u00f3 ocular, el vehicle presentava trencament del pany de la porta dreta i for\u00e7at el barret fort d&#8217;arrencada amb el pont realitzat per posar la seva posada en marxa, contenint a l&#8217;interior del semiremolc una mercaderia valorada en m\u00e9s de 70.000 euros segons el propietari del vehicle &#8220;, segons fonts de la Comand\u00e0ncia de la Gu\u00e0rdia Civil de Val\u00e8ncia.<\/p>\n<p>Forces del Subsector de Tr\u00e0nsit de la Gu\u00e0rdia Civil de Val\u00e8ncia van procedir a la detenci\u00f3 d&#8217;un home de 30 anys d&#8217;edat i nacionalitat espanyola per tres presumptes delictes: un de robatori i \u00fas de vehicle a motor, un altre de robatori amb for\u00e7a en les coses i un altre de seguretat vi\u00e0ria per conduir un vehicle de motor amb la perduda de vig\u00e8ncia de l&#8217;autoritzaci\u00f3 administrativa per p\u00e8rdua total dels punts assignats.<\/p>\n<p>El detingut tamb\u00e9 tenia dos assenyalaments de detenci\u00f3, un per tr\u00e0fic de drogues i un altre per un delicte de maltractaments en l&#8217;\u00e0mbit familiar. El detingut ha estat posat a disposici\u00f3 de l&#8217;autoritat judicial de Requena n\u00famero 1.<\/p>\n","protected":false},"excerpt":{"rendered":"<div class=\"mh-excerpt\">Sobre les 20:45 hores d&#8217;aquest diumenge, un dispositiu compost per patrulles del Subsector de Tr\u00e0nsit i de la Comand\u00e0ncia de la Gu\u00e0rdia Civil de Val\u00e8ncia es van coordinar per a la detenci\u00f3 d&#8217;un conductor d&#8217;un <a class=\"mh-excerpt-more\" href=\"https:\/\/tucomarca.whitekongsoftware.com\/ca\/la-guardia-civil-dete-a-requena-a-un-home-per-sostreure-un-camio-articulat-amb-mes-de-70-000-euros-en-mercaderia\/\" title=\"La Gu\u00e0rdia Civil det\u00e9 a Requena a un home per sostreure un cami\u00f3 articulat amb m\u00e9s de 70.000 euros en mercaderia\">[+] <\/a><\/div>\n","protected":false},"author":1,"featured_media":92151,"comment_status":"open","ping_status":"open","sticky":false,"template":"","format":"standard","meta":{"footnotes":""},"categories":[10892,10898,10894,10908,10909,10906,10896,10897],"tags":[10899,10910,11102],"class_list":["post-92153","post","type-post","status-publish","format-standard","has-post-thumbnail","category-camp-de-turia-ca","category-ventana-ca","category-la-comarca-ca","category-requena-ca","category-requena-utiel-ca","category-riba-roja-ca","category-seccion-ca","category-sucesos-la-comarca-ca","tag-camp-de-turia-ca","tag-requena-utiel-ca","tag-riba-roja-2-ca"],"_links":{"self":[{"href":"https:\/\/tucomarca.whitekongsoftware.com\/ca\/wp-json\/wp\/v2\/posts\/92153","targetHints":{"allow":["GET"]}}],"collection":[{"href":"https:\/\/tucomarca.whitekongsoftware.com\/ca\/wp-json\/wp\/v2\/posts"}],"about":[{"href":"https:\/\/tucomarca.whitekongsoftware.com\/ca\/wp-json\/wp\/v2\/types\/post"}],"author":[{"embeddable":true,"href":"https:\/\/tucomarca.whitekongsoftware.com\/ca\/wp-json\/wp\/v2\/users\/1"}],"replies":[{"embeddable":true,"href":"https:\/\/tucomarca.whitekongsoftware.com\/ca\/wp-json\/wp\/v2\/comments?post=92153"}],"version-history":[{"count":0,"href":"https:\/\/tucomarca.whitekongsoftware.com\/ca\/wp-json\/wp\/v2\/posts\/92153\/revisions"}],"wp:featuredmedia":[{"embeddable":true,"href":"https:\/\/tucomarca.whitekongsoftware.com\/ca\/wp-json\/wp\/v2\/media\/92151"}],"wp:attachment":[{"href":"https:\/\/tucomarca.whitekongsoftware.com\/ca\/wp-json\/wp\/v2\/media?parent=92153"}],"wp:term":[{"taxonomy":"category","embeddable":true,"href":"https:\/\/tucomarca.whitekongsoftware.com\/ca\/wp-json\/wp\/v2\/categories?post=92153"},{"taxonomy":"post_tag","embeddable":true,"href":"https:\/\/tucomarca.whitekongsoftware.com\/ca\/wp-json\/wp\/v2\/tags?post=92153"}],"curies":[{"name":"wp","href":"https:\/\/api.w.org\/{rel}","templated":true}]}}