{"id":92120,"date":"2019-09-09T14:47:18","date_gmt":"2019-09-09T12:47:18","guid":{"rendered":"http:\/\/www.tucomarca.com\/wordpress\/segunda\/?p=92120"},"modified":"2019-09-09T14:47:18","modified_gmt":"2019-09-09T12:47:18","slug":"especialistes-de-manises-llancen-una-serie-de-consells-per-ajudar-els-pares-i-mares-en-la-tornada-a-lescola","status":"publish","type":"post","link":"https:\/\/tucomarca.whitekongsoftware.com\/ca\/especialistes-de-manises-llancen-una-serie-de-consells-per-ajudar-els-pares-i-mares-en-la-tornada-a-lescola\/","title":{"rendered":"Especialistes de Manises llancen una s\u00e8rie de consells per ajudar els pares i mares en la tornada a l&#8217;escola"},"content":{"rendered":"<figure id=\"attachment_92112\" aria-describedby=\"caption-attachment-92112\" style=\"width: 417px\" class=\"wp-caption alignleft\"><img loading=\"lazy\" decoding=\"async\" class=\" wp-image-92112\" src=\"http:\/\/www.tucomarca.com\/wordpress\/segunda\/wp-content\/uploads\/2019\/09\/PED_Vuelta_cole.jpg\" alt=\"\u200bEspecialistas de Manises lanzan una serie de consejos para ayudar a los padres y madres en la vuelta al cole.\" width=\"417\" height=\"417\" srcset=\"https:\/\/tucomarca.whitekongsoftware.com\/wp-content\/uploads\/2019\/09\/PED_Vuelta_cole.jpg 1080w, https:\/\/tucomarca.whitekongsoftware.com\/wp-content\/uploads\/2019\/09\/PED_Vuelta_cole-290x290.jpg 290w, https:\/\/tucomarca.whitekongsoftware.com\/wp-content\/uploads\/2019\/09\/PED_Vuelta_cole-300x300.jpg 300w, https:\/\/tucomarca.whitekongsoftware.com\/wp-content\/uploads\/2019\/09\/PED_Vuelta_cole-768x768.jpg 768w, https:\/\/tucomarca.whitekongsoftware.com\/wp-content\/uploads\/2019\/09\/PED_Vuelta_cole-1024x1024.jpg 1024w, https:\/\/tucomarca.whitekongsoftware.com\/wp-content\/uploads\/2019\/09\/PED_Vuelta_cole-50x50.jpg 50w\" sizes=\"auto, (max-width: 417px) 100vw, 417px\" \/><figcaption id=\"caption-attachment-92112\" class=\"wp-caption-text\">\u200bEspecialistes de Manises llancen una s\u00e8rie de consells per ajudar els pares i mares en la tornada a l&#8217;escola.<\/figcaption><\/figure>\n<p><strong>L&#8217;anticipaci\u00f3 positiva cap al xiquet, l&#8217;estructuraci\u00f3 d&#8217;horaris o no introduir canvis en la vida del menor en aquestes dates s\u00f3n alguns dels consells per facilitar l&#8217;adaptaci\u00f3 a l&#8217;escola<\/strong><\/p>\n<p><strong>Una incorrecta adaptaci\u00f3 a l&#8217;escola infantil influeix en la socialitzaci\u00f3 i aprenentatge dels\u00a0xiquets<\/strong><\/p>\n<p><strong>Des del centre assenyalen que l&#8217;adaptaci\u00f3 no es produeix nom\u00e9s en els menors sin\u00f3 tamb\u00e9 en els progenitors que han de transmetre confian\u00e7a i tranquil\u00b7litat als seus fills durant aquest per\u00edode<\/strong><\/p>\n<p>L&#8217;entrada del xiquet\u00a0a l&#8217;Escola Infantil suposa per a ell un important canvi: implica la sortida del m\u00f3n familiar, un entorn conegut en el qual se li proporciona seguretat i protecci\u00f3 i on el nen ocupa un paper principal. No obstant aix\u00f2, aquesta transici\u00f3 cap a un espai desconegut, a ritmes i rutines noves i a nous companys i adults ha de ser abordada pels pares d&#8217;una manera tranquil\u00b7la i confiada, ja que d&#8217;aix\u00f2 dep\u00e8n l&#8217;\u00e8xit d&#8217;aquest proc\u00e9s. Aix\u00ed ho han advertit neuropsic\u00f2logues i logopedes Hospital de Manises que assenyalen que &#8220;la forma en com es resol aquest per\u00edode t\u00e9 transcend\u00e8ncia en el futur proc\u00e9s de socialitzaci\u00f3 i aprenentatge del nen, pel que \u00e9s de vital import\u00e0ncia prestar-li una atenci\u00f3 acurada&#8221;.<\/p>\n<p>Els pares han de saber enfrontar-se a les &#8220;ruptures&#8221; que suposa la incorporaci\u00f3 del seu fill al centre educatiu i per aix\u00f2, des de l&#8217;Hospital de Manises s&#8217;ha elaborat un seguit d&#8217;indicacions dirigides a pares i mares de menors d&#8217;1 a 3 anys a el que se&#8217;ls donen consells i recomanacions per assimilar tant els avantatges com els inconvenients d&#8217;aquest proc\u00e9s. &#8220;La separaci\u00f3 de l&#8217;\u00e0mbit familiar permet al menor adquirir i consolidar la seua autonomia personal i grau de socialitzaci\u00f3, pilars b\u00e0sics per a l&#8217;estructuraci\u00f3 de la seva personalitat i aix\u00f2 \u00e9s un gran avantatge, encara que hagi pares i mares als quals els costi separar dels seus fills&#8221; , ha apuntat Mar\u00eda Motos, neuropsic\u00f2loga a la Unitat de Neurorehabilitaci\u00f3 Infantil.<\/p>\n<p><strong>Una adaptaci\u00f3 tamb\u00e9 per als pares<\/strong><\/p>\n<p><img loading=\"lazy\" decoding=\"async\" class=\"alignleft wp-image-92117\" src=\"http:\/\/www.tucomarca.com\/wordpress\/segunda\/wp-content\/uploads\/2019\/09\/Infografia_vueltaalcole2.jpg\" alt=\"\" width=\"420\" height=\"420\" srcset=\"https:\/\/tucomarca.whitekongsoftware.com\/wp-content\/uploads\/2019\/09\/Infografia_vueltaalcole2.jpg 1080w, https:\/\/tucomarca.whitekongsoftware.com\/wp-content\/uploads\/2019\/09\/Infografia_vueltaalcole2-290x290.jpg 290w, https:\/\/tucomarca.whitekongsoftware.com\/wp-content\/uploads\/2019\/09\/Infografia_vueltaalcole2-300x300.jpg 300w, https:\/\/tucomarca.whitekongsoftware.com\/wp-content\/uploads\/2019\/09\/Infografia_vueltaalcole2-768x768.jpg 768w, https:\/\/tucomarca.whitekongsoftware.com\/wp-content\/uploads\/2019\/09\/Infografia_vueltaalcole2-1024x1024.jpg 1024w, https:\/\/tucomarca.whitekongsoftware.com\/wp-content\/uploads\/2019\/09\/Infografia_vueltaalcole2-50x50.jpg 50w\" sizes=\"auto, (max-width: 420px) 100vw, 420px\" \/><\/p>\n<p>Les principals manifestacions dels petits contraris a acudir a l&#8217;escola infantil es presenten en forma de plor, desesperaci\u00f3 o resignaci\u00f3. En aquest cas s\u00f3n nens que participen en les activitats de l&#8217;aula per\u00f2 no s&#8217;integren pel que a casa a m\u00e9s es comporten de manera agressiva. Tamb\u00e9 en ocasions s&#8217;alteren els ritmes de la son o el petit deixa de menjar. &#8220;Els pares han de saber amb antelaci\u00f3 que aquestes reaccions s\u00f3n normals i que amb el temps passaran, per la qual cosa han d&#8217;estar preparats per a aquest proc\u00e9s de transici\u00f3 que tamb\u00e9 els afectar\u00e0 a ells&#8221;. Temors, expectatives, ansietat i inseguretat s\u00f3n comuns en els progenitors i han d&#8217;evitar transmetre-als seus fills. Confiar en el centre educatiu i en el personal \u00e9s clau per afrontar aquest per\u00edode amb garanties.<\/p>\n<p>Per exemple, \u00e9s important l&#8217;anticipaci\u00f3 positiva, de manera que els especialistes recomanen que els nens coneguin el centre escolar abans del primer dia d&#8217;escola, o que se&#8217;ls expliqui els nous amics que van a fer o que els pares lliurin i recullin als seus fills amb actitud positiva. Tamb\u00e9 apunten que \u00e9s s&#8217;estructurin els horaris els dies anteriors a la seva entrada per adaptar-los al escolar.<\/p>\n<p>En l\u00ednies generals aconsellen no actuar amb inseguretat, dubte o culpabilitat; no introduir canvis en la vida del menor, com canviar-li d&#8217;habitaci\u00f3, comen\u00e7ar a dormir sol o llevar-li el bolquer en aquest temps, no allargar els comiats i, en la mesura del possible, que sigui el pare o la mare qui reculli l&#8217;infant a l&#8217;escola. Els especialistes del Departament de Salut de Manises tamb\u00e9 aconsellen als pares que evitin que els educadors hagin de &#8220;llevar&#8221; als xiquets\u00a0o compensar-los amb regals.<\/p>\n","protected":false},"excerpt":{"rendered":"<div class=\"mh-excerpt\">L&#8217;anticipaci\u00f3 positiva cap al xiquet, l&#8217;estructuraci\u00f3 d&#8217;horaris o no introduir canvis en la vida del menor en aquestes dates s\u00f3n alguns dels consells per facilitar l&#8217;adaptaci\u00f3 a l&#8217;escola Una incorrecta adaptaci\u00f3 a l&#8217;escola infantil influeix <a class=\"mh-excerpt-more\" href=\"https:\/\/tucomarca.whitekongsoftware.com\/ca\/especialistes-de-manises-llancen-una-serie-de-consells-per-ajudar-els-pares-i-mares-en-la-tornada-a-lescola\/\" title=\"Especialistes de Manises llancen una s\u00e8rie de consells per ajudar els pares i mares en la tornada a l&#8217;escola\">[+] <\/a><\/div>\n","protected":false},"author":2,"featured_media":92113,"comment_status":"open","ping_status":"open","sticky":false,"template":"","format":"standard","meta":{"footnotes":""},"categories":[11010,10898,10894,10912,10902,10896,11047],"tags":[11092],"class_list":["post-92120","post","type-post","status-publish","format-standard","has-post-thumbnail","category-canal-salud","category-ventana-ca","category-la-comarca-ca","category-la-hoya-ca","category-la-ribera-ca","category-seccion-ca","category-turis-ca","tag-hospital-de-manises-ca"],"_links":{"self":[{"href":"https:\/\/tucomarca.whitekongsoftware.com\/ca\/wp-json\/wp\/v2\/posts\/92120","targetHints":{"allow":["GET"]}}],"collection":[{"href":"https:\/\/tucomarca.whitekongsoftware.com\/ca\/wp-json\/wp\/v2\/posts"}],"about":[{"href":"https:\/\/tucomarca.whitekongsoftware.com\/ca\/wp-json\/wp\/v2\/types\/post"}],"author":[{"embeddable":true,"href":"https:\/\/tucomarca.whitekongsoftware.com\/ca\/wp-json\/wp\/v2\/users\/2"}],"replies":[{"embeddable":true,"href":"https:\/\/tucomarca.whitekongsoftware.com\/ca\/wp-json\/wp\/v2\/comments?post=92120"}],"version-history":[{"count":0,"href":"https:\/\/tucomarca.whitekongsoftware.com\/ca\/wp-json\/wp\/v2\/posts\/92120\/revisions"}],"wp:featuredmedia":[{"embeddable":true,"href":"https:\/\/tucomarca.whitekongsoftware.com\/ca\/wp-json\/wp\/v2\/media\/92113"}],"wp:attachment":[{"href":"https:\/\/tucomarca.whitekongsoftware.com\/ca\/wp-json\/wp\/v2\/media?parent=92120"}],"wp:term":[{"taxonomy":"category","embeddable":true,"href":"https:\/\/tucomarca.whitekongsoftware.com\/ca\/wp-json\/wp\/v2\/categories?post=92120"},{"taxonomy":"post_tag","embeddable":true,"href":"https:\/\/tucomarca.whitekongsoftware.com\/ca\/wp-json\/wp\/v2\/tags?post=92120"}],"curies":[{"name":"wp","href":"https:\/\/api.w.org\/{rel}","templated":true}]}}